{"id":23326,"date":"2010-06-01T07:25:18","date_gmt":"2010-06-01T04:25:18","guid":{"rendered":"http:\/\/www.korhanyilmaz.com\/?p=23326"},"modified":"2010-06-01T07:25:18","modified_gmt":"2010-06-01T04:25:18","slug":"peres-askerlerimiz-kendini-savundu","status":"publish","type":"post","link":"http:\/\/www.korhanyilmaz.com\/?p=23326","title":{"rendered":"Peres: &#8220;Askerlerimiz kendini savundu&#8221;"},"content":{"rendered":"<p style=\"text-align: center;\"><a href=\"http:\/\/www.korhanyilmaz.com\/wp-content\/uploads\/2010\/06\/perez.jpg\"  class=\"lightview\"><img loading=\"lazy\" decoding=\"async\" class=\"aligncenter size-full wp-image-23327\" src=\"http:\/\/www.korhanyilmaz.com\/wp-content\/uploads\/2010\/06\/perez.jpg\" alt=\"\" width=\"307\" height=\"236\" \/><\/a><\/p>\n<p style=\"text-align: justify;\">\u0130srail Cumhurba\u015fkan\u0131 \u015eimon Peres, \u0130srail ordusunun Gazze&#8217;ye yard\u0131m gemilerine sald\u0131r\u0131s\u0131nda meydana gelen can kay\u0131plar\u0131yla ilgili olarak, filonun organizat\u00f6rlerini su\u00e7lad\u0131. <!--more--><\/p>\n<p style=\"text-align: justify;\">\u0130srail Cumhurba\u015fkan\u0131, &#8220;Marmara gemisindeki yolcular\u0131n \u0130srail ordusu askerlerine kar\u015f\u0131 uygulad\u0131\u011f\u0131 \u015fiddet nedeniyle askerlerin kendilerini savunmak durumunda kald\u0131klar\u0131n\u0131&#8221; iddia etti.<\/p>\n<p style=\"text-align: justify;\">Peres, can kay\u0131plar\u0131n\u0131n sorumlulu\u011funun filonun organizat\u00f6rlerinde oldu\u011funu ifade edip, filonun t\u00fcm amac\u0131n\u0131n &#8220;insani yard\u0131m de\u011fil, provokasyon \u00e7\u0131karmak&#8221; oldu\u011funu da \u00f6ne s\u00fcrd\u00fc.<\/p>\n<p style=\"text-align: justify;\">\u0130srail Cumhurba\u015fkan\u0131 Peres, &#8220;demokratik bir bir \u00fclke olarak \u0130srail&#8217;in kendi vatanda\u015flar\u0131n\u0131 korumakla y\u00fck\u00fcml\u00fc oldu\u011funu, kontrol edilmeden gemilerin ve i\u00e7erisindeki y\u00fcklerin Gazze&#8217;ye g\u00f6nderilmesine de izin veremeyece\u011fini&#8221; ifadeederek, provokatif ama\u00e7l\u0131 bu gemi yolculu\u011funun, ter\u00f6r yolunu benimseyen Hamas&#8217;a destek anlam\u0131na geldi\u011fini iddia etti.<\/p>\n<p style=\"text-align: justify;\"><strong>Lieberman: &#8220;El\u00e7imizi geri \u00e7a\u011f\u0131rma gibi bir niyetim yok&#8221; <\/strong><\/p>\n<p style=\"text-align: justify;\">\u00d6te yandan \u0130srail D\u0131\u015fi\u015fleri Bakan\u0131 Avigdor Lieberman, Ynet sitesine yapt\u0131\u011f\u0131 a\u00e7\u0131klamada, son geli\u015fmelere ve Ankara&#8217;n\u0131n Tel Aviv&#8217;deki B\u00fcy\u00fckel\u00e7isini geri \u00e7a\u011f\u0131rmas\u0131na kar\u015f\u0131n, ayn\u0131 \u015fekilde davranmay\u0131 d\u00fc\u015f\u00fcnmedi\u011fini s\u00f6yledi.<\/p>\n<p style=\"text-align: justify;\">Lieberman, &#8220;T\u00fcrkiye&#8217;nin karar\u0131na ra\u011fmen, B\u00fcy\u00fckel\u00e7i Gabi Levi&#8217;yi \u00e7a\u011f\u0131rmak gibi bir niyetim yok&#8221; dedi ve ikili ili\u015fkilerdeki gerginli\u011fi daha fazla t\u0131rmand\u0131rmak niyetinde olmad\u0131\u011f\u0131n\u0131 s\u00f6yledi.<\/p>\n<p style=\"text-align: justify;\">\u0130srail D\u0131\u015fi\u015fleri Bakan\u0131 Lieberman, yine de son olay\u0131n yans\u0131malar\u0131n\u0131n uzun bir s\u00fcre daha hissedilece\u011fini belirterek, &#8220;\u0130stikrar\u0131 korumak i\u00e7in, T\u00fcrkiye ile ortak bir zemin bulma amac\u0131nday\u0131z&#8221; dedi.<\/p>\n<p style=\"text-align: justify;\"><span style=\"color: #888888;\">CNN T\u00dcRK<\/span><\/p>\n","protected":false},"excerpt":{"rendered":"<p style=\"text-align: center;\">\n<p style=\"text-align: justify;\">\u0130srail Cumhurba\u015fkan\u0131 \u015eimon Peres, \u0130srail ordusunun Gazze&#8217;ye yard\u0131m gemilerine sald\u0131r\u0131s\u0131nda meydana gelen can kay\u0131plar\u0131yla ilgili olarak, filonun organizat\u00f6rlerini su\u00e7lad\u0131. <\/p>\n","protected":false},"author":1,"featured_media":0,"comment_status":"open","ping_status":"closed","sticky":false,"template":"","format":"standard","meta":{"footnotes":""},"categories":[3],"tags":[],"class_list":["post-23326","post","type-post","status-publish","format-standard","hentry","category-dunya","odd"],"_links":{"self":[{"href":"http:\/\/www.korhanyilmaz.com\/index.php?rest_route=\/wp\/v2\/posts\/23326","targetHints":{"allow":["GET"]}}],"collection":[{"href":"http:\/\/www.korhanyilmaz.com\/index.php?rest_route=\/wp\/v2\/posts"}],"about":[{"href":"http:\/\/www.korhanyilmaz.com\/index.php?rest_route=\/wp\/v2\/types\/post"}],"author":[{"embeddable":true,"href":"http:\/\/www.korhanyilmaz.com\/index.php?rest_route=\/wp\/v2\/users\/1"}],"replies":[{"embeddable":true,"href":"http:\/\/www.korhanyilmaz.com\/index.php?rest_route=%2Fwp%2Fv2%2Fcomments&post=23326"}],"version-history":[{"count":0,"href":"http:\/\/www.korhanyilmaz.com\/index.php?rest_route=\/wp\/v2\/posts\/23326\/revisions"}],"wp:attachment":[{"href":"http:\/\/www.korhanyilmaz.com\/index.php?rest_route=%2Fwp%2Fv2%2Fmedia&parent=23326"}],"wp:term":[{"taxonomy":"category","embeddable":true,"href":"http:\/\/www.korhanyilmaz.com\/index.php?rest_route=%2Fwp%2Fv2%2Fcategories&post=23326"},{"taxonomy":"post_tag","embeddable":true,"href":"http:\/\/www.korhanyilmaz.com\/index.php?rest_route=%2Fwp%2Fv2%2Ftags&post=23326"}],"curies":[{"name":"wp","href":"https:\/\/api.w.org\/{rel}","templated":true}]}}