{"id":23300,"date":"2010-05-31T15:18:00","date_gmt":"2010-05-31T12:18:00","guid":{"rendered":"http:\/\/www.korhanyilmaz.com\/?p=23300"},"modified":"2010-05-31T15:18:00","modified_gmt":"2010-05-31T12:18:00","slug":"almanya-cumhurbaskani-horst-kohler-istifa-etti","status":"publish","type":"post","link":"http:\/\/www.korhanyilmaz.com\/?p=23300","title":{"rendered":"Almanya Cumhurba\u015fkan\u0131 Horst K\u00f6hler istifa etti."},"content":{"rendered":"<p style=\"text-align: center;\"><a href=\"http:\/\/www.korhanyilmaz.com\/wp-content\/uploads\/2010\/06\/032.jpg\"  class=\"lightview\"><img loading=\"lazy\" decoding=\"async\" class=\"aligncenter size-full wp-image-23301\" src=\"http:\/\/www.korhanyilmaz.com\/wp-content\/uploads\/2010\/06\/032.jpg\" alt=\"\" width=\"369\" height=\"246\" \/><\/a><\/p>\n<p style=\"text-align: justify;\">Almanya Cumhurba\u015fkan\u0131 Horst K\u00f6hler istifa etti\u011fini duyurdu.<\/p>\n<p style=\"text-align: justify;\">K\u00f6hler Berlin&#8217;de yapt\u0131\u011f\u0131 a\u00e7\u0131klamada, istifa karar\u0131na gerek\u00e7e olarak, Almanya&#8217;n\u0131n Afganistan&#8217;daki misyonu ile ilgili sarf etti\u011fi s\u00f6zlere y\u00f6nelik ele\u015ftirileri g\u00f6sterdi. <!--more--><\/p>\n<p style=\"text-align: justify;\">K\u00f6hler Almanya genelinde k\u0131zg\u0131nl\u0131k uyand\u0131ran a\u00e7\u0131klamas\u0131nda, askeri birliklerin Almanya&#8217;n\u0131n ekonomik \u00e7\u0131karlar\u0131 i\u00e7in de hizmet vermesi gerekti\u011fini s\u00f6ylemi\u015fti. A\u00e7\u0131klamas\u0131n\u0131n tepki \u00e7ekmesi \u00fczerine K\u00f6hler, yanl\u0131\u015f anla\u015f\u0131ld\u0131\u011f\u0131n\u0131, &#8216;ekonomik \u00e7\u0131karlara hizmet etmesi gereken birlikler&#8217; ile Afganistan&#8217;daki birlikleri de\u011fil, Somali&#8217;deki korsanlarla m\u00fccadele eden birlikleri kastetti\u011fini s\u00f6ylemi\u015fti.<\/p>\n<p style=\"text-align: justify;\"><a href=\"http:\/\/www.ntvmsnbc.com\/id\/25101334\/\" target=\"_blank\"><span style=\"color: #888888;\">ntvmsnbc ve Ajanslar<\/span><\/a><\/p>\n","protected":false},"excerpt":{"rendered":"<p style=\"text-align: center;\">\n<p style=\"text-align: justify;\">Almanya Cumhurba\u015fkan\u0131 Horst K\u00f6hler istifa etti\u011fini duyurdu.<\/p>\n<p style=\"text-align: justify;\">K\u00f6hler Berlin&#8217;de yapt\u0131\u011f\u0131 a\u00e7\u0131klamada, istifa karar\u0131na gerek\u00e7e olarak, Almanya&#8217;n\u0131n Afganistan&#8217;daki misyonu ile ilgili sarf etti\u011fi s\u00f6zlere y\u00f6nelik ele\u015ftirileri g\u00f6sterdi. <\/p>\n","protected":false},"author":1,"featured_media":0,"comment_status":"open","ping_status":"closed","sticky":false,"template":"","format":"standard","meta":{"footnotes":""},"categories":[3],"tags":[],"class_list":["post-23300","post","type-post","status-publish","format-standard","hentry","category-dunya","odd"],"_links":{"self":[{"href":"http:\/\/www.korhanyilmaz.com\/index.php?rest_route=\/wp\/v2\/posts\/23300","targetHints":{"allow":["GET"]}}],"collection":[{"href":"http:\/\/www.korhanyilmaz.com\/index.php?rest_route=\/wp\/v2\/posts"}],"about":[{"href":"http:\/\/www.korhanyilmaz.com\/index.php?rest_route=\/wp\/v2\/types\/post"}],"author":[{"embeddable":true,"href":"http:\/\/www.korhanyilmaz.com\/index.php?rest_route=\/wp\/v2\/users\/1"}],"replies":[{"embeddable":true,"href":"http:\/\/www.korhanyilmaz.com\/index.php?rest_route=%2Fwp%2Fv2%2Fcomments&post=23300"}],"version-history":[{"count":0,"href":"http:\/\/www.korhanyilmaz.com\/index.php?rest_route=\/wp\/v2\/posts\/23300\/revisions"}],"wp:attachment":[{"href":"http:\/\/www.korhanyilmaz.com\/index.php?rest_route=%2Fwp%2Fv2%2Fmedia&parent=23300"}],"wp:term":[{"taxonomy":"category","embeddable":true,"href":"http:\/\/www.korhanyilmaz.com\/index.php?rest_route=%2Fwp%2Fv2%2Fcategories&post=23300"},{"taxonomy":"post_tag","embeddable":true,"href":"http:\/\/www.korhanyilmaz.com\/index.php?rest_route=%2Fwp%2Fv2%2Ftags&post=23300"}],"curies":[{"name":"wp","href":"https:\/\/api.w.org\/{rel}","templated":true}]}}