{"id":23280,"date":"2010-05-31T23:02:43","date_gmt":"2010-05-31T20:02:43","guid":{"rendered":"http:\/\/www.korhanyilmaz.com\/?p=23280"},"modified":"2010-05-31T23:02:43","modified_gmt":"2010-05-31T20:02:43","slug":"davutoglu-bm-guvenlik-konseyinde-konustu","status":"publish","type":"post","link":"http:\/\/www.korhanyilmaz.com\/?p=23280","title":{"rendered":"Davuto\u011flu BM G\u00fcvenlik Konseyi&#8217;nde konu\u015ftu"},"content":{"rendered":"<p style=\"text-align: center;\"><a href=\"http:\/\/www.korhanyilmaz.com\/wp-content\/uploads\/2010\/05\/DAVUTOGLU2.jpg\"  class=\"lightview\"><img loading=\"lazy\" decoding=\"async\" class=\"aligncenter size-full wp-image-23281\" src=\"http:\/\/www.korhanyilmaz.com\/wp-content\/uploads\/2010\/05\/DAVUTOGLU2.jpg\" alt=\"\" width=\"307\" height=\"236\" \/><\/a><\/p>\n<p style=\"text-align: justify;\">BM G\u00fcvenlik Konseyi, T\u00fcrkiye&#8217;nin talebi \u00fczerine, \u0130srail&#8217;in Gazze&#8217;ye yard\u0131m g\u00f6t\u00fcren gemilere sald\u0131rmas\u0131n\u0131n ard\u0131ndan acil olarak topland\u0131. Konseyde bir konu\u015fma yapan Davuto\u011flu, \u0130srail&#8217;in kabul edilemez hareketinin ard\u0131ndan uluslararas\u0131 bir soru\u015fturma a\u00e7\u0131lmas\u0131, gemilerin derhal serbest b\u0131rak\u0131lmas\u0131n\u0131 istedi.<!--more--><\/p>\n<p style=\"text-align: justify;\">Toplant\u0131n\u0131n kapal\u0131 dan\u0131\u015fmalar\u0131n\u0131n ard\u0131ndan bas\u0131na a\u00e7\u0131k d\u00fczenlenen resmi toplant\u0131s\u0131nda T\u00fcrkiye&#8217;yi D\u0131\u015fi\u015fleri Bakan\u0131 Ahmet Davuto\u011flu temsil etti.<\/p>\n<p style=\"text-align: justify;\">D\u0131\u015fi\u015fleri Bakan\u0131 Ahmet Davuto\u011flu, \u0130srail&#8217;in Gazze&#8217;ye yard\u0131m g\u00f6t\u00fcren gemilere sald\u0131rmas\u0131n\u0131n ard\u0131ndan uluslararas\u0131 toplumdan, sald\u0131r\u0131da \u00f6len ve yaralananlar\u0131n ailelerinden \u00f6z\u00fcr dilemesi gerekti\u011fini belirtti.<\/p>\n<p style=\"text-align: justify;\">T\u00fcrkiye&#8217;nin talebiyle ola\u011fan\u00fcst\u00fc toplanan BM G\u00fcvenlik Konseyi&#8217;nde konu\u015fma yapan Davuto\u011flu, \u0130srail&#8217;in kabul edilemez bu hareketinin ard\u0131ndan uluslararas\u0131 bir soru\u015fturma a\u00e7\u0131lmas\u0131, gemilerin derhal serbest b\u0131rak\u0131larak Gazze&#8217;ye ta\u015f\u0131d\u0131klar\u0131 yard\u0131mlar\u0131 ula\u015ft\u0131rmalar\u0131na izin verilmesi ve \u0130srail&#8217;in Gazze&#8217;deki ablukaya son verilmesi gerekti\u011fini s\u00f6yledi.<\/p>\n<p style=\"text-align: justify;\">Davuto\u011flu, &#8220;Bar\u0131\u015f ve istikrar\u0131n gelece\u011fi darbe ald\u0131. \u0130srail i\u015fledi\u011fi su\u00e7un hesab\u0131n\u0131 vermek zorundad\u0131r. \u0130srail uluslararas\u0131 toplumdan \u00f6z\u00fcr dilemek zorunda. Derhal bir sorgulama ba\u015flat\u0131lmak zorunda. Bu sald\u0131r\u0131n\u0131n faillerinin cezaland\u0131r\u0131lmas\u0131 gerekiyor. \u0130srail halk\u0131 da yanl\u0131\u015f yap\u0131ld\u0131\u011f\u0131n\u0131 \u0130srail h\u00fck\u00fcmetine g\u00f6stermeli. Ter\u00f6ristlerle devlet aras\u0131ndaki \u00e7izgi kalkt\u0131&#8221; dedi.<\/p>\n<p style=\"text-align: justify;\">D\u0131\u015fi\u015fleri Bakan\u0131 Davuto\u011flu, \u0130srail&#8217;in Gazze&#8217;ye yard\u0131m g\u00f6t\u00fcren gemilere sald\u0131rmas\u0131n\u0131n son derece \u00fcz\u00fcc\u00fc ve trajik bir olay oldu\u011funu, \u0130srail&#8217;in BM&#8217;nin kurulmas\u0131n\u0131n ard\u0131ndan yerle\u015fen t\u00fcm de\u011ferleri tamamen hi\u00e7e sayan son derece ciddi bir su\u00e7 i\u015fledi\u011fini ifade etti.<\/p>\n<p style=\"text-align: justify;\">\u0130srail&#8217;in savunma g\u00fc\u00e7lerinin uluslararas\u0131 sularda Gazze&#8217;ye insani yard\u0131m ta\u015f\u0131yan \u00e7okuluslu ve tamamen sivil bir g\u00fcce sald\u0131rd\u0131\u011f\u0131n\u0131, olay\u0131n k\u0131y\u0131ya 72 deniz mili uzakl\u0131kta meydana geldi\u011fini, \u0130srail g\u00fc\u00e7lerinin sivilleri yaralay\u0131p \u00f6ld\u00fcrd\u00fc\u011f\u00fcn\u00fc, bunun uluslararas\u0131 hukukun ciddi ihlali oldu\u011funu belirtti.<\/p>\n<p style=\"text-align: justify;\">\u0130srail&#8217;in yapt\u0131\u011f\u0131n\u0131n haydutluk ve korsanl\u0131k oldu\u011funu belirten Davuto\u011flu, bunun &#8220;devlet taraf\u0131ndan i\u015flenmi\u015f bir cinayet oldu\u011funu&#8221; s\u00f6yledi.<\/p>\n<p style=\"text-align: justify;\">Davuto\u011flu, bu duruma bir gerek\u00e7e g\u00f6sterilemeyece\u011fini, bunun hi\u00e7bir gerek\u00e7esi, yasall\u0131\u011f\u0131 olamayaca\u011f\u0131n\u0131 belirtti\u011fi konu\u015fmas\u0131nda, &#8220;Bu t\u00fcr bir yol izleyen devlet, uluslararas\u0131 toplumda me\u015fruiyetini kaybetmi\u015ftir&#8221; dedi.<\/p>\n<p style=\"text-align: justify;\">Gemilerde 32 \u00fclkenin yakla\u015f\u0131k 600 vatanda\u015f\u0131 oldu\u011funa dikkati \u00e7eken Davuto\u011flu, \u0130srail&#8217;in hukuku hi\u00e7e sayarak, Gazze&#8217;de ba\u015fta \u00e7ocuklar olmak \u00fczere zor ko\u015fullarda, abluka alt\u0131nda ya\u015fayan insanlara insani yard\u0131m ta\u015f\u0131yan gemiye sald\u0131rd\u0131\u011f\u0131n\u0131 kaydetti.<\/p>\n<p style=\"text-align: justify;\">Davuto\u011flu bu yard\u0131mlar aras\u0131nda \u00e7ocuklara oyun alan\u0131, e\u011fitim malzemesi, s\u00fct tozu, t\u0131bbi malzemeler bulundu\u011funu, Gazze&#8217;de \u00e7ocuklar\u0131n ne kalacak d\u00fczg\u00fcn yerleri oldu\u011funu ne e\u011fitim g\u00f6rebildiklerini ne de geleceklerinin oldu\u011funu s\u00f6yledi.<\/p>\n<p style=\"text-align: justify;\">Gemilerin \u0130srail&#8217;e bir tehdit olmad\u0131\u011f\u0131n\u0131 belirten Davuto\u011flu, &#8220;\u0130srail&#8217;in elinde kan var&#8221; dedi.<\/p>\n<p style=\"text-align: justify;\"><strong>&#8220;Barbarl\u0131\u011f\u0131 canl\u0131 olarak g\u00f6rd\u00fck&#8221;<\/strong><\/p>\n<p style=\"text-align: justify;\">D\u0131\u015fi\u015fleri Bakan\u0131 Davuto\u011flu, L\u00fcbnan&#8217;\u0131n d\u00f6nem ba\u015fkanl\u0131\u011f\u0131n\u0131 yapt\u0131\u011f\u0131 ve T\u00fcrkiye&#8217;nin talebi \u00fczerine acil olarak d\u00fczenlenen BM G\u00fcvenlik Konseyi toplant\u0131s\u0131nda yapt\u0131\u011f\u0131 konu\u015fmada, uluslararas\u0131 toplumun Gazze&#8217;deki trajediye y\u0131llard\u0131r tan\u0131kl\u0131k yapt\u0131\u011f\u0131n\u0131 ve harekete ge\u00e7medi\u011fini belirterek, &#8220;Bug\u00fcn insani yard\u0131m\u0131n cezaland\u0131r\u0131ld\u0131\u011f\u0131 bir barbarl\u0131\u011f\u0131 canl\u0131 olarak g\u00f6rd\u00fck, bug\u00fcn pek \u00e7ok insani yard\u0131m g\u00f6revlisi ceset torbalar\u0131na konuldu, \u0130srail&#8217;in elinde kan var&#8221; \u015feklinde konu\u015ftu.<\/p>\n<p style=\"text-align: justify;\">Bu durumun Somali&#8217;de, korsanl\u0131\u011f\u0131n yo\u011fun ya\u015fand\u0131\u011f\u0131 yerde g\u00f6r\u00fclmedi\u011fine dikkat \u00e7eken Davuto\u011flu, Akdeniz&#8217;de bu t\u00fcr davran\u0131\u015flar\u0131n normal olarak g\u00f6r\u00fclmedi\u011fini, bu anlamda sa\u011fduyuya ihtiya\u00e7 oldu\u011funu kaydetti.<\/p>\n<p style=\"text-align: justify;\">Davuto\u011flu \u0130srail taraf\u0131ndan kullan\u0131lan g\u00fcc\u00fcn sadece uygunsuz de\u011fil ayn\u0131 zamanda a\u015f\u0131r\u0131 g\u00fc\u00e7 kullan\u0131m\u0131 oldu\u011funa dikkat \u00e7ekerek, uluslararas\u0131 hukuk kurallar\u0131na g\u00f6re sivillere sald\u0131r\u0131lamayaca\u011f\u0131n\u0131, uluslararas\u0131 hukuka g\u00f6re a\u00e7\u0131k deniz \u00f6zg\u00fcrl\u00fcklerinin en temel haklardan biri oldu\u011funu s\u00f6yledi.<\/p>\n<p style=\"text-align: justify;\">D\u0131\u015fi\u015fleri Bakan\u0131 Davuto\u011flu \u015f\u00f6yle konu\u015ftu: &#8220;Hi\u00e7bir gemi, o geminin kaptan\u0131n\u0131n r\u0131zas\u0131 ya da geminin bayrak devletinin r\u0131zas\u0131 olmadan durdurulamaz, insani yard\u0131m\u0131 d\u00fc\u015fmanca bir hareket olarak g\u00f6rmek tehlikeli bir zihin durumunu yans\u0131tmaktad\u0131r. \u0130srail&#8217;in hareketi me\u015fru g\u00f6sterilemez.&#8221;<\/p>\n<p style=\"text-align: justify;\">Davuto\u011flu konu\u015fmas\u0131nda T\u00fcrkiye&#8217;nin Musevilere yard\u0131m eden bir \u00fclke oldu\u011funu da hat\u0131rlatt\u0131.<\/p>\n<p style=\"text-align: justify;\">Gemidekilerin radikal bir \u0130slam\u0131 grubun \u00fcyeleri oldu\u011fu y\u00f6n\u00fcnde resmi a\u00e7\u0131klamalar duydu\u011funu, bir devletin yetkililerinin bu t\u00fcr yalanlar s\u00f6ylemesinin \u00fcz\u00fcc\u00fc oldu\u011funu belirten Davuto\u011flu, gemideki vatanda\u015flar\u0131n Yahudi, M\u00fcsl\u00fcman ve Hristiyan dinleri temsil ettiklerini, adeta &#8220;BM&#8217;nin bir modelini&#8221; olu\u015fturduklar\u0131n\u0131, uluslararas\u0131 toplumun &#8220;vicdan\u0131n\u0131&#8221; temsil ettiklerini, bu anlamda da sald\u0131r\u0131n\u0131n BM&#8217;ye yap\u0131lan bir sald\u0131r\u0131 oldu\u011funu s\u00f6yledi.<\/p>\n<p style=\"text-align: justify;\">Bu kapsamda uluslararas\u0131 toplumun ve sistemin sorumlu davranmas\u0131 gerekti\u011fini ifade eden Davuto\u011flu, uluslararas\u0131 hukuka uymayanlar\u0131n cezaland\u0131r\u0131lmas\u0131 gerekti\u011fini vurgulad\u0131.<\/p>\n<p style=\"text-align: justify;\"><strong>&#8220;\u0130srail \u00f6z\u00fcr dilemelidir&#8221; <\/strong><\/p>\n<p style=\"text-align: justify;\">Davuto\u011flu, &#8220;Hi\u00e7bir devlet hukukun \u00fczerinde de\u011fildir. \u0130srail, yapt\u0131\u011f\u0131n\u0131n sonu\u00e7lar\u0131yla y\u00fczle\u015fmeye haz\u0131r olmal\u0131d\u0131r ve su\u00e7lar\u0131ndan sorumlu tutulmal\u0131d\u0131r&#8221; dedi.<\/p>\n<p style=\"text-align: justify;\">\u0130srail&#8217;in &#8220;sald\u0131rganl\u0131k ve g\u00fc\u00e7 kullanma savunucusu&#8221; haline geldi\u011fini ifade eden Davuto\u011flu, &#8220;T\u00fcrkiye, BM G\u00fcvenlik Konseyi&#8217;nin bu duruma g\u00fc\u00e7l\u00fc bir \u015fekilde tepki vererek \u0130srail&#8217;in sald\u0131r\u0131 hareketini \u015fiddetle k\u0131namas\u0131n\u0131, olay\u0131n soru\u015fturulmas\u0131n\u0131, t\u00fcm sorumlu yetkililerin ve ki\u015filerin cezaland\u0131r\u0131lmas\u0131n\u0131 istemektedir&#8221; diye konu\u015ftu.<\/p>\n<p style=\"text-align: justify;\">Bu kapsamda \u0130srail&#8217;in uluslararas\u0131 toplumdan, \u00f6len ve yaralananlar\u0131n ailelerinden \u00f6z\u00fcr dilemesi gerekti\u011fini s\u00f6yleyen Davuto\u011flu, ba\u011f\u0131ms\u0131z soru\u015fturman\u0131n derhal ba\u015flat\u0131lmas\u0131n\u0131, bu sald\u0131r\u0131n\u0131n sorumlular\u0131na kar\u015f\u0131 uluslararas\u0131 hukuk a\u00e7\u0131s\u0131ndan harekete ge\u00e7ilmesi gerekti\u011fini s\u00f6yledi.<\/p>\n<p style=\"text-align: justify;\">Bak\u0131n Davuto\u011flu, gemilerin derhal serbest b\u0131rak\u0131lmas\u0131, Gazze&#8217;ye yard\u0131mlar\u0131n ula\u015ft\u0131r\u0131lmas\u0131na izin verilmesi, t\u00fcm yaral\u0131lar\u0131n ve \u00f6lenlerin ailelerine, gemi sahiplerine tazminat verilmesi ve Gazze&#8217;deki akan kan\u0131n derhal sona ermesi gerekti\u011fini a\u00e7\u0131klad\u0131.<\/p>\n<p style=\"text-align: justify;\">D\u0131\u015fi\u015fleri Bakan\u0131 Davuto\u011flu, daha sonra yabanc\u0131 gazetecilerin sorular\u0131 \u00fczerine yapt\u0131\u011f\u0131 a\u00e7\u0131klamada da, Konsey&#8217;den sayd\u0131\u011f\u0131 t\u00fcm bu konular\u0131 i\u00e7eren bir ba\u015fkanl\u0131k a\u00e7\u0131klamas\u0131n\u0131 kabul etmesini istediklerini, bu konunun T\u00fcrkiye ile \u0130srail aras\u0131nda de\u011fil \u0130srail ile uluslararas\u0131 toplum aras\u0131nda bir mesele oldu\u011funu belirtti.<\/p>\n<p style=\"text-align: justify;\">Davuto\u011flu olay\u0131n sonuna kadar takip\u00e7isi olacaklar\u0131n\u0131, gemide bulunanlar\u0131n silahl\u0131 olmad\u0131klar\u0131n\u0131 s\u00f6yledi. Ba\u011f\u0131ms\u0131z bir soru\u015fturma istiyoruz&#8221; diye konu\u015fan Davuto\u011flu, sorumlular\u0131n adalete teslim edilmesi gerekti\u011fini, bunun uluslararas\u0131 toplumun bir sorumlulu\u011fu oldu\u011funu kaydetti.<\/p>\n<p style=\"text-align: justify;\">Bakan Davuto\u011flu bir soru \u00fczerine, bunun \u0130ran meselesiyle ilgili olmad\u0131\u011f\u0131n\u0131 da s\u00f6yledi.<\/p>\n<p style=\"text-align: justify;\"><strong>\u0130srail&#8217;in BM Temsilcisi g\u00f6n\u00fcll\u00fcleri su\u00e7lad\u0131 <\/strong><\/p>\n<p style=\"text-align: justify;\">\u0130srail&#8217;in BM Temsilcisi ise \u0130srail komandolar\u0131n\u0131n bask\u0131n\u0131na u\u011frayan Gazze&#8217;ye yard\u0131m gemilerindeki g\u00f6n\u00fcll\u00fclerin ama\u00e7lar\u0131n\u0131n insani olmad\u0131\u011f\u0131n\u0131 ileri s\u00fcrd\u00fc.<\/p>\n<p style=\"text-align: justify;\">\u0130srail&#8217;in BM nezdindeki b\u00fcy\u00fckel\u00e7isinin yard\u0131mc\u0131s\u0131 Daniel Carmon, BM G\u00fcvenlik Konseyi&#8217;nde az \u00f6nce sona eren toplant\u0131da yapt\u0131\u011f\u0131 a\u00e7\u0131klamada, &#8220;Medya taraf\u0131ndan Gazze&#8217;ye insani yard\u0131m konvoyu olarak takdim edilse de, bu gemilerin amac\u0131 insani yard\u0131m de\u011fildi&#8221; dedi.<\/p>\n<p style=\"text-align: justify;\">&#8220;Hangi insani eylemci Birle\u015fmi\u015f Milletler&#8217;i, K\u0131z\u0131lha\u00e7 ve uluslararas\u0131 alanda tan\u0131nan di\u011fer kurulu\u015flar\u0131 baypas etmek ister? Hangi bar\u0131\u015f eylemcisi uluslararas\u0131 hukuka uygun \u015fekilde gemiye binen askerlere sald\u0131rmak i\u00e7in b\u0131\u00e7ak, sopa ve di\u011fer silahlar\u0131 kullan\u0131r?&#8221; iddias\u0131n\u0131 dile getiren \u0130srailli diplomat, \u0130srail&#8217;de insani kriz bulunmad\u0131\u011f\u0131n\u0131 s\u00f6yledi ve Filistin topraklar\u0131na g\u00f6nderilecek yard\u0131m malzemelerinin izin verilen ge\u00e7i\u015f noktalar\u0131ndan ge\u00e7mesi gerekti\u011fini belirtti.<\/p>\n<p style=\"text-align: justify;\">Carmon, Gazze \u015eeridi&#8217;nin Filistin y\u00f6netimini g\u00fc\u00e7 kullanarak deviren ter\u00f6ristlerin i\u015fgali alt\u0131nda oldu\u011funu ve oraya silahlar\u0131n deniz yoluyla dahil s\u00fcrekli girdi\u011fini ileri s\u00fcrd\u00fc.<\/p>\n<p style=\"text-align: justify;\"><strong>AB&#8217;den de k\u0131nama geldi <\/strong><\/p>\n<p style=\"text-align: justify;\">\u0130srail&#8217;in Gazze&#8217;ye insani yard\u0131m g\u00f6t\u00fcren gemilere sald\u0131r\u0131s\u0131n\u0131 g\u00f6r\u00fc\u015fmek i\u00e7in Br\u00fcksel&#8217;de ola\u011fan\u00fcst\u00fc toplanan AB b\u00fcy\u00fckel\u00e7ileri, \u015fiddet kullan\u0131m\u0131n\u0131 k\u0131nad\u0131lar.<\/p>\n<p style=\"text-align: justify;\">B\u00fcy\u00fckel\u00e7ilerin \u00fczerinde uzla\u015ft\u0131\u011f\u0131 AB a\u00e7\u0131klamas\u0131nda, &#8220;Gazze&#8217;ye giden filoya uluslararas\u0131 sularda d\u00fczenlenen \u0130srail askeri operasyonunda can kay\u0131plar\u0131ndan derin endi\u015fe duyuldu\u011fu&#8221; belirtilerek, kurbanlar\u0131n ailelerine ba\u015fsa\u011fl\u0131\u011f\u0131 dilendi.<\/p>\n<p style=\"text-align: justify;\">A\u00e7\u0131klamada, &#8220;AB, gemidekiler aras\u0131nda \u00e7ok say\u0131da kurban b\u0131rakan \u015fiddet kullan\u0131m\u0131n\u0131 k\u0131nar, olaylara ve \u00e7evresindeki \u015fartlara derhal, tam ve tarafs\u0131z soru\u015fturma talep eder&#8221; denildi.<\/p>\n<p style=\"text-align: justify;\">Gazze&#8217;deki insanl\u0131k dram\u0131n\u0131n b\u00fcy\u00fck endi\u015fe kayna\u011f\u0131 oldu\u011fu belirtilen a\u00e7\u0131klamada, AB&#8217;nin ambargo politikas\u0131n\u0131n devam\u0131n\u0131 kabul edemeyece\u011fi vurgulanarak kal\u0131c\u0131 bir \u00e7\u00f6z\u00fcme acilen ula\u015f\u0131lmas\u0131 gere\u011finin alt\u0131 \u00e7izildi.<\/p>\n<p style=\"text-align: justify;\">AB \u0130srail&#8217;e, Gazze&#8217;ye ve Gazze&#8217;den insani yard\u0131m, ticari mal ve insanlar\u0131n ge\u00e7i\u015flerini &#8220;derhal, kesintisiz ve ko\u015fulsuz ba\u015flatmas\u0131&#8221; \u00e7a\u011fr\u0131s\u0131 yapt\u0131.<\/p>\n<p style=\"text-align: justify;\"><span style=\"color: #888888;\">CNN T\u00dcRK<\/span><\/p>\n","protected":false},"excerpt":{"rendered":"<p style=\"text-align: center;\">\n<p style=\"text-align: justify;\">BM G\u00fcvenlik Konseyi, T\u00fcrkiye&#8217;nin talebi \u00fczerine, \u0130srail&#8217;in Gazze&#8217;ye yard\u0131m g\u00f6t\u00fcren gemilere sald\u0131rmas\u0131n\u0131n ard\u0131ndan acil olarak topland\u0131. Konseyde bir konu\u015fma yapan Davuto\u011flu, \u0130srail&#8217;in kabul edilemez hareketinin ard\u0131ndan uluslararas\u0131 bir soru\u015fturma a\u00e7\u0131lmas\u0131, gemilerin derhal serbest b\u0131rak\u0131lmas\u0131n\u0131 istedi.<\/p>\n","protected":false},"author":1,"featured_media":0,"comment_status":"open","ping_status":"closed","sticky":false,"template":"","format":"standard","meta":{"footnotes":""},"categories":[3],"tags":[],"class_list":["post-23280","post","type-post","status-publish","format-standard","hentry","category-dunya","odd"],"_links":{"self":[{"href":"http:\/\/www.korhanyilmaz.com\/index.php?rest_route=\/wp\/v2\/posts\/23280","targetHints":{"allow":["GET"]}}],"collection":[{"href":"http:\/\/www.korhanyilmaz.com\/index.php?rest_route=\/wp\/v2\/posts"}],"about":[{"href":"http:\/\/www.korhanyilmaz.com\/index.php?rest_route=\/wp\/v2\/types\/post"}],"author":[{"embeddable":true,"href":"http:\/\/www.korhanyilmaz.com\/index.php?rest_route=\/wp\/v2\/users\/1"}],"replies":[{"embeddable":true,"href":"http:\/\/www.korhanyilmaz.com\/index.php?rest_route=%2Fwp%2Fv2%2Fcomments&post=23280"}],"version-history":[{"count":0,"href":"http:\/\/www.korhanyilmaz.com\/index.php?rest_route=\/wp\/v2\/posts\/23280\/revisions"}],"wp:attachment":[{"href":"http:\/\/www.korhanyilmaz.com\/index.php?rest_route=%2Fwp%2Fv2%2Fmedia&parent=23280"}],"wp:term":[{"taxonomy":"category","embeddable":true,"href":"http:\/\/www.korhanyilmaz.com\/index.php?rest_route=%2Fwp%2Fv2%2Fcategories&post=23280"},{"taxonomy":"post_tag","embeddable":true,"href":"http:\/\/www.korhanyilmaz.com\/index.php?rest_route=%2Fwp%2Fv2%2Ftags&post=23280"}],"curies":[{"name":"wp","href":"https:\/\/api.w.org\/{rel}","templated":true}]}}