{"id":2328,"date":"2008-12-14T20:27:49","date_gmt":"2008-12-14T18:27:49","guid":{"rendered":"http:\/\/www.korhanyilmaz.com\/?p=2328"},"modified":"2008-12-14T20:27:49","modified_gmt":"2008-12-14T18:27:49","slug":"irakta-abd-baskani-busha-saldiri","status":"publish","type":"post","link":"http:\/\/www.korhanyilmaz.com\/?p=2328","title":{"rendered":"Irak&#8217;ta ABD Ba\u015fkan\u0131 Bush&#8217;a sald\u0131r\u0131"},"content":{"rendered":"<p style=\"text-align: center;\"><img loading=\"lazy\" decoding=\"async\" class=\"size-full wp-image-2329 aligncenter\" title=\"Irak'ta ABD Ba\u015fkan\u0131 Bush'a sald\u0131r\u0131 \" src=\"http:\/\/www.korhanyilmaz.com\/wp-content\/uploads\/2008\/12\/f3fe033c60e0d040b7a61fbcx.jpg\" alt=\"Irak'ta ABD Ba\u015fkan\u0131 Bush'a sald\u0131r\u0131 \" width=\"380\" height=\"200\" \/><\/p>\n<p style=\"text-align: justify;\">Irak&#8217;a beklenmedik bir ziyaret yapan ABD Ba\u015fkan\u0131 Bush, Ba\u015fbakan Nuri el Maliki&#8217;nin elini s\u0131karken \u00f6fkeli bir Irakl\u0131 gazetecinin ayakkab\u0131 sald\u0131r\u0131s\u0131na u\u011frad\u0131.Maliki&#8217;nin \u015fa\u015fk\u0131n bak\u0131\u015flar\u0131 alt\u0131nda iki ayakkab\u0131s\u0131n\u0131 da \u00e7\u0131kar\u0131p pe\u015f pe\u015fe Ba\u015fkan&#8217;a f\u0131rlatan ve bir yandan da Bush&#8217;a a\u011f\u0131r hakaretler ya\u011fd\u0131ran gazeteci, g\u00fcvenlik g\u00fc\u00e7leri taraf\u0131ndan hemen etkisiz hale getirilerek salondan \u00e7\u0131kar\u0131ld\u0131.<\/p>\n<p style=\"text-align: justify;\">E\u011filerek, ba\u015f\u0131n\u0131n hemen \u00fczerinden ge\u00e7en ayakkab\u0131lardan isabet almadan kurtulan Bush, sald\u0131r\u0131n\u0131n kendisini etkilemedi\u011fini belirtti ve esprili bir \u015fekilde &#8220;sadece ayakkab\u0131lar\u0131n numaras\u0131n\u0131n 10 oldu\u011funu s\u00f6yleyebilirim&#8221; diye konu\u015ftu.<\/p>\n<p style=\"text-align: justify;\">Salondaki di\u011fer Irakl\u0131 gazetecilerin, televizyon muhabiri olan meslekta\u015flar\u0131 ad\u0131na Bush&#8217;tan \u00f6z\u00fcr diledikleri kaydedildi.<\/p>\n<p style=\"text-align: justify;\">Ba\u015fkan Bush, salondaki durumun normale d\u00f6nmesinden sonra sakin bir \u015fekilde sorular\u0131 yan\u0131tlad\u0131.<\/p>\n","protected":false},"excerpt":{"rendered":"<p style=\"text-align: center;\">\n<p style=\"text-align: justify;\">Irak&#8217;a beklenmedik bir ziyaret yapan ABD Ba\u015fkan\u0131 Bush, Ba\u015fbakan Nuri el Maliki&#8217;nin elini s\u0131karken \u00f6fkeli bir Irakl\u0131 gazetecinin ayakkab\u0131 sald\u0131r\u0131s\u0131na u\u011frad\u0131.Maliki&#8217;nin \u015fa\u015fk\u0131n bak\u0131\u015flar\u0131 alt\u0131nda iki ayakkab\u0131s\u0131n\u0131 da \u00e7\u0131kar\u0131p pe\u015f pe\u015fe Ba\u015fkan&#8217;a f\u0131rlatan ve bir yandan da Bush&#8217;a a\u011f\u0131r hakaretler ya\u011fd\u0131ran gazeteci, g\u00fcvenlik g\u00fc\u00e7leri taraf\u0131ndan hemen etkisiz hale getirilerek salondan \u00e7\u0131kar\u0131ld\u0131.<\/p>\n","protected":false},"author":1,"featured_media":0,"comment_status":"open","ping_status":"open","sticky":false,"template":"","format":"standard","meta":{"footnotes":""},"categories":[3],"tags":[],"class_list":["post-2328","post","type-post","status-publish","format-standard","hentry","category-dunya","odd"],"_links":{"self":[{"href":"http:\/\/www.korhanyilmaz.com\/index.php?rest_route=\/wp\/v2\/posts\/2328","targetHints":{"allow":["GET"]}}],"collection":[{"href":"http:\/\/www.korhanyilmaz.com\/index.php?rest_route=\/wp\/v2\/posts"}],"about":[{"href":"http:\/\/www.korhanyilmaz.com\/index.php?rest_route=\/wp\/v2\/types\/post"}],"author":[{"embeddable":true,"href":"http:\/\/www.korhanyilmaz.com\/index.php?rest_route=\/wp\/v2\/users\/1"}],"replies":[{"embeddable":true,"href":"http:\/\/www.korhanyilmaz.com\/index.php?rest_route=%2Fwp%2Fv2%2Fcomments&post=2328"}],"version-history":[{"count":0,"href":"http:\/\/www.korhanyilmaz.com\/index.php?rest_route=\/wp\/v2\/posts\/2328\/revisions"}],"wp:attachment":[{"href":"http:\/\/www.korhanyilmaz.com\/index.php?rest_route=%2Fwp%2Fv2%2Fmedia&parent=2328"}],"wp:term":[{"taxonomy":"category","embeddable":true,"href":"http:\/\/www.korhanyilmaz.com\/index.php?rest_route=%2Fwp%2Fv2%2Fcategories&post=2328"},{"taxonomy":"post_tag","embeddable":true,"href":"http:\/\/www.korhanyilmaz.com\/index.php?rest_route=%2Fwp%2Fv2%2Ftags&post=2328"}],"curies":[{"name":"wp","href":"https:\/\/api.w.org\/{rel}","templated":true}]}}