{"id":23276,"date":"2010-05-31T20:47:36","date_gmt":"2010-05-31T17:47:36","guid":{"rendered":"http:\/\/www.korhanyilmaz.com\/?p=23276"},"modified":"2010-05-31T20:47:36","modified_gmt":"2010-05-31T17:47:36","slug":"erdogandan-sert-tepki-devlet-teroru","status":"publish","type":"post","link":"http:\/\/www.korhanyilmaz.com\/?p=23276","title":{"rendered":"Erdo\u011fan&#8217;dan sert tepki: &#8220;Devlet ter\u00f6r\u00fc&#8221;"},"content":{"rendered":"<p style=\"text-align: center;\"><a href=\"http:\/\/www.korhanyilmaz.com\/wp-content\/uploads\/2010\/05\/erdogan23.jpg\"  class=\"lightview\"><img loading=\"lazy\" decoding=\"async\" class=\"aligncenter size-full wp-image-23277\" src=\"http:\/\/www.korhanyilmaz.com\/wp-content\/uploads\/2010\/05\/erdogan23.jpg\" alt=\"\" width=\"307\" height=\"236\" \/><\/a><\/p>\n<p style=\"text-align: justify;\">Ba\u015fbakan Recep Tayyip Erdo\u011fan, \u0130srail&#8217;in Gazze&#8217;ye yard\u0131m g\u00f6t\u00fcren gemilere y\u00f6nelik sald\u0131r\u0131s\u0131n\u0131, &#8220;gerek\u00e7esi ne olursa olsun uluslararas\u0131 hukuka tamamen ayk\u0131r\u0131 bir devlet ter\u00f6r\u00fc&#8221; olarak niteleyerek, &#8220;Bu sald\u0131r\u0131 mevcut \u0130srail H\u00fck\u00fcmeti&#8217;nin b\u00f6lgede bar\u0131\u015f istemedi\u011fini bir kez daha a\u00e7\u0131k ve net olarak ortaya koymu\u015ftur&#8221; dedi.<!--more--><\/p>\n<p style=\"text-align: justify;\">Ba\u015fbakan Erdo\u011fan, &#8220;Bu insanl\u0131k d\u0131\u015f\u0131 devlet ter\u00f6r\u00fc kar\u015f\u0131s\u0131nda sessiz ve tepkisiz kalmayaca\u011f\u0131m\u0131z\u0131n bilinmesi gerekmektedir&#8221; diye konu\u015ftu.<\/p>\n<p style=\"text-align: justify;\">Erdo\u011fan, \u015eili&#8217;nin ba\u015fkenti Santiago&#8217;dan T\u00fcrkiye&#8217;ye hareketinden \u00f6nce havaliman\u0131nda a\u00e7\u0131klamalarda bulundu. Erdo\u011fan&#8217;a, Devlet Bakan\u0131 ve Ba\u015fbakan Yard\u0131mc\u0131s\u0131 Cemil \u00c7i\u00e7ek, Devlet Bakan\u0131 Zafer \u00c7a\u011flayan, Devlet Bakan\u0131 Mehmet Ayd\u0131n, Enerji ve Tabii Kaynaklar Bakan\u0131 Taner Y\u0131ld\u0131z, Ula\u015ft\u0131rma Bakan\u0131 Binali Y\u0131ld\u0131r\u0131m ile K\u00fclt\u00fcr ve Turizm Bakan\u0131 Ertu\u011frul G\u00fcnay da e\u015flik etti.<\/p>\n<p style=\"text-align: justify;\">Hatay&#8217;da \u0130skenderun Deniz \u0130kmal Komutanl\u0131\u011f\u0131&#8217;na yap\u0131lan sald\u0131r\u0131da 6 askerin \u015fehit oldu\u011funu hat\u0131rlatan Ba\u015fbakan Erdo\u011fan, &#8220;Bu menfur sald\u0131r\u0131 milletimizin birli\u011fine, karde\u015fli\u011fine, istikrar\u0131na yap\u0131lm\u0131\u015f bir sald\u0131r\u0131d\u0131r. Bir kez daha s\u00f6yl\u00fcyorum bu kirli eller, bu kirli zihniyetler asla ve asla hedeflerine ula\u015famayacaklard\u0131r&#8221; dedi.<\/p>\n<p style=\"text-align: justify;\">Bu sald\u0131r\u0131n\u0131n ard\u0131ndan T\u00fcrkiye&#8217;den yola \u00e7\u0131kan ve Gazze&#8217;ye yard\u0131m malzemesi g\u00f6t\u00fcren sivil gemilere &#8220;uluslararas\u0131 sularda, uluslararas\u0131 hukuku ayaklar alt\u0131na alarak \u0130srail taraf\u0131ndan sald\u0131r\u0131 d\u00fczenlendi\u011fini&#8221; ifade eden Ba\u015fbakan Erdo\u011fan, \u015f\u00f6yle konu\u015ftu:<\/p>\n<p style=\"text-align: justify;\">&#8220;Orada da hen\u00fcz say\u0131s\u0131 netle\u015fmemi\u015f olmakla birlikte \u00e7ok say\u0131da sivilin katledildi\u011fini \u00f6\u011frenmi\u015f bulunuyoruz. Ba\u015fta gemilerde vatanda\u015flar\u0131 olan devlet ve h\u00fck\u00fcmet ba\u015fkanlar\u0131 olmak \u00fczere buradan t\u00fcm d\u00fcnyay\u0131 bilgilendirmek istiyorum. Gerek T\u00fcrkiye&#8217;den gerek di\u011fer \u00fclkelerden hareket eden gemiler tamamen insani ama\u00e7l\u0131 yard\u0131m malzemeleriyle y\u00fckl\u00fc olup, gemiler uluslararas\u0131 seyr\u00fcsefer kurallar\u0131 \u00e7er\u00e7evesinde de s\u0131k\u0131 bir \u015fekilde kontrol edilmi\u015ftir. Ayn\u0131 zamanda gemilerde yard\u0131m g\u00f6n\u00fcll\u00fclerinden ba\u015fka yolcu bulunmamaktad\u0131r. Sald\u0131r\u0131 s\u0131ras\u0131nda gemilerde beyaz bayrak bulunmaktad\u0131r.&#8221;<\/p>\n<p style=\"text-align: justify;\"><strong>&#8220;Silah ifadesi yalan&#8221;<\/strong><\/p>\n<p style=\"text-align: justify;\">Gazze&#8217;ye ula\u015fmak i\u00e7in yola \u00e7\u0131kan gemilerin, Gazze&#8217;de uzun s\u00fcredir insanl\u0131k d\u0131\u015f\u0131 \u015fartlarda ya\u015fayan, en temel ihtiya\u00e7lar\u0131ndan mahrum kalarak hayata tutunmaya \u00e7al\u0131\u015fan \u00e7ocuklara, kad\u0131nlara, sivillere, masum insanlara yard\u0131m ula\u015ft\u0131rmak amac\u0131n\u0131 ta\u015f\u0131d\u0131\u011f\u0131n\u0131 kaydeden Erdo\u011fan, gemilerin ila\u00e7, sarg\u0131 bezi, a\u011fr\u0131 kesici, ekmek, pirin\u00e7, makarna, oyuncak, in\u015faat malzemesi ve benzeri malzemelerden ba\u015fka hi\u00e7bir \u015fey ta\u015f\u0131mad\u0131\u011f\u0131n\u0131 vurgulad\u0131.<\/p>\n<p style=\"text-align: justify;\">Erdo\u011fan, \u015f\u00f6yle devam etti: &#8220;\u0130srail yetkililerinin &#8216;silah&#8217; ifadesini kullanmalar\u0131n\u0131 payla\u015fmak m\u00fcmk\u00fcn de\u011fildir. Bunlar do\u011fru olmayan ifadelerdir, a\u00e7\u0131k ve net s\u00f6yl\u00fcyorum, bunlar yaland\u0131r. Gemilerde sadece T\u00fcrkiye Cumhuriyeti vatanda\u015flar\u0131 de\u011fil, 32 farkl\u0131 \u00fclkeden Gazze&#8217;ye giden yard\u0131m g\u00f6n\u00fcll\u00fcs\u00fc bulunmaktad\u0131r. Bu organizasyonda ayr\u0131ca bir \u00e7ok \u00fclkeden de parlamenter bulunmaktayd\u0131.<\/p>\n<p style=\"text-align: justify;\">Hatay&#8217;da meydana gelen menfur sald\u0131r\u0131 ve \u0130srail&#8217;in yard\u0131m gemilerine y\u00f6nelik hukuksuz sald\u0131r\u0131s\u0131 nedeniyle \u015eili&#8217;deki temaslar\u0131m\u0131z\u0131 ba\u015flamadan bitirmek zorunda kald\u0131k. H\u00fck\u00fcmetimiz ve ilgili kurumlar\u0131m\u0131z geli\u015fmeleri her a\u015famada dikkatle takip etmektedir. Gemilere y\u00f6nelik sald\u0131r\u0131 sonras\u0131nda \u0130srail B\u00fcy\u00fckel\u00e7imizi derhal geri \u00e7a\u011f\u0131rd\u0131k. BM G\u00fcvenlik Konseyi ge\u00e7ici \u00fcyesi olarak BM G\u00fcvenlik Konseyi&#8217;ne ola\u011fan\u00fcst\u00fc toplant\u0131 \u00e7a\u011fr\u0131s\u0131 yapt\u0131k. Ayr\u0131ca uluslararas\u0131 sularda meydana gelen bu olay nedeniyle NATO&#8217;yu da toplant\u0131ya \u00e7a\u011f\u0131raca\u011f\u0131z, \u015fu anda NATO Konseyi bilgilendiriliyor.<\/p>\n<p style=\"text-align: justify;\">\u015eunu \u00e7ok net olarak ifade ediyorum, \u0130srail taraf\u0131ndan yap\u0131lan bu sald\u0131r\u0131 gerek\u00e7esi ne olursa olsun uluslararas\u0131 hukuka tamamen ayk\u0131r\u0131 bir devlet ter\u00f6r\u00fcd\u00fcr. Bu sald\u0131r\u0131 mevcut \u0130srail H\u00fck\u00fcmeti&#8217;nin b\u00f6lgede bar\u0131\u015f istemedi\u011fini bir kez daha a\u00e7\u0131k ve net olarak ortaya koymu\u015ftur. Bu tav\u0131rlar b\u00f6lge bar\u0131\u015f\u0131n\u0131 tehdit etti\u011fi kadar \u0130srail&#8217;in kendi vatanda\u015flar\u0131na, kendi halk\u0131na da huzur ve istikrar getirmeyecek tav\u0131rlard\u0131r. Bu insanl\u0131k d\u0131\u015f\u0131 devlet ter\u00f6r\u00fc kar\u015f\u0131s\u0131nda sessiz ve tepkisiz kalmayaca\u011f\u0131m\u0131z\u0131n bilinmesi gerekmektedir.&#8221;<\/p>\n<p style=\"text-align: justify;\"><strong>&#8220;Sessiz kalmam\u0131z m\u00fcmk\u00fcn de\u011fil&#8221; <\/strong><\/p>\n<p style=\"text-align: justify;\">Erdo\u011fan, T\u00fcrkiye&#8217;ye hareketinden \u00f6nce havaliman\u0131nda yapt\u0131\u011f\u0131 a\u00e7\u0131klamada, &#8220;Bu insanl\u0131k d\u0131\u015f\u0131 devlet ter\u00f6r\u00fcne kar\u015f\u0131 sessiz kal\u0131nmas\u0131n\u0131n m\u00fcmk\u00fcn olmad\u0131\u011f\u0131n\u0131&#8221; belirtti.<\/p>\n<p style=\"text-align: justify;\">Bu insanl\u0131k d\u0131\u015f\u0131, hukuk d\u0131\u015f\u0131 operasyonunun arkas\u0131nda oldu\u011funu s\u00f6yleyenlere de seslendi\u011fini belirten Erdo\u011fan, &#8220;Siz ne kadar hukuk d\u0131\u015f\u0131l\u0131\u011f\u0131n, ter\u00f6r\u00fcn, kanl\u0131 operasyonlar\u0131n arkas\u0131ndaysan\u0131z biz de ondan daha fazla hukukun, bar\u0131\u015f\u0131n, adaletin ve tabii ki ba\u015fta vatanda\u015flar\u0131m\u0131z olmak \u00fczere bu operasyonun ma\u011fduru olan 32 \u00fclkeden bar\u0131\u015f ve yard\u0131m g\u00f6n\u00fcll\u00fclerinin tabii ki Filistin halk\u0131n\u0131n, Filistin&#8217;in, tabii ki Gazze&#8217;nin arkas\u0131nday\u0131z&#8221; diye konu\u015ftu.<\/p>\n<p style=\"text-align: justify;\">Erdo\u011fan, s\u00f6zlerini \u015f\u00f6yle s\u00fcrd\u00fcrd\u00fc: &#8220;\u0130srail h\u00fck\u00fcmeti taraf\u0131ndan bir s\u00fcredir b\u00f6lgeyi kan g\u00f6l\u00fcne \u00e7evirme, ate\u015f \u00e7emberine d\u00f6n\u00fc\u015ft\u00fcrmeye y\u00f6nelik giri\u015fimler uluslararas\u0131 toplum taraf\u0131ndan da infialle izlenmektedir. Uluslararas\u0131 medyadaki \u0130srail yanl\u0131s\u0131 baz\u0131 odaklar\u0131n bu insanl\u0131k d\u0131\u015f\u0131 olay\u0131 dahi \u00e7arp\u0131tmaya yeltenmeleri de vicdan sahibi \u0130srail vatanda\u015flar\u0131 dahil bar\u0131\u015f seven d\u00fcnya halklar\u0131n\u0131 kand\u0131rmaya yetmeyecektir. Gemilerin ve b\u00fct\u00fcn g\u00f6n\u00fcll\u00fclerin derhal serbest b\u0131rak\u0131lmas\u0131n\u0131, hayat\u0131n\u0131 kaybeden ve yaralanan sivil insanlara ili\u015fkin ayr\u0131nt\u0131l\u0131 ve sa\u011fl\u0131kl\u0131 haber ak\u0131\u015f\u0131n\u0131n bir an \u00f6nce sa\u011flanmas\u0131n\u0131 istiyoruz. Hayat\u0131n\u0131 kaybedenlerin naa\u015flar\u0131n\u0131n derhal teslim edilmesini, yaral\u0131lar i\u00e7in derhal tedbir al\u0131nmas\u0131n\u0131 istiyoruz.&#8221;<\/p>\n<p style=\"text-align: justify;\">\u0130kili temaslar\u0131n\u0131 yar\u0131da keserek T\u00fcrkiye&#8217;ye d\u00f6nd\u00fc\u011f\u00fcn\u00fc aktaran Ba\u015fbakan Erdo\u011fan, d\u00f6ner d\u00f6nmez partisinin grup toplant\u0131s\u0131nda gerek parlamentoyu gerek \u00fclkeyi ve uluslararas\u0131 camiay\u0131 daha teferruatl\u0131 bir \u015fekilde ayd\u0131nlataca\u011f\u0131n\u0131 s\u00f6yledi. Erdo\u011fan, yol haritas\u0131na y\u00f6nelik de baz\u0131 bilgilendirmeleri yapma f\u0131rsat\u0131n\u0131 bulaca\u011f\u0131n\u0131 s\u00f6yledi.<\/p>\n<p style=\"text-align: justify;\"><strong>Halka sa\u011fduyu \u00e7a\u011fr\u0131s\u0131 <\/strong><\/p>\n<p style=\"text-align: justify;\">Bu haftan\u0131n de\u011ferlendirmelerin yo\u011fun bir \u015fekilde yap\u0131laca\u011f\u0131 ve ona g\u00f6re de yol haritas\u0131n\u0131n belirlenece\u011fi bir hafta olaca\u011f\u0131n\u0131 ifade eden Ba\u015fbakan Erdo\u011fan, s\u00f6zlerini \u015f\u00f6yle s\u00fcrd\u00fcrd\u00fc: &#8220;\u015eunu \u00e7ok a\u00e7\u0131k ve net s\u00f6yl\u00fcyorum, duygusal de\u011filim, duygusal de\u011filiz. Ama b\u00fct\u00fcn bu olanlar kar\u015f\u0131s\u0131nda duygudan yoksun bir insanl\u0131k tan\u0131mlamak da m\u00fcmk\u00fcn de\u011fildir. B\u00fct\u00fcn mesele duygular\u0131n y\u00f6netilmesidir, bu duygular\u0131 da ba\u015far\u0131yla y\u00f6netece\u011fimize inan\u0131yorum.<\/p>\n<p style=\"text-align: justify;\">B\u00fct\u00fcn vatanda\u015flar\u0131m\u0131n \u00f6zellikle \u00fclkemizde ya\u015fayan Musevi vatanda\u015flar\u0131m\u0131z noktas\u0131ndan \u015funu s\u00f6ylemek istiyorum; onlar bizim vatanda\u015f\u0131m\u0131zd\u0131r. Biz \u0130srail&#8217;in yakla\u015f\u0131m tarz\u0131n\u0131 hi\u00e7 bir zaman kalk\u0131p kendi vatanda\u015flar\u0131m\u0131za kar\u015f\u0131 hangi dinden olursa olsun, hangi \u0131rktan olursa olsun bug\u00fcne kadar yapmad\u0131k bundan sonra da yapmayaca\u011f\u0131z. Onlar bizim g\u00fcvencemiz alt\u0131ndad\u0131r. Halk\u0131mdan da bu noktada \u00f6zellikle \u00e7ok daha hassas davranmalar\u0131n\u0131 istiyorum. Milletimizin hassasiyetleri do\u011frultusunda devlet olarak bu olay\u0131n t\u00fcm boyutlar\u0131yla takip\u00e7isi oldu\u011fumuzu ve olaca\u011f\u0131m\u0131z\u0131 halk\u0131m\u0131n bilmesini istiyorum. Demokratik tepkilerini milletimize yak\u0131\u015fan bir asalet ve vakar i\u00e7inde sergilemeye \u00f6zen g\u00f6stereceklerine inan\u0131yorum. Ve bu da onlar\u0131n en do\u011fal hakk\u0131d\u0131r. Bunu da sayg\u0131yla kar\u015f\u0131l\u0131yorum.&#8221;<\/p>\n<p style=\"text-align: justify;\">Erdo\u011fan, yapt\u0131\u011f\u0131 a\u00e7\u0131klamalar\u0131n\u0131n ard\u0131ndan gazetecilerin sorular\u0131n\u0131 yan\u0131tlad\u0131.<\/p>\n<p style=\"text-align: justify;\">&#8220;Parlamentoda bu konuda \u00f6zel bir oturum ger\u00e7ekle\u015ftirilecek mi? Bir de uluslararas\u0131 hukuktan do\u011fan hakk\u0131 T\u00fcrkiye&#8217;nin sakl\u0131. Bu olayda 10&#8217;dan fazla ki\u015finin \u00f6ld\u00fc\u011f\u00fc belirtiliyor. T\u00fcrkiye uluslararas\u0131 hukuktan do\u011fan hakk\u0131n\u0131 kullanacak m\u0131? T\u00fcrkiye&#8217;nin ba\u015fka yapt\u0131r\u0131m g\u00fcc\u00fc olabilir mi? Oradaki yaral\u0131lar\u0131n al\u0131nmas\u0131 konusunda bir \u015fey s\u00f6z konusu mu?&#8221; sorusu \u00fczerine Erdo\u011fan, konuyla ilgili her \u015feyin \u015feffaf olmad\u0131\u011f\u0131n\u0131, A&#8217;dan Z&#8217;ye bilinmedi\u011fini belirtti.<\/p>\n<p style=\"text-align: justify;\">\u0130lk bilinenlerle de\u011ferlendirme yapt\u0131klar\u0131n\u0131 belirten Erdo\u011fan, \u00fc\u00e7 geminin, i\u00e7indeki insani yard\u0131m malzemesi ve personeliyle esir al\u0131nd\u0131\u011f\u0131n\u0131 kaydetti.<\/p>\n<p style=\"text-align: justify;\">Partisinin yar\u0131n grup toplant\u0131s\u0131n\u0131n oldu\u011funu ifade eden Ba\u015fbakan, baz\u0131 \u015feyleri bu toplant\u0131da daha a\u00e7\u0131k ve daha net s\u00f6yleme imkan\u0131n\u0131n olaca\u011f\u0131n\u0131 bildirdi.<\/p>\n<p style=\"text-align: justify;\">Toplant\u0131n\u0131n hem ulusa hem uluslararas\u0131 camiaya da seslendi\u011fi bir grup toplant\u0131s\u0131 olaca\u011f\u0131n\u0131 vurgulayan Erdo\u011fan, &#8220;Bu bir milli meseledir ve bir milli mesele olarak da bunu ele almam\u0131z\u0131n gere\u011fine inan\u0131yorum. Bunun i\u00e7in de neler yapabiliriz bunu da tabii de\u011ferlendirece\u011fiz&#8221; diye konu\u015ftu.<\/p>\n<p style=\"text-align: justify;\">Bir gazetecinin &#8220;Kapal\u0131 olarak m\u0131 de\u011ferlendireceksiniz? &#8221; sorusuna Erdo\u011fan, &#8220;Onu \u015fu anda daha de\u011ferlendirmi\u015f de\u011filiz&#8221; yan\u0131t\u0131n\u0131 verdi.<\/p>\n<p style=\"text-align: justify;\"><strong>&#8220;Her zaman ki \u0130srail pi\u015fkinli\u011fi&#8221; <\/strong><\/p>\n<p style=\"text-align: justify;\">Ba\u015fka bir soru \u00fczerine de Erdo\u011fan, \u015funlar\u0131 s\u00f6yledi: &#8220;Mahmud Abbas ile yapt\u0131\u011f\u0131m g\u00f6r\u00fc\u015fmede tabii ki kendileri bir\u00e7ok \u00fclkeyi ar\u0131yorlar. B\u00fcy\u00fck bir yas \u015fu anda Ramallah&#8217;da ilan etmi\u015f durumdalar. Bayan Merkel ile yapt\u0131\u011f\u0131m g\u00f6r\u00fc\u015fmede de s\u00fcreci kendileri ile de\u011ferlendirdik. Kendileri &#8216;Netanyahu ile bir g\u00f6r\u00fc\u015fme yapt\u0131klar\u0131n\u0131&#8217; s\u00f6ylediler. Tabii her zamanki \u0130srail pi\u015fkinli\u011fi ile Merkel&#8217;e baz\u0131 \u015feyler s\u00f6ylemi\u015f.<\/p>\n<p style=\"text-align: justify;\">Biz de tabii Bayan Merkel&#8217;e duymad\u0131klar\u0131n\u0131 s\u00f6yleme f\u0131rsat\u0131m\u0131z oldu. Bir\u00e7ok \u015feyi de sapt\u0131rarak onlara aktard\u0131klar\u0131 i\u00e7in -ben kendilerinden- \u00f6zellikle ba\u015fta Almanya ve AB olarak, d\u00fcnya bar\u0131\u015f\u0131na katk\u0131 noktas\u0131nda her zaman \u0130srail&#8217;in yapt\u0131\u011f\u0131 yan\u0131nda kar kal\u0131yor. BM G\u00fcvenlik Konseyi&#8217;nin bug\u00fcne kadar alm\u0131\u015f oldu\u011fu y\u00fczlerce karar var. Bu kararlar\u0131n hi\u00e7birini uygulamam\u0131\u015f olan \u0130srail&#8217;e kar\u015f\u0131 AB&#8217;nin tavr\u0131 da test edilecektir. Bu ifadeyi de kulland\u0131m.<\/p>\n<p style=\"text-align: justify;\">Bayan Merkel&#8217;e de bunu s\u00f6yledim. Onlar da ayr\u0131ca bu s\u00fcre\u00e7 i\u00e7inde &#8216;\u0130rtibat halinde olal\u0131m&#8217; dediler, &#8216;\u0130rtibat halinde olal\u0131m&#8217; dedik. &#8216;AB&#8217;nin tavr\u0131n\u0131 \u00e7ok \u00f6nemsiyoruz, bekliyorum&#8217; dedim. Mesela bir Fransa&#8217;da bak\u0131yorsun Kouchner&#8217;in a\u00e7\u0131klamas\u0131na bak\u0131yorsunuz \u00e7ok farkl\u0131, ba\u015fkan\u0131n\u0131n a\u00e7\u0131klamas\u0131na bak\u0131yorsun \u00e7ok farkl\u0131. Bu d\u00f6nem i\u00e7inde bu t\u00fcr \u015feyleri hep g\u00f6rece\u011fiz.&#8221;<\/p>\n<p style=\"text-align: justify;\"><span style=\"color: #888888;\">CNN T\u00dcRK<\/span><\/p>\n","protected":false},"excerpt":{"rendered":"<p style=\"text-align: center;\">\n<p style=\"text-align: justify;\">Ba\u015fbakan Recep Tayyip Erdo\u011fan, \u0130srail&#8217;in Gazze&#8217;ye yard\u0131m g\u00f6t\u00fcren gemilere y\u00f6nelik sald\u0131r\u0131s\u0131n\u0131, &#8220;gerek\u00e7esi ne olursa olsun uluslararas\u0131 hukuka tamamen ayk\u0131r\u0131 bir devlet ter\u00f6r\u00fc&#8221; olarak niteleyerek, &#8220;Bu sald\u0131r\u0131 mevcut \u0130srail H\u00fck\u00fcmeti&#8217;nin b\u00f6lgede bar\u0131\u015f istemedi\u011fini bir kez daha a\u00e7\u0131k ve net olarak ortaya koymu\u015ftur&#8221; dedi.<\/p>\n","protected":false},"author":1,"featured_media":0,"comment_status":"open","ping_status":"closed","sticky":false,"template":"","format":"standard","meta":{"footnotes":""},"categories":[3],"tags":[],"class_list":["post-23276","post","type-post","status-publish","format-standard","hentry","category-dunya","odd"],"_links":{"self":[{"href":"http:\/\/www.korhanyilmaz.com\/index.php?rest_route=\/wp\/v2\/posts\/23276","targetHints":{"allow":["GET"]}}],"collection":[{"href":"http:\/\/www.korhanyilmaz.com\/index.php?rest_route=\/wp\/v2\/posts"}],"about":[{"href":"http:\/\/www.korhanyilmaz.com\/index.php?rest_route=\/wp\/v2\/types\/post"}],"author":[{"embeddable":true,"href":"http:\/\/www.korhanyilmaz.com\/index.php?rest_route=\/wp\/v2\/users\/1"}],"replies":[{"embeddable":true,"href":"http:\/\/www.korhanyilmaz.com\/index.php?rest_route=%2Fwp%2Fv2%2Fcomments&post=23276"}],"version-history":[{"count":0,"href":"http:\/\/www.korhanyilmaz.com\/index.php?rest_route=\/wp\/v2\/posts\/23276\/revisions"}],"wp:attachment":[{"href":"http:\/\/www.korhanyilmaz.com\/index.php?rest_route=%2Fwp%2Fv2%2Fmedia&parent=23276"}],"wp:term":[{"taxonomy":"category","embeddable":true,"href":"http:\/\/www.korhanyilmaz.com\/index.php?rest_route=%2Fwp%2Fv2%2Fcategories&post=23276"},{"taxonomy":"post_tag","embeddable":true,"href":"http:\/\/www.korhanyilmaz.com\/index.php?rest_route=%2Fwp%2Fv2%2Ftags&post=23276"}],"curies":[{"name":"wp","href":"https:\/\/api.w.org\/{rel}","templated":true}]}}