{"id":23268,"date":"2010-05-31T10:59:16","date_gmt":"2010-05-31T07:59:16","guid":{"rendered":"http:\/\/www.korhanyilmaz.com\/?p=23268"},"modified":"2010-05-31T10:59:16","modified_gmt":"2010-05-31T07:59:16","slug":"katilleri-biliyoruz-sorumlusunu-taniyor-musunuz","status":"publish","type":"post","link":"http:\/\/www.korhanyilmaz.com\/?p=23268","title":{"rendered":"Katilleri Biliyoruz Sorumlusunu Tan\u0131yormusunuz?"},"content":{"rendered":"<p><a href=\"http:\/\/www.korhanyilmaz.com\/wp-content\/uploads\/2010\/05\/029.jpg\"  class=\"lightview\"><img loading=\"lazy\" decoding=\"async\" class=\"aligncenter size-full wp-image-23269\" src=\"http:\/\/www.korhanyilmaz.com\/wp-content\/uploads\/2010\/05\/029.jpg\" alt=\"\" width=\"465\" height=\"220\" \/><\/a><\/p>\n<p><strong>\u0130srail<\/strong>&#8216;in katil bir devlet oldu\u011fu bilinmiyor mu?<\/p>\n<p>Biliniyor.<\/p>\n<p>16 masum sivili kimin katletti\u011fi biliniyor mu?<\/p>\n<p>Evet, fa\u015fist \u0130srail devleti.<!--more--><\/p>\n<p>San\u0131r\u0131z bu konuda kimsenin farkl\u0131 bir g\u00f6r\u00fc\u015f\u00fc yok.<\/p>\n<p>O halde&#8230;<\/p>\n<p>\u015eunu sormal\u0131y\u0131z:<\/p>\n<p><strong>AKP H\u00fck\u00fcmeti bu olacaklar\u0131 bilmiyor muydu?<\/strong><\/p>\n<p>D\u0131\u015fi\u015fleri Bakan\u0131&#8217;ndan istihbarat birimlerine kadar \u0130srail&#8217;in b\u00f6yle bir hain sald\u0131r\u0131ya giri\u015fece\u011fini bilmiyorlar m\u0131yd\u0131?<\/p>\n<p>Biliyorlard\u0131.<\/p>\n<p>Bilmemelerine olanak yok.<\/p>\n<p>O halde&#8230;<\/p>\n<p>Niye gerekli \u00f6nlemleri almad\u0131lar?<\/p>\n<p>Niye gemiler yola \u00e7\u0131kmadan \u00f6nce diplomatik yollara ba\u015fvurmad\u0131lar?<\/p>\n<p>Y\u00fczlerce insan bir ba\u015flar\u0131na Akdeniz&#8217;e nas\u0131l g\u00f6nderilir?<\/p>\n<p>&#8220;<strong>Yaps\u0131nlar da g\u00f6relim<\/strong>&#8221; ya da &#8220;<strong>Korkarlar yapamazlar<\/strong>&#8221; mant\u0131\u011f\u0131yla hareket edenlerin bu hain sald\u0131r\u0131da hi\u00e7 mi sorumluluklar\u0131 yoktur?<\/p>\n<p><span style=\"text-decoration: underline;\">AKP H\u00fck\u00fcmeti sorumludur; vatanda\u015flar\u0131n\u0131 bile bile \u00f6l\u00fcme g\u00f6ndermi\u015ftir.<\/span><\/p>\n<p>Hep yapt\u0131\u011f\u0131n\u0131 yapm\u0131\u015f bu kanl\u0131 oyunu \u00f6ng\u00f6rememi\u015ftir.<\/p>\n<p>T\u00fcrkiye&#8217;de birileri hala g\u00f6rmek istemiyor:<\/p>\n<p>G\u00f6klere \u00e7\u0131kar\u0131lan Ba\u015fbakan&#8217;dan D\u0131\u015fi\u015fleri Bakan\u0131\u2019na kadar bu siyasi olu\u015fum T\u00fcrkiye&#8217;yi y\u00f6netemiyor. Meselelerin alt\u0131ndan kalkam\u0131yorlar. Ba\u011f\u0131r\u0131p \u00e7a\u011f\u0131rarak, pop\u00fclizm yaparak T\u00fcrkiye d\u0131\u015f politikas\u0131n\u0131 tehlikeli sulara \u00e7ekiyorlar. T\u00fcrkiye&#8217;yi &#8220;<strong>Ortado\u011fu batakl\u0131\u011f\u0131na<\/strong>&#8221; \u00e7ekmek isteyenlerin ellerine f\u0131rsat veriyorlar.<\/p>\n<p>Bak\u0131n\u0131z&#8230;<\/p>\n<p>Akdeniz&#8217;deki hain \u0130srail sald\u0131r\u0131s\u0131yla, \u0130skenderun&#8217;daki ter\u00f6r sald\u0131r\u0131s\u0131 aras\u0131nda fark yoktur. \u0130kisinin sebebi de beceriksiz d\u0131\u015f politikad\u0131r.<\/p>\n<p>Biliyorsunuz ki, ne kadar ter\u00f6r konusunda sab\u0131kal\u0131 \u00fclke varsa vizeyi kald\u0131rd\u0131k.<\/p>\n<p>Suriye ile vizenin kalkmas\u0131yla \u0130skenderun&#8217;a yap\u0131lan hain sald\u0131r\u0131 aras\u0131nda ba\u011f vard\u0131r.<\/p>\n<p>\u015eimdi de Pakistan&#8217;la vizeyi kald\u0131racaklarm\u0131\u015f!<\/p>\n<p>B\u00fct\u00fcn mesele bu. Hi\u00e7 \u00f6n\u00fcn\u00fc arkas\u0131n\u0131 d\u00fc\u015f\u00fcnmeden at\u0131lan d\u0131\u015f politika ad\u0131mlar\u0131.<\/p>\n<p>Uzatmaya gerek yok.<\/p>\n<p>AKP H\u00fck\u00fcmeti sorumlulu\u011funu kimsenin \u00fcst\u00fcne atamaz.<\/p>\n<p><span style=\"text-decoration: underline;\">Biz katillerin kim oldu\u011funu biliyoruz<\/span>: <strong>\u0130srail devleti.<\/strong><\/p>\n<p><span style=\"text-decoration: underline;\">Ama biz bu fa\u015fistlere, politikalar\u0131yla zemin haz\u0131rlayanlar\u0131 da biliyoruz<\/span>: <strong>AKP H\u00fck\u00fcmeti.<\/strong><\/p>\n<p><span style=\"color: #888888;\">Kaynak :<a href=\"http:\/\/www.odatv.com\/n.php?n=katilleri-biliyoruz-sorumlusunu-taniyor-musunuz-3105101200\" target=\"_blank\"> Odatv.com<\/a><\/span><\/p>\n","protected":false},"excerpt":{"rendered":"<\/p>\n<p>\u0130srail&#8216;in katil bir devlet oldu\u011fu bilinmiyor mu?<\/p>\n<p>Biliniyor.<\/p>\n<p>16 masum sivili kimin katletti\u011fi biliniyor mu?<\/p>\n<p>Evet, fa\u015fist \u0130srail devleti.<\/p>\n","protected":false},"author":1,"featured_media":0,"comment_status":"open","ping_status":"closed","sticky":false,"template":"","format":"standard","meta":{"footnotes":""},"categories":[16],"tags":[],"class_list":["post-23268","post","type-post","status-publish","format-standard","hentry","category-kose-yazilari","odd"],"_links":{"self":[{"href":"http:\/\/www.korhanyilmaz.com\/index.php?rest_route=\/wp\/v2\/posts\/23268","targetHints":{"allow":["GET"]}}],"collection":[{"href":"http:\/\/www.korhanyilmaz.com\/index.php?rest_route=\/wp\/v2\/posts"}],"about":[{"href":"http:\/\/www.korhanyilmaz.com\/index.php?rest_route=\/wp\/v2\/types\/post"}],"author":[{"embeddable":true,"href":"http:\/\/www.korhanyilmaz.com\/index.php?rest_route=\/wp\/v2\/users\/1"}],"replies":[{"embeddable":true,"href":"http:\/\/www.korhanyilmaz.com\/index.php?rest_route=%2Fwp%2Fv2%2Fcomments&post=23268"}],"version-history":[{"count":0,"href":"http:\/\/www.korhanyilmaz.com\/index.php?rest_route=\/wp\/v2\/posts\/23268\/revisions"}],"wp:attachment":[{"href":"http:\/\/www.korhanyilmaz.com\/index.php?rest_route=%2Fwp%2Fv2%2Fmedia&parent=23268"}],"wp:term":[{"taxonomy":"category","embeddable":true,"href":"http:\/\/www.korhanyilmaz.com\/index.php?rest_route=%2Fwp%2Fv2%2Fcategories&post=23268"},{"taxonomy":"post_tag","embeddable":true,"href":"http:\/\/www.korhanyilmaz.com\/index.php?rest_route=%2Fwp%2Fv2%2Ftags&post=23268"}],"curies":[{"name":"wp","href":"https:\/\/api.w.org\/{rel}","templated":true}]}}