{"id":23255,"date":"2010-05-31T21:45:52","date_gmt":"2010-05-31T18:45:52","guid":{"rendered":"http:\/\/www.korhanyilmaz.com\/?p=23255"},"modified":"2010-05-31T21:45:52","modified_gmt":"2010-05-31T18:45:52","slug":"turkiye-israil-buyukelcisini-geri-cekiyor","status":"publish","type":"post","link":"http:\/\/www.korhanyilmaz.com\/?p=23255","title":{"rendered":"T\u00fcrkiye \u0130srail B\u00fcy\u00fckel\u00e7isi&#8217;ni geri \u00e7ekiyor"},"content":{"rendered":"<p style=\"text-align: center;\"><a href=\"http:\/\/www.korhanyilmaz.com\/wp-content\/uploads\/2010\/05\/DAVUTOGLU.jpg\"  class=\"lightview\"><img loading=\"lazy\" decoding=\"async\" class=\"aligncenter size-full wp-image-23256\" src=\"http:\/\/www.korhanyilmaz.com\/wp-content\/uploads\/2010\/05\/DAVUTOGLU.jpg\" alt=\"\" width=\"307\" height=\"236\" \/><\/a><\/p>\n<p style=\"text-align: justify;\">D\u0131\u015fi\u015fleri Bakanl\u0131\u011f\u0131, \u0130srail&#8217;in yard\u0131m konvoyuna sald\u0131rmas\u0131\u0131n\u0131n hemen ard\u0131ndan \u00e7ok sert bir a\u00e7\u0131klama yapt\u0131 ve &#8220;\u0130srail bunun sonu\u00e7lar\u0131na katlanacak. Kabul edilemez bir olay. Kuvvetle k\u0131n\u0131yor ve acil izahat bekliyoruz&#8221; dedi. T\u00fcrkiye \u0130srail B\u00fcy\u00fckel\u00e7isi&#8217;ni de geri \u00e7ekiyor. NATO da b\u00fcy\u00fckel\u00e7iler d\u00fczeyinde yar\u0131n toplan\u0131yor.<!--more--><\/p>\n<p style=\"text-align: justify;\">D\u0131\u015fi\u015fleri Bakanl\u0131\u011f\u0131, \u0130srail&#8217;in sivillere kar\u015f\u0131 g\u00fc\u00e7 kullan\u0131m\u0131n\u0131 en a\u011f\u0131r \u015fekilde protesto ederek, uluslararas\u0131 hukukun ihlali say\u0131lan bu olay\u0131n iki \u00fclke ili\u015fkilerinde &#8220;telafisi olmayan sonu\u00e7lar do\u011furabilece\u011fini&#8221; bildirdi.<\/p>\n<p style=\"text-align: justify;\">Bakanl\u0131ktan yap\u0131lan a\u00e7\u0131klamada, Gazze halk\u0131na insani yard\u0131m ula\u015ft\u0131rmak arzusunu ta\u015f\u0131yan ve aralar\u0131nda ya\u015fl\u0131, kad\u0131n ve \u00e7ocuklar\u0131n da bulundu\u011fu \u00e7ok say\u0131da \u00fclkeden sivillere kar\u015f\u0131 \u0130srail Savunma Kuvvetleri taraf\u0131ndan g\u00fc\u00e7 kullan\u0131ld\u0131\u011f\u0131 hat\u0131rlat\u0131larak, &#8220;Elde edilen ilk bilgilere g\u00f6re en az iki ki\u015finin hayat\u0131n\u0131 kaybetmi\u015f ve 30&#8217;dan fazla ki\u015finin yaralanm\u0131\u015f olmas\u0131n\u0131 en a\u011f\u0131r \u015fekilde protesto ediyoruz&#8221; denildi.<\/p>\n<p style=\"text-align: justify;\">A\u00e7\u0131klamada daha sonra \u015funlar kaydedildi:<\/p>\n<p style=\"text-align: justify;\">&#8220;\u0130srail masum sivilleri hedef alarak, insan hayat\u0131n\u0131 ve bar\u0131\u015f\u00e7\u0131l giri\u015fimleri hi\u00e7e sayd\u0131\u011f\u0131n\u0131 a\u00e7\u0131k bir bi\u00e7imde bir kez daha g\u00f6stermi\u015ftir. \u0130srail&#8217;in bu insanl\u0131k d\u0131\u015f\u0131 uygulamalar\u0131n\u0131 \u015fiddetle k\u0131n\u0131yoruz. A\u00e7\u0131k denizlerde ger\u00e7ekle\u015fmi\u015f, uluslararas\u0131 hukukun a\u011f\u0131r bir ihlalini te\u015fkil eden bu m\u00fcessif olay ili\u015fkilerimizde telafisi m\u00fcmk\u00fcn olmayan sonu\u00e7lar do\u011furabilecektir.&#8221;<\/p>\n<p style=\"text-align: justify;\">T\u00fcrkiye&#8217;nin Tel Aviv B\u00fcy\u00fckel\u00e7ili\u011finin s\u00fcrd\u00fcrd\u00fc\u011f\u00fc giri\u015fimlerin yan\u0131 s\u0131ra bakanl\u0131\u011fa davet edilen \u0130srail&#8217;in Ankara B\u00fcy\u00fckel\u00e7isi nezdinde bu kabul edilemez olay\u0131n kuvvetle k\u0131nanmakta ve kendisinden acilen izahat talep edilmekte oldu\u011fu da bildirilen a\u00e7\u0131klamada \u015f\u00f6yle denildi:<\/p>\n<p style=\"text-align: justify;\">&#8220;Gerek\u00e7e ne olursa olsun, yaln\u0131zca bar\u0131\u015f\u00e7\u0131 faaliyetlerde bulunan sivillere kar\u015f\u0131 bu t\u00fcr hareketlerin kabul\u00fc m\u00fcmk\u00fcn de\u011fildir. \u0130srail&#8217;in uluslararas\u0131 hukukun ihlalini te\u015fkil eden bu davran\u0131\u015f\u0131n\u0131n sonu\u00e7lar\u0131na katlanmas\u0131 gerekecektir. Hayat\u0131n\u0131 kaybedenlere Tanr\u0131dan rahmet, kederli ailelerine ba\u015fsa\u011fl\u0131\u011f\u0131 ve sab\u0131r diliyor, yaralananlara acil \u015fifa dileklerimizi iletiyoruz.&#8221;<\/p>\n<p style=\"text-align: justify;\"><strong>&#8220;Korsanl\u0131k eylemi&#8221; <\/strong><\/p>\n<p style=\"text-align: justify;\">Davuto\u011flu, ABD&#8217;ye giderken yak\u0131t ikmali i\u00e7in bulundu\u011fu adada yapt\u0131\u011f\u0131 a\u00e7\u0131klamada, \u0130srail&#8217;in bu hareketinin uluslararas\u0131 hukuka ayk\u0131r\u0131 oldu\u011funu ve her t\u00fcrl\u00fc temel insani ilkelere ayk\u0131r\u0131 ve bu konuda \u0130srail&#8217;in hem T\u00fcrk milletinden hem uluslararas\u0131 toplumdan \u00f6z\u00fcr dilemek zorunda oldu\u011funu belirtti.<\/p>\n<p style=\"text-align: justify;\">Ba\u015fbakan Recep Tayyip Erdo\u011fan&#8217;\u0131n T\u00fcrkiye&#8217;ye d\u00f6nmekte oldu\u011funu, kendisinin de New York&#8217;a hareket etmek \u00fczere oldu\u011funu s\u00f6yleyen Davuto\u011flu, BM G\u00fcvenlik Konseyini acil toplant\u0131ya \u00e7a\u011f\u0131rd\u0131klar\u0131n\u0131 kaydetti.<\/p>\n<p style=\"text-align: justify;\">Ahmet Davuto\u011flu, BM G\u00fcvenlik Konseyi&#8217;nin bu toplant\u0131s\u0131na kendisinin de kat\u0131laca\u011f\u0131n\u0131 s\u00f6yleyerek, &#8220;El\u00e7imizi de bug\u00fcn itibar\u0131yla geri \u00e7ekiyoruz&#8221; dedi.<\/p>\n<p style=\"text-align: justify;\">Davuto\u011flu, \u0130srail&#8217;in Gazze&#8217;ye giden gemilere yapt\u0131\u011f\u0131 sald\u0131r\u0131lar\u0131n &#8220;insanl\u0131k d\u0131\u015f\u0131 korsanl\u0131k eylemi&#8221; oldu\u011funu belirterek, uluslararas\u0131 hukuk a\u00e7\u0131s\u0131ndan bu sald\u0131r\u0131lar\u0131n hi\u00e7bir me\u015fruiyeti bulunmad\u0131\u011f\u0131n\u0131 bildirdi.<\/p>\n<p style=\"text-align: justify;\"><strong>BM G\u00fcvenlik Konseyi topland\u0131 <\/strong><\/p>\n<p style=\"text-align: justify;\">Davuto\u011flu&#8217;nun \u00e7a\u011fr\u0131s\u0131n\u0131n ard\u0131ndan, BM G\u00fcvenlik Konseyi, saat 20.00&#8217;de topland\u0131.<\/p>\n<p style=\"text-align: justify;\">NATO da, \u0130srail&#8217;in ambargo alt\u0131ndaki Gazze&#8217;ye insani yard\u0131m g\u00f6t\u00fcren gemilere sald\u0131r\u0131s\u0131ndan endi\u015fe duydu\u011funu bildirdi.<\/p>\n<p style=\"text-align: justify;\">NATO Genel Sekreteri Anders Fogh Rasmussen yapt\u0131\u011f\u0131 yaz\u0131l\u0131 a\u00e7\u0131klamada, &#8220;Bu olaydaki can kay\u0131plar\u0131ndan derin endi\u015fe duydu\u011funu&#8221; belirtti.<\/p>\n<p style=\"text-align: justify;\">Rasmussen, &#8220;ya\u015fanan olaylarla ilgili yeni ger\u00e7eklerin ortaya \u00e7\u0131kmas\u0131n\u0131 beklediklerini&#8221; ifade etti.<\/p>\n<p style=\"text-align: justify;\">NATO s\u00f6zc\u00fcs\u00fc James Appathurai de yapt\u0131\u011f\u0131 a\u00e7\u0131klamada, \u0130srail&#8217;in Gazze&#8217;ye yard\u0131m ta\u015f\u0131yan gemilere sald\u0131r\u0131s\u0131ndan sonra T\u00fcrkiye&#8217;nin talebi \u00fczerine, acil olarak yar\u0131n NATO&#8217;nun daimi temsilciler d\u00fczeyinde \u00f6zel bir toplant\u0131 yapaca\u011f\u0131n\u0131 belirtti.<\/p>\n<p style=\"text-align: justify;\"><strong>Ar\u0131n\u00e7: &#8220;3 tatbikat iptal edildi&#8221; <\/strong><\/p>\n<p style=\"text-align: justify;\">\u0130srail&#8217;in m\u00fcdahalesinin ard\u0131ndan Ba\u015fbakan Vekili B\u00fclent Ar\u0131n\u00e7&#8217;\u0131n ba\u015fkanl\u0131\u011f\u0131nda da bir toplant\u0131 yap\u0131ld\u0131.<\/p>\n<p style=\"text-align: justify;\">Ar\u0131n\u00e7 toplant\u0131n\u0131n ard\u0131ndan yapt\u0131\u011f\u0131 a\u00e7\u0131klamada, T\u00fcrkiye&#8217;nin geli\u015fmelerle ilgili gerekli ad\u0131mlar\u0131 att\u0131\u011f\u0131n\u0131 belirtti ve  &#8220;\u0130srail B\u00fcy\u00fckel\u00e7imiz Ankara&#8217;ya \u00e7a\u011fr\u0131ld\u0131 ve \u0130srail&#8217;le yap\u0131lacak \u00fc\u00e7 m\u00fc\u015fterek tatbikat iptal edildi. Gen\u00e7 milli tak\u0131m\u0131m\u0131z\u0131n ma\u00e7lar\u0131 da iptal edildi ve T\u00fcrkiye&#8217;ye d\u00f6n\u00fcyorlar&#8221; dedi.<\/p>\n<p style=\"text-align: justify;\">&#8220;\u0130srail g\u00fc\u00e7lerinin tamamen sivil gemilere yapt\u0131\u011f\u0131 sald\u0131r\u0131y\u0131 \u015fiddetle lanetliyoruz. \u0130srail bar\u0131\u015f\u0131, insanl\u0131\u011f\u0131 ve insani de\u011ferleri hi\u00e7e sayd\u0131\u011f\u0131n\u0131 g\u00f6sterdi&#8221; diyen Ar\u0131n\u00e7, &#8220;Bu sald\u0131r\u0131 insanl\u0131k tarihine kara leke bir olarak ge\u00e7ecek. \u0130srail uluslarras\u0131 topluma hesap vermekten ka\u00e7amayacak. Asla me\u015fru g\u00f6sterilemez. \u0130nsanl\u0131k bu sald\u0131r\u0131y\u0131 lanetleyecektir&#8221; \u015feklinde konu\u015ftu.<\/p>\n<p style=\"text-align: justify;\">Ar\u0131n\u00e7, &#8220;Yaral\u0131lar\u0131n tedavilerinin T\u00fcrkiye&#8217;de yap\u0131lmas\u0131 i\u00e7in giri\u015fimler yap\u0131ld\u0131. \u0130srail, d\u00fcnya kamuoyunu do\u011fru bilgilendirmeli ve i\u015fbirli\u011finden ka\u00e7\u0131nmamal\u0131. Sald\u0131r\u0131n\u0131n cevaps\u0131z kalmayaca\u011f\u0131 ku\u015fkusuzdur. \u0130srail insanl\u0131k d\u0131\u015f\u0131 ambagoyu kald\u0131rmal\u0131 ve yard\u0131m\u0131n ula\u015fmas\u0131na engel olmamal\u0131&#8221; diye konu\u015ftu.<\/p>\n<p style=\"text-align: justify;\">Gemilerin \u0130srail karasular\u0131nda olmad\u0131\u011f\u0131n\u0131 vurgulayan Ar\u0131n\u00e7, &#8220;\u0130srail&#8217;in yapt\u0131\u011f\u0131 korsanl\u0131kla e\u015fde\u011fer. Geminin tamamen silahs\u0131z oldu\u011funu biliyoruz. Bu bir sava\u015f gemisi de\u011fil. Y\u00fcklerinin insani yard\u0131m oldu\u011funu biliyoruz&#8221; dedi.<\/p>\n<p style=\"text-align: justify;\">Ba\u015fbakan Vekili Ar\u0131n\u00e7, T\u00fcrk B\u00fcy\u00fckel\u00e7isi&#8217;nin bilgi almak i\u00e7in ciddi \u00e7aba i\u00e7inde oldu\u011funu ancak \u0130srail&#8217;in tavr\u0131 nedeniyle nedeniyle gemideki \u00f6l\u00fc ve yaral\u0131 say\u0131s\u0131 hakk\u0131nda net bir bilgi sahibi olmad\u0131klar\u0131n\u0131 da belirtti.<\/p>\n<p style=\"text-align: justify;\"><strong>&#8220;Ba\u015fbakan yar\u0131n d\u00f6n\u00fcyor&#8221; <\/strong><\/p>\n<p style=\"text-align: justify;\">Ba\u015fbakan Recep Tayyip Erdo\u011fan&#8217;\u0131n da geli\u015fmeler hakk\u0131nda bilgi ald\u0131\u011f\u0131n\u0131 s\u00f6yleyen Ar\u0131n\u00e7, &#8220;Ba\u015fbakan\u0131m\u0131z yar\u0131n \u00f6\u011fle saatlerinde burada olacak. Programlar\u0131n\u0131 yar\u0131da kestiler ve geri d\u00f6nme karar\u0131 ald\u0131lar&#8221; dedi.<\/p>\n<p style=\"text-align: justify;\">Ba\u015fbakanl\u0131k Merkez Bina&#8217;da yakla\u015f\u0131k 2 s\u00fcren toplant\u0131ya, Ba\u015fbakan Vekili Ar\u0131n\u00e7 ile \u0130\u00e7i\u015fleri Bakan\u0131 Be\u015fir Atalay, Adalet Bakan\u0131 Sadullah Ergin Ba\u015fbakanl\u0131k M\u00fcste\u015far\u0131 Efkan Ala, \u0130\u00e7i\u015fleri Bakanl\u0131\u011f\u0131 M\u00fcste\u015far\u0131 Osman G\u00fcne\u015f, M\u0130T M\u00fcste\u015far\u0131 Hakan Fidan, Genelkurmay Harekat Ba\u015fkan\u0131 Korgeneral Mehmet Er\u00f6z ve Deniz Kuvvetleri Kurmay Ba\u015fkan\u0131 Koramiral Nusret G\u00fcner ile ilgili b\u00fcrokratlar kat\u0131ld\u0131. Milli Savunma Bakan\u0131 Vecdi G\u00f6n\u00fcl de Ba\u015fbakanl\u0131k Merkez Bina&#8217;ya gitti.<\/p>\n<p style=\"text-align: justify;\">Devlet Bakan\u0131 Faruz Nafiz \u00d6zak da, D\u0131\u015fi\u015fleri Bakan\u0131 Ahmet Davuto\u011flu&#8217;nun \u0130srail askerlerini &#8220;korsana&#8221; benzetti\u011fini belirterek, &#8220;Korsanlar bile bunlardan daha insafl\u0131&#8221; dedi.<\/p>\n<p style=\"text-align: justify;\"><strong>TBMM \u0130nsan Haklar\u0131 Komisyonu toplan\u0131yor <\/strong><\/p>\n<p style=\"text-align: justify;\">Bu arada TBMM \u0130nsan Haklar\u0131n\u0131 \u0130nceleme Komisyonu, \u0130srail&#8217;in Gazze&#8217;ye yard\u0131m g\u00f6t\u00fcren gemilere sald\u0131r\u0131 konusunu g\u00f6r\u00fc\u015fmek \u00fczere 2 Haziran \u00c7ar\u015famba g\u00fcn\u00fc ola\u011fan\u00fcst\u00fc toplanacak.<\/p>\n<p style=\"text-align: justify;\">Al\u0131nan bilgiye g\u00f6re, komisyon \u00fcyeleri, \u00e7ar\u015famba g\u00fcn\u00fc AK Parti Mersin Milletvekili Zafer \u00dcsk\u00fcl ba\u015fkanl\u0131\u011f\u0131nda bir araya gelerek durum de\u011ferlendirmesi yapacak.<\/p>\n<p style=\"text-align: justify;\"><span style=\"color: #888888;\">CNN T\u00dcRK<\/span><\/p>\n","protected":false},"excerpt":{"rendered":"<p style=\"text-align: center;\">\n<p style=\"text-align: justify;\">D\u0131\u015fi\u015fleri Bakanl\u0131\u011f\u0131, \u0130srail&#8217;in yard\u0131m konvoyuna sald\u0131rmas\u0131\u0131n\u0131n hemen ard\u0131ndan \u00e7ok sert bir a\u00e7\u0131klama yapt\u0131 ve &#8220;\u0130srail bunun sonu\u00e7lar\u0131na katlanacak. Kabul edilemez bir olay. Kuvvetle k\u0131n\u0131yor ve acil izahat bekliyoruz&#8221; dedi. T\u00fcrkiye \u0130srail B\u00fcy\u00fckel\u00e7isi&#8217;ni de geri \u00e7ekiyor. NATO da b\u00fcy\u00fckel\u00e7iler d\u00fczeyinde yar\u0131n toplan\u0131yor.<\/p>\n","protected":false},"author":1,"featured_media":0,"comment_status":"open","ping_status":"closed","sticky":false,"template":"","format":"standard","meta":{"footnotes":""},"categories":[105],"tags":[],"class_list":["post-23255","post","type-post","status-publish","format-standard","hentry","category-gundem","odd"],"_links":{"self":[{"href":"http:\/\/www.korhanyilmaz.com\/index.php?rest_route=\/wp\/v2\/posts\/23255","targetHints":{"allow":["GET"]}}],"collection":[{"href":"http:\/\/www.korhanyilmaz.com\/index.php?rest_route=\/wp\/v2\/posts"}],"about":[{"href":"http:\/\/www.korhanyilmaz.com\/index.php?rest_route=\/wp\/v2\/types\/post"}],"author":[{"embeddable":true,"href":"http:\/\/www.korhanyilmaz.com\/index.php?rest_route=\/wp\/v2\/users\/1"}],"replies":[{"embeddable":true,"href":"http:\/\/www.korhanyilmaz.com\/index.php?rest_route=%2Fwp%2Fv2%2Fcomments&post=23255"}],"version-history":[{"count":0,"href":"http:\/\/www.korhanyilmaz.com\/index.php?rest_route=\/wp\/v2\/posts\/23255\/revisions"}],"wp:attachment":[{"href":"http:\/\/www.korhanyilmaz.com\/index.php?rest_route=%2Fwp%2Fv2%2Fmedia&parent=23255"}],"wp:term":[{"taxonomy":"category","embeddable":true,"href":"http:\/\/www.korhanyilmaz.com\/index.php?rest_route=%2Fwp%2Fv2%2Fcategories&post=23255"},{"taxonomy":"post_tag","embeddable":true,"href":"http:\/\/www.korhanyilmaz.com\/index.php?rest_route=%2Fwp%2Fv2%2Ftags&post=23255"}],"curies":[{"name":"wp","href":"https:\/\/api.w.org\/{rel}","templated":true}]}}