{"id":23251,"date":"2010-05-31T14:11:37","date_gmt":"2010-05-31T11:11:37","guid":{"rendered":"http:\/\/www.korhanyilmaz.com\/?p=23251"},"modified":"2010-05-31T14:11:37","modified_gmt":"2010-05-31T11:11:37","slug":"israil-cagrimiz-dikkate-alinmadi","status":"publish","type":"post","link":"http:\/\/www.korhanyilmaz.com\/?p=23251","title":{"rendered":"\u0130srail: &#8220;\u00c7a\u011fr\u0131m\u0131z dikkate al\u0131nmad\u0131&#8221;"},"content":{"rendered":"<p style=\"text-align: center;\"><a href=\"http:\/\/www.korhanyilmaz.com\/wp-content\/uploads\/2010\/05\/israil.jpg\"  class=\"lightview\"><img loading=\"lazy\" decoding=\"async\" class=\"aligncenter size-full wp-image-23252\" src=\"http:\/\/www.korhanyilmaz.com\/wp-content\/uploads\/2010\/05\/israil.jpg\" alt=\"\" width=\"307\" height=\"236\" \/><\/a><\/p>\n<p style=\"text-align: justify;\">\u0130srail taraf\u0131ndan sonunda beklenen a\u00e7\u0131klama geldi. D\u0131\u015fi\u015fleri Bakan Yard\u0131mc\u0131s\u0131 Danny Ayalon, &#8220;Gemilerdeki protestocular\u0131n Hamas ba\u011flant\u0131l\u0131 oldu\u011funu ve \u0130srail askerlerine sald\u0131rd\u0131klar\u0131n\u0131 iddia etti. Ayalon&#8217;a g\u00f6re gemilerde \u00e7ok say\u0131da silah bulundu. Ayalon, \u00f6l\u00fcmler nedeniyle de \u00fcz\u00fcnt\u00fcl\u00fc olduklar\u0131n\u0131 belirtti.<!--more--><\/p>\n<p style=\"text-align: justify;\">Sald\u0131r\u0131yla ilgili a\u00e7\u0131klama yapan <span style=\"text-decoration: underline;\">\u0130srail D\u0131\u015fi\u015fleri Bakan Yard\u0131mc\u0131s\u0131 Danny Ayalon<\/span>, &#8220;Bu yard\u0131m\u0131n bar\u0131\u015f\u00e7\u0131l olmad\u0131\u011f\u0131n\u0131 d\u00fc\u015f\u00fcn\u00fcyoruz. \u00d6yle olsayd\u0131 K\u0131z\u0131l Ha\u00e7 gibi yard\u0131m kurulu\u015flar\u0131 arac\u0131l\u0131\u011f\u0131yla yard\u0131mlar ula\u015ft\u0131r\u0131l\u0131rd\u0131. Ama bu yol tercih edilmedi. Gemidekiler \u015fiddet kulland\u0131. \u00d6nce onlar sald\u0131rd\u0131&#8221; dedi.<\/p>\n<p style=\"text-align: justify;\">Ku\u015fatman\u0131n do\u011fru gerek\u00e7elerle yap\u0131ld\u0131\u011f\u0131n\u0131 iddia eden Ayalon, &#8220;M\u00fckerrer \u00e7a\u011fr\u0131lar\u0131m\u0131z dikkate al\u0131nmad\u0131. \u00c7a\u011fr\u0131m\u0131zda, ku\u015fatmay\u0131 k\u0131rmalar\u0131na izin verilmeyece\u011fi hakk\u0131m\u0131z oldu\u011fu s\u00f6ylendi. Bu \u00e7a\u011fr\u0131lara kulak verilmeyince ordu g\u00fc\u00e7leri harekete ge\u00e7ti. D\u00fcnya kamuoyuna birlikte \u00e7al\u0131\u015fma \u00e7a\u011fr\u0131s\u0131nda bulunuyoruz&#8221; dedi.<\/p>\n<p style=\"text-align: justify;\">Yard\u0131m\u0131n gizli amac\u0131n\u0131n silah ka\u00e7ak\u00e7\u0131l\u0131\u011f\u0131 oldu\u011funu \u00f6ne s\u00fcren Ayalon, &#8220;Buna izin verseydik daha sonra ka\u00e7ak\u00e7\u0131l\u0131\u011f\u0131n da yolu a\u00e7\u0131l\u0131rd\u0131. Bu da y\u00fczlerce ki\u015finin \u00f6l\u00fcm\u00fcne yol a\u00e7\u0131labilirdi&#8221; diye konu\u015ftu.<\/p>\n<p style=\"text-align: justify;\"><span style=\"text-decoration: underline;\">\u0130srail Savunma Bakan\u0131 Ehud Barak<\/span>, sald\u0131r\u0131yla ilgili, yard\u0131m\u0131n organizat\u00f6rlerini su\u00e7lad\u0131. Barak, Tel Aviv&#8217;de d\u00fczenledi\u011fi bas\u0131n toplant\u0131s\u0131nda, yard\u0131m filosunu &#8220;siyasi bir provokasyon&#8221; olarak nitelendirdi. Filonun organizat\u00f6rlerinin \u015fiddet yanl\u0131s\u0131 olduklar\u0131 y\u00f6n\u00fcndeki iddialar\u0131n\u0131 yineleyen Barak, ya\u015fanan olaydan yard\u0131m\u0131n organizat\u00f6rlerinin sorumlu oldu\u011funu savundu.<\/p>\n<p style=\"text-align: justify;\"><span style=\"text-decoration: underline;\">\u0130srail Sanayi ve Ticaret Bakan\u0131 Binyamin Ben  Eliezer<\/span>, \u0130srail donanmas\u0131n\u0131n Gazze&#8217;ye yard\u0131m ta\u015f\u0131yan filoya sald\u0131r\u0131s\u0131n\u0131n &#8220;b\u00fcy\u00fck  bir skandala&#8221; yol a\u00e7aca\u011f\u0131n\u0131 s\u00f6yledi.<\/p>\n<p style=\"text-align: justify;\">Ben Eliezer, ziyaret etti\u011fi Katar&#8217;\u0131n ba\u015fkenti Doha&#8217;da yapt\u0131\u011f\u0131 a\u00e7\u0131klamada, sald\u0131r\u0131yla ilgili olarak, &#8220;B\u00fcy\u00fck bir skandal olacak, buna hi\u00e7 \u015f\u00fcphe yok&#8221; diye konu\u015ftu.<\/p>\n<p style=\"text-align: justify;\">&#8220;Her \u015feyin ba\u015ftan beri provokasyon oldu\u011funu&#8221; belirten \u0130srailli Bakan,  &#8220;Bunu yakla\u015f\u0131k iki ay \u00f6nce planlam\u0131\u015flard\u0131 ve biz onlara &#8216;Beyler bunu denemeyin, \u00e7\u00fcnk\u00fc kendimizi savunma hakk\u0131m\u0131z var&#8217; diye anlatmak i\u00e7in her yolu denedik&#8221; dedi.<\/p>\n<p style=\"text-align: justify;\">Eski savunma bakan\u0131 olan Ben Eliezer, &#8220;yolu kapatmak i\u00e7in ellerinden  gelenin en iyisini yapt\u0131klar\u0131n\u0131&#8221; ifade ederek, &#8220;Herkes bizi yarg\u0131layabilir. Kan varsa, her \u015feyi a\u00e7\u0131klayamazs\u0131n\u0131z&#8221; diye konu\u015ftu.<\/p>\n<p style=\"text-align: justify;\"><strong>H\u00fck\u00fcmet s\u00f6zc\u00fcs\u00fc: &#8220;\u00d6nce onlar ba\u015flatt\u0131&#8221; <\/strong><\/p>\n<p style=\"text-align: justify;\"><span style=\"text-decoration: underline;\">\u0130srail Ba\u015fbakan\u0131 Binyamin  Netanyahu&#8217;nun s\u00f6zc\u00fcs\u00fc Mark Regev<\/span>, Gazze&#8217;ye yard\u0131m g\u00f6t\u00fcren gemilere d\u00fczenlenen sald\u0131r\u0131yla ilgili olarak, &#8220;\u015fiddeti yard\u0131m ta\u015f\u0131yanlar\u0131n ba\u015flatt\u0131\u011f\u0131n\u0131&#8221; iddia etti.<\/p>\n<p style=\"text-align: justify;\">S\u00f6zc\u00fc Regev, yapt\u0131\u011f\u0131 a\u00e7\u0131klamada &#8220;\u015eiddeti onlar ba\u015flatt\u0131&#8221; diyerek, &#8220;bu olay\u0131n olmamas\u0131 i\u00e7in m\u00fcmk\u00fcn olan t\u00fcm \u00e7abay\u0131 harcad\u0131klar\u0131n\u0131, askerlerin bunun bir polis operasyonu oldu\u011funu s\u00f6ylediklerini ve azami dikkat g\u00f6sterdiklerini&#8221; savundu.<\/p>\n<p style=\"text-align: justify;\">Regev, &#8220;Maalesef, gemidekiler demir \u00e7ubuklarla, b\u0131\u00e7aklarla ve ger\u00e7ek mermilerle a\u015f\u0131r\u0131 bir g\u00fc\u00e7 ile sald\u0131rd\u0131lar&#8221; diye konu\u015ftu.<\/p>\n<p style=\"text-align: justify;\"><span style=\"text-decoration: underline;\">\u0130srail ordu s\u00f6zc\u00fcs\u00fc General Avi Benayahu<\/span><strong> <\/strong>da, komandolar\u0131n operasyonunun uluslararas\u0131 sularda yap\u0131ld\u0131\u011f\u0131n\u0131 s\u00f6yledi.<\/p>\n<p style=\"text-align: justify;\">General Benayahu devlet radyosuna a\u00e7\u0131klamas\u0131nda, &#8220;Komandolar, sabah 04.30 ve 05.00 (TS\u0130 04.30-05.00) aras\u0131nda k\u0131y\u0131lar\u0131m\u0131zdan 70-80 mil (130-150 kilometre) mesafede m\u00fcdahale ettiler&#8221; dedi.<\/p>\n<p style=\"text-align: justify;\">Bu arada, \u00d6zg\u00fcr Gazze Hareketi&#8217;nin internet sitesinde yay\u0131mlanan a\u00e7\u0131klamada da, \u0130srail&#8217;in Gazze&#8217;ye yard\u0131m g\u00f6t\u00fcren gemilere sald\u0131r\u0131s\u0131n\u0131n &#8220;uluslararas\u0131 sularda, \u0130srail k\u0131y\u0131s\u0131na 75 mil uzakl\u0131kta d\u00fczenlendi\u011fi ve bunun uluslararas\u0131 hukukun ihlali oldu\u011fu&#8221; belirtildi.<\/p>\n<p style=\"text-align: justify;\"><span style=\"text-decoration: underline;\">\u00d6zg\u00fcr Gazze Hareketi<\/span>, Gazze&#8217;nin ku\u015fat\u0131lmas\u0131na son verilmesine y\u00f6nelik Avrupa kampanyas\u0131 ECESG, \u0130nsani Yard\u0131m Vakf\u0131 (\u0130HH), Perdana K\u00fcresel Bar\u0131\u015f \u00d6rg\u00fct\u00fc, Gazze Ku\u015fat\u0131lmas\u0131n\u0131n Kald\u0131r\u0131lmas\u0131na Y\u00f6nelik Uluslararas\u0131 Komite ile Gazze i\u00e7in Yunanistan ve \u0130sve\u00e7 yard\u0131m kurulu\u015flar\u0131ndan olu\u015fan koalisyonunun ortak a\u00e7\u0131klamas\u0131nda, Gazze&#8217;deki Filistinlilere acil yard\u0131m da\u011f\u0131tmay\u0131 hedefleyen sivillere y\u00f6nelik sald\u0131r\u0131n\u0131n durdurulmas\u0131 ve gemilere yollar\u0131na devam etme izni verilmesi istendi.<\/p>\n<p style=\"text-align: justify;\"><span style=\"text-decoration: underline;\">\u0130srail ordusu<\/span>ndan da\u011f\u0131t\u0131lan son g\u00f6r\u00fcnt\u00fcler de Bakan Yard\u0131mc\u0131s\u0131&#8217;n\u0131 do\u011frular nitelikte. G\u00f6r\u00fcnt\u00fclerde \u0130srail ordusunun anonslarla gemileri yakla\u015fmama konusunda uyard\u0131\u011f\u0131 g\u00f6r\u00fcl\u00fcyor, ancak g\u00f6r\u00fcnt\u00fclerin ne zaman \u00e7ekildi\u011fine dair hi\u00e7bir bilgi yok. Yani g\u00f6r\u00fcnt\u00fcler, sald\u0131r\u0131n\u0131n ard\u0131ndan da \u00e7ekilmi\u015f olabilir.<\/p>\n<p style=\"text-align: justify;\">\u0130srail taraf\u0131ndan bir di\u011fer a\u00e7\u0131klama ise ordudan geldi. \u0130srail ordusu IDF bas\u0131n s\u00f6zc\u00fcs\u00fc Abital Leibovic, &#8220;Gemideki T\u00fcrk aktivistlerin askerleri lin\u00e7 etmeye \u00e7al\u0131\u015ft\u0131\u011f\u0131n\u0131&#8221; s\u00f6yledi.<\/p>\n<p style=\"text-align: justify;\"><span style=\"color: #888888;\">CNN T\u00dcRK<\/span><\/p>\n","protected":false},"excerpt":{"rendered":"<p style=\"text-align: center;\">\n<p style=\"text-align: justify;\">\u0130srail taraf\u0131ndan sonunda beklenen a\u00e7\u0131klama geldi. D\u0131\u015fi\u015fleri Bakan Yard\u0131mc\u0131s\u0131 Danny Ayalon, &#8220;Gemilerdeki protestocular\u0131n Hamas ba\u011flant\u0131l\u0131 oldu\u011funu ve \u0130srail askerlerine sald\u0131rd\u0131klar\u0131n\u0131 iddia etti. Ayalon&#8217;a g\u00f6re gemilerde \u00e7ok say\u0131da silah bulundu. Ayalon, \u00f6l\u00fcmler nedeniyle de \u00fcz\u00fcnt\u00fcl\u00fc olduklar\u0131n\u0131 belirtti.<\/p>\n","protected":false},"author":1,"featured_media":0,"comment_status":"open","ping_status":"closed","sticky":false,"template":"","format":"standard","meta":{"footnotes":""},"categories":[3],"tags":[],"class_list":["post-23251","post","type-post","status-publish","format-standard","hentry","category-dunya","odd"],"_links":{"self":[{"href":"http:\/\/www.korhanyilmaz.com\/index.php?rest_route=\/wp\/v2\/posts\/23251","targetHints":{"allow":["GET"]}}],"collection":[{"href":"http:\/\/www.korhanyilmaz.com\/index.php?rest_route=\/wp\/v2\/posts"}],"about":[{"href":"http:\/\/www.korhanyilmaz.com\/index.php?rest_route=\/wp\/v2\/types\/post"}],"author":[{"embeddable":true,"href":"http:\/\/www.korhanyilmaz.com\/index.php?rest_route=\/wp\/v2\/users\/1"}],"replies":[{"embeddable":true,"href":"http:\/\/www.korhanyilmaz.com\/index.php?rest_route=%2Fwp%2Fv2%2Fcomments&post=23251"}],"version-history":[{"count":0,"href":"http:\/\/www.korhanyilmaz.com\/index.php?rest_route=\/wp\/v2\/posts\/23251\/revisions"}],"wp:attachment":[{"href":"http:\/\/www.korhanyilmaz.com\/index.php?rest_route=%2Fwp%2Fv2%2Fmedia&parent=23251"}],"wp:term":[{"taxonomy":"category","embeddable":true,"href":"http:\/\/www.korhanyilmaz.com\/index.php?rest_route=%2Fwp%2Fv2%2Fcategories&post=23251"},{"taxonomy":"post_tag","embeddable":true,"href":"http:\/\/www.korhanyilmaz.com\/index.php?rest_route=%2Fwp%2Fv2%2Ftags&post=23251"}],"curies":[{"name":"wp","href":"https:\/\/api.w.org\/{rel}","templated":true}]}}