{"id":23238,"date":"2010-05-30T08:54:37","date_gmt":"2010-05-30T05:54:37","guid":{"rendered":"http:\/\/www.korhanyilmaz.com\/?p=23238"},"modified":"2010-05-30T08:54:37","modified_gmt":"2010-05-30T05:54:37","slug":"baserden-iktidara-agir-sozler","status":"publish","type":"post","link":"http:\/\/www.korhanyilmaz.com\/?p=23238","title":{"rendered":"Ba\u015fer&#8217;den iktidara a\u011f\u0131r s\u00f6zler"},"content":{"rendered":"<p style=\"text-align: center;\"><a href=\"http:\/\/www.korhanyilmaz.com\/wp-content\/uploads\/2010\/05\/014.jpg\"  class=\"lightview\"><img loading=\"lazy\" decoding=\"async\" class=\"aligncenter size-full wp-image-23239\" src=\"http:\/\/www.korhanyilmaz.com\/wp-content\/uploads\/2010\/05\/014.jpg\" alt=\"\" width=\"420\" height=\"210\" \/><\/a><\/p>\n<p style=\"text-align: justify;\"><strong>Bizdekinin ad\u0131 demokrasi ama kendisi orta oyunu<\/strong><\/p>\n<p style=\"text-align: justify;\">82 Anayasas\u0131\u2019n\u0131n bug\u00fcne kadar 90 kez de\u011fi\u015ftirildi\u011fini hat\u0131rlatan emekli general Ba\u015fer, \u201c12 Eyl\u00fcl Anayasas\u0131 diye bir \u015fey kalmad\u0131 ki\u201d diyor. Ba\u015fer \u00fclkedeki durumu \u201cBunun ad\u0131 demokrasi kendi orta oyunu\u201d diye yorumluyor. <!--more--><\/p>\n<p style=\"text-align: justify;\">Ter\u00f6rle M\u00fccadele eski \u00d6zel Temsilcisi, emekli Orgeneral Edip Ba\u015fer, yeni M\u00fcste\u015far atanmas\u0131ndan sonra g\u00fcndeme gelen ve M\u0130T i\u00e7in d\u00fc\u015f\u00fcn\u00fclen CIA &#8211; FBI modelini, Anayasa de\u011fi\u015fikli\u011fini, tutuklu generalleri konu\u015ftuk.<\/p>\n<p style=\"text-align: justify;\">Yeditepe \u00dcniversitesi\u2019nde ders veren Ba\u015fer, Ter\u00f6rle M\u00fccadele \u00d6zel Temsilcili\u011fi g\u00f6revinden al\u0131nmas\u0131nda etkisi oldu\u011fu iddia edilen Barzani\u2019nin geli\u015fini de VATAN\u2019a de\u011ferlendirdi.<\/p>\n<p style=\"text-align: justify;\"><strong><a href=\"http:\/\/www.korhanyilmaz.com\/wp-content\/uploads\/2010\/05\/024.jpg\"  class=\"lightview\"><img loading=\"lazy\" decoding=\"async\" class=\"alignleft size-full wp-image-23240\" style=\"margin-left: 10px; margin-right: 10px;\" src=\"http:\/\/www.korhanyilmaz.com\/wp-content\/uploads\/2010\/05\/024.jpg\" alt=\"\" width=\"270\" height=\"252\" \/><\/a>TSK\u2019dan bunca bilginin nas\u0131l s\u0131zd\u0131\u011f\u0131n\u0131 merak ediyorum. Derin bir \u00e7atlak m\u0131 var? TSK nereden s\u0131zd\u0131\u011f\u0131n\u0131 biliyor mudur sizce? <\/strong><\/p>\n<p style=\"text-align: justify;\">Bilmez mi, mutlaka biliniyordur. Ayr\u0131ca bulunabilir. Kendi i\u00e7lerinde incelemeyi yap\u0131yorlard\u0131r. Ama dedi\u011fim gibi siyaset e\u011fer bu kurumlar\u0131n i\u00e7ine elini sokmaya ba\u015flarsa, orada s\u0131k\u0131nt\u0131 ba\u015flar. TSK\u2019ya da e\u011fer siyaset b\u00f6yle kadrola\u015fma amac\u0131yla girme hevesine kap\u0131l\u0131rsa, baz\u0131 kadrolarda baz\u0131 yerlerde baz\u0131 ki\u015filer varsa e\u011fer TSK\u2019ya b\u00fcy\u00fck zarar verir. TSK\u2019ya zarar vermesi bu \u00fclkeye, bu millete zarar vermesi anlam\u0131na gelir. Bu askerler d\u00fcnyadaki en iyi e\u011fitimleri al\u0131yorlar. Ama insanlar\u0131n i\u00e7inden de yanl\u0131\u015f yapacak adam \u00e7\u0131kar m\u0131, \u00e7\u0131kar. \u0130nsano\u011flu bu. Orduyu sanki bu milletin d\u0131\u015f\u0131nda ayr\u0131 bir unsurmu\u015f gibi g\u00f6rmek ve g\u00f6stermek \u00fclkeye ihanettir. Kas\u0131tl\u0131 olarak yap\u0131ld\u0131\u011f\u0131 millete anlat\u0131lmal\u0131. Milletten ay\u0131r\u0131r sonra ta\u015f att\u0131r\u0131r, \u2019\u0130\u015fte Darbe yapacak ordu\u2019derseniz olmaz.<\/p>\n<p style=\"text-align: justify;\"><strong>Ama ordu da darbeler yapm\u0131\u015ft\u0131r? <\/strong><\/p>\n<p style=\"text-align: justify;\">Evet ama darbeleri kimse savunmuyor. Peki Orduyu darbe yapmaya mecbur hissedecek noktaya hangi ko\u015fullar getirmi\u015ftir? Generaller bir ak\u015fam oturup \u00e7ay i\u00e7erken \u201cDarbe yapal\u0131m iyi mi olur\u201d demi\u015flerdir yani. Yoksa \u00fclkenin \u00e7ok b\u00fcy\u00fck felaketlere u\u011frayabilece\u011fi zann\u0131na kap\u0131labilece\u011fi bir noktaya m\u0131 gelmi\u015ftir durum. \u00dclkeyi bu noktaya getiren siyasilerin hi\u00e7 mi kabahati yok? Tamam darbeleri yapan askerleri asal\u0131m ama siyasilerin hi\u00e7 mi kabahati yok?<\/p>\n<p style=\"text-align: justify;\"><strong>15. maddeye \u2019Siyaset\u00e7iler de eklensin mi diyorsunuz?<\/strong><\/p>\n<p style=\"text-align: justify;\">\u00d6yle bir \u015fey istedi\u011fim yok ama TSK\u2019n\u0131n bu kadar sahipsiz b\u0131rak\u0131lmas\u0131na \u00e7ok i\u00e7erliyorum.<\/p>\n<p style=\"text-align: justify;\"><strong>12 Eyl\u00fclc\u00fclerin yarg\u0131lanmas\u0131 g\u00fcndeme gelecek mi? Ne d\u00fc\u015f\u00fcn\u00fcyorsunuz?<\/strong><\/p>\n<p style=\"text-align: justify;\">Bu anayasa 83 y\u0131l\u0131ndan bug\u00fcne kadar 90 k\u00fcsur defa de\u011fi\u015fikli\u011fe u\u011fram\u0131\u015f. Gelen siyasi y\u00f6netimler be\u011fenmemi\u015f, de\u011fi\u015ftirmi\u015fler. Hi\u00e7birinde de asker yeniden darbe yapmaya kalk\u0131p, \u2019dokunan\u0131 yakar\u0131m\u2019dememi\u015f. Bug\u00fcn ise hala s\u00f6ylenen, \u201cBu 12 Eyl\u00fcl anayasas\u0131. Biz bunu de\u011fi\u015ftirerek, 12 Eyl\u00fcl\u2019den intikam alaca\u011f\u0131z\u201d.<\/p>\n<p style=\"text-align: justify;\"><strong>O intikam al\u0131nm\u0131\u015f olunur mu peki?<\/strong><\/p>\n<p style=\"text-align: justify;\">\u00c7ok afedersiniz, yanl\u0131\u015f bir laf, ama s\u00f6yleyece\u011fim: B\u00f6yle salak\u00e7a bir ifade olabilir mi? \u201c12 Eyl\u00fcl Anayasas\u0131\u201d diye bir \u015fey zaten kalmam\u0131\u015f. Di\u011fer maddeleri de ge\u00e7mi\u015f y\u00f6netimler de\u011fi\u015ftirse, kimsenin diyece\u011fi bir \u015fey yoktu.<\/p>\n<p style=\"text-align: justify;\"><strong>De\u011fi\u015fmesinde sak\u0131nca yok size g\u00f6re yani? <\/strong><\/p>\n<p style=\"text-align: justify;\">Yok tabii ki. Her anayasan\u0131n, yasa gibi de\u011fi\u015ftirilmesi gereken yerleri olur. Nitekim parlamentoda de\u011fi\u015ftiriyorlar. Ama kalk\u0131p \u201caskerden intikam al\u0131yoruz\u201d havas\u0131na sokarsan\u0131z, \u201cbir dakika\u201d demem gerekir. Kimin askerinden intikam al\u0131yorsun ve bunca y\u0131ld\u0131r akl\u0131n nerdeydi?<\/p>\n<p style=\"text-align: justify;\"><strong>Kenan Evren yarg\u0131lan\u0131r m\u0131, yarg\u0131lanmal\u0131 m\u0131?<\/strong><\/p>\n<p style=\"text-align: justify;\">O madde kald\u0131r\u0131ld\u0131, 90 k\u00fcsur ya\u015f\u0131ndaki insan\u0131 al\u0131n yarg\u0131lay\u0131n. Hatta yarg\u0131lamadan \u00f6nce g\u00f6zalt\u0131nda bir iki sene tutun. Bu kafayla ancak \u00f6yle olur zannediyorum. Millet b\u00f6yle olmas\u0131n\u0131 arzu ediyorsa tamam. Bizdekinin ad\u0131 demokrasi de, i\u00e7erde bir \u201corta oyunu\u201d oynan\u0131yor. Milletvekili dokunulmazl\u0131\u011f\u0131 gibi anla\u015f\u0131lmaz bir \u015fey var. En adi su\u00e7lar\u0131 i\u015flemi\u015f insanlar\u0131n su\u00e7 dosyalar\u0131 geride kalm\u0131\u015f, kendileri TBMM\u2019de, bu ulusu temsil ediyorlar. El kald\u0131r\u0131p indirmeler, bir parti liderinin karar\u0131na ba\u011fl\u0131.<\/p>\n<p style=\"text-align: justify;\"><strong>Siyaset bunlarla m\u0131 u\u011fra\u015fs\u0131n diyorsunuz? <\/strong><\/p>\n<p style=\"text-align: justify;\">Yani siz b\u00f6yle bir sisteme nas\u0131l demokrasi dersiniz? Demokrasinin bu kadar eksi\u011fi gedi\u011fi varken ve d\u00fczeltmenin \u00e7aresini aramak gerekirken, siz 12 Eyl\u00fcl\u2019\u00fc yapan, 90 ya\u015f\u0131ndaki ki\u015fileri asmay\u0131 \u00fclke \u00e7\u0131karlar\u0131 a\u00e7\u0131s\u0131ndan daha \u00f6nemli g\u00f6r\u00fcyorsan\u0131z diyece\u011fim bir \u015fey olamaz.<\/p>\n<p style=\"text-align: justify;\"><strong>Yarg\u0131yla ilgili de\u011fi\u015fiklikleri nas\u0131l de\u011ferlendiriyorsunuz? <\/strong><\/p>\n<p style=\"text-align: justify;\">Siyasetin girmemesi gereken en \u00f6nemli alanlardan biri yarg\u0131d\u0131r. Yarg\u0131, siyasetin etki alan\u0131 d\u0131\u015f\u0131nda kalmal\u0131 ki, ben ona \u201cba\u011f\u0131ms\u0131z yarg\u0131\u201d olarak bakay\u0131m. Bug\u00fcn bana laz\u0131msa, yar\u0131n size laz\u0131m olur. Sizden sonra gelen bir ba\u015fkas\u0131 onu kendi istikametine sokmak i\u00e7in u\u011fra\u015facakt\u0131r. O bunun taraftar\u0131, \u015fu bunun taraftar\u0131. Tanr\u0131 T\u00fcrk yarg\u0131s\u0131n\u0131 -hala d\u00fc\u015fmediyse- bundan korusun. Bir \u00fclke i\u00e7in d\u00fc\u015f\u00fcnebilecek en \u00f6nemli tehlikelerden biri budur.<\/p>\n<p style=\"text-align: justify;\"><span style=\"color: #993300;\"><strong>\u0130mral\u0131 kral gibi, emekli generale e\u015fi \u00e7ama\u015f\u0131r g\u00f6t\u00fcremiyor <\/strong><\/span><\/p>\n<p style=\"text-align: justify;\"><strong>Ergenekon san\u0131klar\u0131 emekli generaller i\u00e7in ne s\u00f6yleyeceksiniz? <\/strong><\/p>\n<p style=\"text-align: justify;\">Ter\u00f6r, hukuk kurallar\u0131 i\u00e7erisinde \u00e7\u00f6z\u00fclmeli. Ne yap\u0131lacaksa \u00e7ok etkin yap\u0131lmal\u0131. Ama 30- 40 bin ki\u015finin \u00f6l\u00fcm\u00fcnden mahkeme karar\u0131yla sorumlu tutulmu\u015f, a\u011f\u0131rla\u015ft\u0131r\u0131lm\u0131\u015f \u00f6m\u00fcr boyu hapis cezas\u0131na \u00e7arpt\u0131r\u0131lm\u0131\u015f bir adam, cezaevinden hala ter\u00f6r \u00f6rg\u00fct\u00fcn\u00fc y\u00f6netmeye devam ediyorsa, orada hukuk d\u0131\u015f\u0131 bir durum var demektir. Bu hukuka s\u0131\u011fmaz. Di\u011fer yandan tutuklad\u0131klar\u0131 emekli orgenerale e\u015fi \u00e7ama\u015f\u0131r g\u00f6t\u00fcrd\u00fc\u011f\u00fcnde i\u00e7eri alm\u0131yorlar. Hak m\u0131d\u0131r, adalet midir bu? Orada ayr\u0131 bir cezaevi yapm\u0131\u015fs\u0131n\u0131z, krallar gibi ya\u015fatacaks\u0131n\u0131z, can\u0131 s\u0131k\u0131l\u0131yor diye beyefendiye t\u00fcm imkanlar\u0131 sa\u011flayacaks\u0131n\u0131z. Avukatlar\u0131na talimat verecek, Meclis\u2019teki siyaset\u00e7i ona g\u00f6re konu\u015facak, da\u011fdaki adam ona g\u00f6re eylem yapacak ve buna \u2019hukuk sistemi\u2019 diyeceksiniz.<\/p>\n<p style=\"text-align: justify;\"><span style=\"color: #993300;\"><strong>\u00dcst d\u00fczey yetkililer \u2018Barzani\u2019yle g\u00f6r\u00fc\u015f\u2019 dediler <\/strong><\/span><\/p>\n<p style=\"text-align: justify;\"><strong>Barzani T\u00fcrkiye\u2019ye geliyor. Sizin d\u00f6neminizde olduk\u00e7a s\u0131k\u0131nt\u0131l\u0131 g\u00fcnler ya\u015fand\u0131. \u015eimdi k\u0131rm\u0131z\u0131 hal\u0131yla kar\u015f\u0131lan\u0131r m\u0131? <\/strong><\/p>\n<p style=\"text-align: justify;\">T\u00fcrkiye\u2019de \u00f6yle \u015feyler oluyor ki, bunun olmayaca\u011f\u0131n\u0131 s\u00f6ylemek art\u0131k pek kolay de\u011fil. Ancak belki de\u011fi\u015fmi\u015f, farkl\u0131 bir siyaset benimsemi\u015ftir. PKK ile m\u00fccadele ba\u015flad\u0131\u011f\u0131nda uzunca s\u00fcre Barzani\u2019nin pe\u015fmergeleri, Mehmet\u00e7ilerin yan\u0131nda operasyonlara kat\u0131ld\u0131lar. T\u00fcrkiye\u2019ye olduk\u00e7a yard\u0131mc\u0131 oldu. Sonras\u0131nda ise Barzani Irak\u2019\u0131n kuzeyinde yerle\u015fik PKK unsurlar\u0131na tam bir serbestlik tan\u0131m\u0131\u015f, her t\u00fcrl\u00fc lojistik deste\u011fi vermi\u015ftir.<\/p>\n<p style=\"text-align: justify;\"><strong>\u2018Kedi bile vermem\u2019 demi\u015fti? <\/strong><\/p>\n<p style=\"text-align: justify;\">Bu t\u00fcr s\u00f6zler etti. Bu g\u00fc\u00e7 Barzani\u2019ye Atlantik \u00f6tesinden gelmi\u015ftir ve bu, dostlu\u011funu tart\u0131\u015ft\u0131\u011f\u0131m\u0131z ABD\u2019dir. PKK\u2019y\u0131 destekleyen birine kol kanat geriyorsan\u0131z, benim g\u00f6z\u00fcmde onu da destekliyorsunuz demektir. O d\u00f6nemde filmlerle, videolarla tesbitler yapt\u0131k.<\/p>\n<p style=\"text-align: justify;\"><strong>Ama g\u00f6r\u00fc\u015fmeye hi\u00e7bir \u015fekilde yana\u015fmad\u0131n\u0131z? <\/strong><\/p>\n<p style=\"text-align: justify;\">\u2019G\u00f6r\u00fc\u015fmeyi i\u00e7ime sindiremem \u00fcstelik fayda da g\u00f6rm\u00fcyorum\u2019 dedim. Barzani nezdinde s\u00f6z\u00fc dinlenir ki\u015filerle temastayd\u0131k. Onlarla haber g\u00f6ndermemize ra\u011fmen bir de\u011fi\u015fiklik olmad\u0131. O \u00fcst d\u00fczey ki\u015filer PKK\u2019n\u0131n \u00e7\u00f6z\u00fclmesini sa\u011flar gibi \u00fcmitler ta\u015f\u0131yorlard\u0131 belki. Ama benim \u00fcmidim yoktu.<\/p>\n<p style=\"text-align: justify;\"><strong><span style=\"color: #993300;\">M\u0130T\u2019e atamada siyasi g\u00f6r\u00fcnt\u00fc var <\/span><\/strong><\/p>\n<p style=\"text-align: justify;\"><strong>M\u0130T\u2019in i\u00e7in d\u00fc\u015f\u00fcn\u00fclen CIA -FBI modeli, iki ayakl\u0131 yap\u0131 uygulanabilir mi? <\/strong><\/p>\n<p style=\"text-align: justify;\">Uygulan\u0131r m\u0131 ve gerek var m\u0131 diye \u00e7ok iyi d\u00fc\u015f\u00fcnmek laz\u0131m. T\u00fcrkiye b\u00fcy\u00fck bir \u00fclke, bunu yads\u0131mak m\u00fcmk\u00fcn de\u011fil. Ama T\u00fcrkiye\u2019nin bu ko\u015fullar\u0131nda t\u00fcm d\u00fcnyay\u0131 y\u00f6neten ABD\u2019nin sistemini aynen kopya etmesi gerekiyor mu, gerekmiyor mu?<\/p>\n<p style=\"text-align: justify;\"><strong>Size g\u00f6re sak\u0131ncas\u0131 nedir? <\/strong><\/p>\n<p style=\"text-align: justify;\">Bir sistemi kurars\u0131n\u0131z do\u011fru. Ancak o sistemi aktif, etkin bir \u015fekilde \u00e7al\u0131\u015ft\u0131rma imkan\u0131n\u0131z olmazsa, hantal bir sistem olarak devletin s\u0131rt\u0131na yeni bir kambur daha ilave etmi\u015f olursunuz. Ama ger\u00e7ekten etkin olarak kullanabilece\u011finiz bir sistem kurmay\u0131 d\u00fc\u015f\u00fcn\u00fcyorsan\u0131z, ona kimsenin bir diyece\u011fi olmaz.<\/p>\n<p style=\"text-align: justify;\"><strong>Ba\u015fbakan\u2019\u0131n d\u0131\u015f istihbarat a\u011f\u0131rl\u0131kl\u0131 yeni d\u00f6nem mesaj\u0131n\u0131 nas\u0131l de\u011ferlendiriyorsunuz? <\/strong><\/p>\n<p style=\"text-align: justify;\">Ba\u015fbakan neyi kast etti bilmem m\u00fcmk\u00fcn de\u011fil. Ama geneline bakarsak; \u0130stihbarat bir b\u00fct\u00fcnd\u00fcr. D\u0131\u015fa \u00f6nem ver, i\u00e7e verme veya tam tersi bir ayr\u0131m, bana g\u00f6re sa\u011fl\u0131kl\u0131 olmaz. \u0130stihbarat birbirini b\u00fct\u00fcnler \u00e7\u00fcnk\u00fc. \u0130\u00e7 istihbarat ve d\u0131\u015f istihbarat\u0131 birbirinden kopar\u0131p, ay\u0131ramazs\u0131n\u0131z. Benim a\u00e7\u0131klamalardan anlad\u0131\u011f\u0131m kadar\u0131yla bir birime i\u00e7 istihbarat g\u00f6revini vereceksiniz, ana istihbarat kurulu\u015funuz M\u0130T\u2019e sadece d\u0131\u015f g\u00f6rev vereceksiniz.<\/p>\n<p style=\"text-align: justify;\"><strong>Bir yandan da Kamu G\u00fcvenli\u011fi M\u00fcste\u015farl\u0131\u011f\u0131 devreye giriyor. Ancak M\u0130T uzun y\u0131llard\u0131r bu i\u015fi y\u00fcr\u00fcten kurum. Te\u015fkilat bu b\u00f6l\u00fcnmeyi kald\u0131rabilir mi sizce? <\/strong><\/p>\n<p style=\"text-align: justify;\">M\u0130T\u2019i nas\u0131l etkileyecek, yeni te\u015fkilat yap\u0131s\u0131 ne olacak bilemiyorum. M\u0130T\u2019in baz\u0131 fonksiyonlar\u0131n\u0131 devralmas\u0131 s\u00f6z konusu mu o da belli de\u011fil. Ama benim bildi\u011fim bu M\u00fcste\u015farl\u0131k, ter\u00f6rle m\u00fccadele konusundaki t\u00fcm devlet kurumlar\u0131n\u0131n, birimlerinin faaliyetlerini kontrol etmek i\u00e7in kuruluyor. Benim d\u00f6nemimde Ter\u00f6rle M\u00fccadele Y\u00fcksek Kurulu vard\u0131 ve fazla etkin oldu\u011funu s\u00f6yleyemem.<\/p>\n<p style=\"text-align: justify;\"><strong>KGM bu a\u00e7\u0131\u011f\u0131 kapatabilir mi? <\/strong><\/p>\n<p style=\"text-align: justify;\">Bir \u00e7\u00f6z\u00fcm olarak KGM g\u00f6r\u00fclm\u00fc\u015f demek ki. Ter\u00f6rle m\u00fccadelede \u015fimdiye kadar bir t\u00fcrl\u00fc yap\u0131lamayan, devletin t\u00fcm birimlerinin \u00fczerlerine d\u00fc\u015fen g\u00f6revi tam olarak yapmalar\u0131n\u0131 sa\u011flar, mutlak e\u015fg\u00fcd\u00fcm\u00fc yapabilirse, yararl\u0131 hizmetler yapabilir. Baz\u0131 politikalar\u0131 h\u00fck\u00fcmete empoze edebilir, ter\u00f6rle m\u00fccadeleyle ilgili politakalara \u00f6neriler getirebilir. Yaparsa yararl\u0131 da olabilir.<\/p>\n<p style=\"text-align: justify;\"><strong>M\u0130T d\u0131\u015f istihbarat a\u011f\u0131rl\u0131kl\u0131 \u00e7al\u0131\u015facak. \u0130\u00e7 istihbaratla ilgili art\u0131k sorunumuz kalmad\u0131 m\u0131 demek bu? <\/strong><\/p>\n<p style=\"text-align: justify;\">Mesela PKK\u2019n\u0131n en \u00f6nemli faaliyetleri Avrupa \u00fclkelerindedir. Almanya ba\u015fta olmak \u00fczere t\u00fcm finans faaliyetleri oradad\u0131r. B\u00fct\u00fcn buralarda bu \u00f6rg\u00fct\u00fcn faaliyeti hakk\u0131nda bilgi toplama meselesini kim yapacak ? \u201cTer\u00f6r i\u00e7 mesele, PKK i\u00e7 mesele\u201d diye bak\u0131p, i\u00e7 istihbarat birimleri mi yapacak? Buna benzer daha bir\u00e7ok \u00f6rnek verilebilir. Pe\u015fin h\u00fck\u00fcm vermek taraftar\u0131 de\u011filim. Enine boyuna tart\u0131\u015fmadan h\u00fck\u00fcm verilmez, ben ki\u015fisel g\u00f6r\u00fc\u015flerimi s\u00f6yl\u00fcyorum.<\/p>\n<p style=\"text-align: justify;\"><strong>M\u0130T koltu\u011funa eski astsubay oturdu. Korgeneral gelene\u011fi y\u0131k\u0131ld\u0131? <\/strong><\/p>\n<p style=\"text-align: justify;\">Ben hi\u00e7bir devlet g\u00f6revinde \u015fu seviye, bu seviyede diye bir \u015feyi \u00f6ne almak taraftar\u0131 de\u011filim. \u00d6ne al\u0131nacak \u015feyler farkl\u0131d\u0131r. M\u0130T M\u00fcste\u015farl\u0131\u011f\u0131 \u00e7ok \u00f6nemli bir g\u00f6rev. Hakikaten T\u00fcrkiye\u2019nin g\u00fcvenli\u011fi a\u00e7\u0131s\u0131ndan \u00e7ok \u00f6nemli oldu\u011fu tart\u0131\u015f\u0131lmaz.<\/p>\n<p style=\"text-align: justify;\"><strong>Nedir \u00f6ne al\u0131nmas\u0131 gereken? Yine \u2019Siyasi etki\u2019 mi? <\/strong><\/p>\n<p style=\"text-align: justify;\">Elbette. Siyasi kadrola\u015fma amac\u0131 g\u00fcden g\u00f6revlendirmeler mutlaka \u00fclkeye zarar verir ki, ka\u00e7\u0131n\u0131lmas\u0131 laz\u0131m.<\/p>\n<p style=\"text-align: justify;\"><strong>Fidan\u2019\u0131n buraya geli\u015fi size \u2019Ortada siyasi bir durum var\u2019 g\u00f6r\u00fcnt\u00fcs\u00fc m\u00fc veriyor? <\/strong><\/p>\n<p style=\"text-align: justify;\">\u00d6yle bir g\u00f6r\u00fcnt\u00fc oldu\u011fu kesin. Yoksa emekli bir astsubay olmas\u0131 beni hi\u00e7 ba\u011flamaz.<\/p>\n<p style=\"text-align: justify;\"><span style=\"color: #808080;\">Deniz G\u00fc\u00e7er &#8211; VATAN<\/span><\/p>\n","protected":false},"excerpt":{"rendered":"<p style=\"text-align: center;\">\n<p style=\"text-align: justify;\">Bizdekinin ad\u0131 demokrasi ama kendisi orta oyunu<\/p>\n<p style=\"text-align: justify;\">82 Anayasas\u0131\u2019n\u0131n bug\u00fcne kadar 90 kez de\u011fi\u015ftirildi\u011fini hat\u0131rlatan emekli general Ba\u015fer, \u201c12 Eyl\u00fcl Anayasas\u0131 diye bir \u015fey kalmad\u0131 ki\u201d diyor. Ba\u015fer \u00fclkedeki durumu \u201cBunun ad\u0131 demokrasi kendi orta oyunu\u201d diye yorumluyor. <\/p>\n","protected":false},"author":1,"featured_media":0,"comment_status":"open","ping_status":"closed","sticky":false,"template":"","format":"standard","meta":{"footnotes":""},"categories":[105],"tags":[],"class_list":["post-23238","post","type-post","status-publish","format-standard","hentry","category-gundem","odd"],"_links":{"self":[{"href":"http:\/\/www.korhanyilmaz.com\/index.php?rest_route=\/wp\/v2\/posts\/23238","targetHints":{"allow":["GET"]}}],"collection":[{"href":"http:\/\/www.korhanyilmaz.com\/index.php?rest_route=\/wp\/v2\/posts"}],"about":[{"href":"http:\/\/www.korhanyilmaz.com\/index.php?rest_route=\/wp\/v2\/types\/post"}],"author":[{"embeddable":true,"href":"http:\/\/www.korhanyilmaz.com\/index.php?rest_route=\/wp\/v2\/users\/1"}],"replies":[{"embeddable":true,"href":"http:\/\/www.korhanyilmaz.com\/index.php?rest_route=%2Fwp%2Fv2%2Fcomments&post=23238"}],"version-history":[{"count":0,"href":"http:\/\/www.korhanyilmaz.com\/index.php?rest_route=\/wp\/v2\/posts\/23238\/revisions"}],"wp:attachment":[{"href":"http:\/\/www.korhanyilmaz.com\/index.php?rest_route=%2Fwp%2Fv2%2Fmedia&parent=23238"}],"wp:term":[{"taxonomy":"category","embeddable":true,"href":"http:\/\/www.korhanyilmaz.com\/index.php?rest_route=%2Fwp%2Fv2%2Fcategories&post=23238"},{"taxonomy":"post_tag","embeddable":true,"href":"http:\/\/www.korhanyilmaz.com\/index.php?rest_route=%2Fwp%2Fv2%2Ftags&post=23238"}],"curies":[{"name":"wp","href":"https:\/\/api.w.org\/{rel}","templated":true}]}}