{"id":23232,"date":"2010-05-31T09:02:10","date_gmt":"2010-05-31T06:02:10","guid":{"rendered":"http:\/\/www.korhanyilmaz.com\/?p=23232"},"modified":"2010-05-31T09:02:10","modified_gmt":"2010-05-31T06:02:10","slug":"one-minutenin-bedelini-odettiler","status":"publish","type":"post","link":"http:\/\/www.korhanyilmaz.com\/?p=23232","title":{"rendered":"&#8216;One Minute&#8217;nin bedelini \u00f6dettiler&#8217;"},"content":{"rendered":"<p style=\"text-align: center;\"><a href=\"http:\/\/www.korhanyilmaz.com\/wp-content\/uploads\/2010\/05\/023.jpg\"  class=\"lightview\"><img loading=\"lazy\" decoding=\"async\" class=\"aligncenter size-full wp-image-23233\" src=\"http:\/\/www.korhanyilmaz.com\/wp-content\/uploads\/2010\/05\/023.jpg\" alt=\"\" width=\"396\" height=\"198\" \/><\/a><\/p>\n<p style=\"text-align: justify;\"><strong>&#8216;Bu, silahs\u0131z insanlara kar\u015f\u0131 a\u00e7\u0131lm\u0131\u015f tek tarafl\u0131 bir sava\u015ft\u0131r&#8217; <\/strong><\/p>\n<p style=\"text-align: justify;\">\u0130nsan Hak ve H\u00fcrriyetleri (\u0130HH) \u0130nsani Yard\u0131m Vakf\u0131 Dan\u0131\u015fman Meclis \u00dcyesi Ahmet Mercan, sald\u0131r\u0131n\u0131n, akla gelebilecek, d\u00fc\u015f\u00fcn\u00fclebilecek bir olay olmad\u0131\u011f\u0131n\u0131 belirterek, &#8220;Bu, silahs\u0131z insanlara kar\u015f\u0131 a\u00e7\u0131lm\u0131\u015f tek tarafl\u0131 bir sava\u015ft\u0131r&#8221; dedi. <!--more--><\/p>\n<p style=\"text-align: justify;\">\u0130HH Genel Merkezinde AA muhabirine a\u00e7\u0131klamada bulunan Ahmet Mercan, \u0130srail&#8217;in, gemilere sald\u0131r\u0131s\u0131n\u0131 \u015fiddetle k\u0131nad\u0131klar\u0131n\u0131 s\u00f6yledi.<\/p>\n<p style=\"text-align: justify;\"><strong>Mercan, \u015f\u00f6yle konu\u015ftu:<\/strong><\/p>\n<p style=\"text-align: justify;\">&#8220;\u0130nsan, insan haklar\u0131, adalet, hukuk kavramlar\u0131 i\u00e7erisinde d\u00fc\u015f\u00fcnd\u00fc\u011f\u00fcm\u00fcz zaman bunun m\u00fcmk\u00fcn olmad\u0131\u011f\u0131n\u0131 d\u00fc\u015f\u00fcn\u00fcyorsun; fakat bu olayla birlikte \u015fu g\u00f6r\u00fcl\u00fcyor ki \u0130srail bir devlet ve bir toplumdan \u00f6te bir ter\u00f6r \u00f6rg\u00fct\u00fc oldu\u011funu ortaya koydu.&#8221;<\/p>\n<p style=\"text-align: justify;\">31 May\u0131s 2010 tarihinin, \u00e7ok \u00f6nemli bir k\u0131r\u0131lma noktas\u0131 oldu\u011funu ve bu tarihten itibaren sadece \u0130srail&#8217;in de\u011fil, d\u00fcnyan\u0131n da bir imtihan verdi\u011finin alt\u0131n\u0131 \u00e7izen Mercan, \u015f\u00f6yle dedi:<\/p>\n<p style=\"text-align: justify;\">&#8220;D\u00fcnyan\u0131n imtihan\u0131 \u015fudur: \u0130nsan haklar\u0131na sahip \u00e7\u0131kacak m\u0131? \u00e7\u0131kmayacak m\u0131? Tepkisi ne olacak? \u00c7\u00fcnk\u00fc bu, bir sava\u015ft\u0131r. Bu, silahs\u0131z insanlara kar\u015f\u0131 a\u00e7\u0131lm\u0131\u015f tek tarafl\u0131 bir sava\u015ft\u0131r. Sadece T\u00fcrkiye&#8217;ye de\u011fil. 50 \u00fclkeye kar\u015f\u0131 a\u00e7\u0131lm\u0131\u015f bir sava\u015ft\u0131r. \u0130nsanl\u0131\u011f\u0131n vicdan\u0131na a\u00e7\u0131lm\u0131\u015f bir sava\u015ft\u0131r. Ald\u0131\u011f\u0131m\u0131z bilgiler g\u00f6re, ilk ba\u015fta &#8216;3 \u00f6l\u00fc&#8217; denildi. Baz\u0131 \u0130srail kaynaklar\u0131 da 16 \u00f6l\u00fc oldu\u011funu yaz\u0131yor. Gemilerin de Hayfa Liman\u0131&#8217;na \u00e7ekildi\u011fi belirtiliyor. 30&#8217;un \u00fczerinde de yaral\u0131 oldu\u011fundan bahsediliyor.&#8221;<\/p>\n<p style=\"text-align: justify;\"><strong>One Minute&#8217;nin bedelini \u00f6dettiler<\/strong><\/p>\n<p style=\"text-align: justify;\">HABERT\u00dcRK yazar\u0131 <strong>Nihal Bengisu Karaca<\/strong> da, \u0130srail&#8217;in Gazze&#8217;ye yard\u0131m g\u00f6t\u00fcren konvoylara silahl\u0131 m\u00fcdahalesini \u015f\u00f6yle de\u011ferlendirdi: &#8220;<span style=\"text-decoration: underline;\">T\u00fcrkiye taraf\u0131n\u0131n tepkisinin olduk\u00e7a sert olaca\u011f\u0131 s\u00f6ylemi b\u00fcy\u00fck bir tahmin olmaz. Bu olay T\u00fcrkiye-\u0130srail sava\u015f\u0131na gider mi? Gitmeyebilir. \u0130srail&#8217;le ba\u011flar t\u00fcm\u00fcyle kopar\u0131lma noktas\u0131na gidilir. O noktada \u015fimdiden bir\u015fey s\u00f6ylemek \u00e7ok do\u011fru de\u011fil. Kan ak\u0131tarak One Minute&#8217;nin bedelini \u00f6dettiler.<\/span>&#8220;<\/p>\n<p style=\"text-align: justify;\"><strong>T\u00dcRK MUSEV\u0130 CEMAAT\u0130: \u00dcLKEM\u0130ZDEK\u0130 TEPK\u0130YE KATILIYORUZ <\/strong><\/p>\n<p style=\"text-align: justify;\">T\u00fcrk Musevi Cemaati Hahamba\u015f\u0131l\u0131\u011f\u0131 yapt\u0131\u011f\u0131 yaz\u0131l\u0131 a\u00e7\u0131klamada \u0130srail&#8217;in Gazze&#8217;ye insani yard\u0131m g\u00f6t\u00fcren konvoya d\u00fczenledi\u011fi sald\u0131r\u0131y\u0131 \u00fcz\u00fcnt\u00fcyle \u00f6\u011frendi\u011fini a\u00e7\u0131klad\u0131. Hahamba\u015f\u0131l\u0131k giri\u015fimin bu \u015fekilde durdurulmas\u0131 sonras\u0131 kamuoyunda olu\u015fan tepkilere kat\u0131ld\u0131klar\u0131n\u0131 ve \u00fcz\u00fcnt\u00fcy\u00fc payla\u015ft\u0131klar\u0131n\u0131 belirtti.<\/p>\n<p style=\"text-align: justify;\">Hahamba\u015f\u0131l\u0131k taraf\u0131ndan sabah saatlerinde yap\u0131lan yaz\u0131l\u0131 a\u00e7\u0131klamada \u015fu g\u00f6r\u00fc\u015flere yer verildi: &#8220;Gazze&#8217;ye do\u011fru hareket halinde olan Mavi Marmara gemisine yap\u0131lm\u0131\u015f olan askeri m\u00fcdahaleyi \u00fcz\u00fcnt\u00fcyle \u00f6\u011frenmi\u015f bulunmaktay\u0131z. Bas\u0131n\u0131m\u0131zdan ald\u0131\u011f\u0131m\u0131z ilk haberlere g\u00f6re, yap\u0131lan m\u00fcdahalede \u00f6l\u00fc ve yaral\u0131lar\u0131n oldu\u011fu hususu, bu \u00fcz\u00fcnt\u00fcm\u00fcz\u00fc fazlas\u0131yla artt\u0131rmaktad\u0131r. S\u00f6z konusu giri\u015fimin bu \u015fekilde durdurulmas\u0131n\u0131n \u00fclkemizde yaratt\u0131\u011f\u0131 tepkiye kat\u0131l\u0131yor ve kamuoyumuzla \u00fcz\u00fcnt\u00fcm\u00fcz\u00fc payla\u015f\u0131yoruz.&#8221;<\/p>\n<p style=\"text-align: justify;\"><a href=\"http:\/\/www9.gazetevatan.com\/one-minutenin-bedelini-odettiler\/308479\/1\/Gundem\" target=\"_blank\"><span style=\"color: #888888;\">Vatan<\/span><\/a><\/p>\n","protected":false},"excerpt":{"rendered":"<p style=\"text-align: center;\">\n<p style=\"text-align: justify;\">&#8216;Bu, silahs\u0131z insanlara kar\u015f\u0131 a\u00e7\u0131lm\u0131\u015f tek tarafl\u0131 bir sava\u015ft\u0131r&#8217; <\/p>\n<p style=\"text-align: justify;\">\u0130nsan Hak ve H\u00fcrriyetleri (\u0130HH) \u0130nsani Yard\u0131m Vakf\u0131 Dan\u0131\u015fman Meclis \u00dcyesi Ahmet Mercan, sald\u0131r\u0131n\u0131n, akla gelebilecek, d\u00fc\u015f\u00fcn\u00fclebilecek bir olay olmad\u0131\u011f\u0131n\u0131 belirterek, &#8220;Bu, silahs\u0131z insanlara kar\u015f\u0131 a\u00e7\u0131lm\u0131\u015f tek tarafl\u0131 bir sava\u015ft\u0131r&#8221; dedi. <\/p>\n","protected":false},"author":1,"featured_media":0,"comment_status":"open","ping_status":"closed","sticky":false,"template":"","format":"standard","meta":{"footnotes":""},"categories":[105],"tags":[],"class_list":["post-23232","post","type-post","status-publish","format-standard","hentry","category-gundem","odd"],"_links":{"self":[{"href":"http:\/\/www.korhanyilmaz.com\/index.php?rest_route=\/wp\/v2\/posts\/23232","targetHints":{"allow":["GET"]}}],"collection":[{"href":"http:\/\/www.korhanyilmaz.com\/index.php?rest_route=\/wp\/v2\/posts"}],"about":[{"href":"http:\/\/www.korhanyilmaz.com\/index.php?rest_route=\/wp\/v2\/types\/post"}],"author":[{"embeddable":true,"href":"http:\/\/www.korhanyilmaz.com\/index.php?rest_route=\/wp\/v2\/users\/1"}],"replies":[{"embeddable":true,"href":"http:\/\/www.korhanyilmaz.com\/index.php?rest_route=%2Fwp%2Fv2%2Fcomments&post=23232"}],"version-history":[{"count":0,"href":"http:\/\/www.korhanyilmaz.com\/index.php?rest_route=\/wp\/v2\/posts\/23232\/revisions"}],"wp:attachment":[{"href":"http:\/\/www.korhanyilmaz.com\/index.php?rest_route=%2Fwp%2Fv2%2Fmedia&parent=23232"}],"wp:term":[{"taxonomy":"category","embeddable":true,"href":"http:\/\/www.korhanyilmaz.com\/index.php?rest_route=%2Fwp%2Fv2%2Fcategories&post=23232"},{"taxonomy":"post_tag","embeddable":true,"href":"http:\/\/www.korhanyilmaz.com\/index.php?rest_route=%2Fwp%2Fv2%2Ftags&post=23232"}],"curies":[{"name":"wp","href":"https:\/\/api.w.org\/{rel}","templated":true}]}}