{"id":23225,"date":"2010-05-31T08:57:45","date_gmt":"2010-05-31T05:57:45","guid":{"rendered":"http:\/\/www.korhanyilmaz.com\/?p=23225"},"modified":"2010-05-31T08:57:45","modified_gmt":"2010-05-31T05:57:45","slug":"erdogan-arjantinde-yakisani-yaptik","status":"publish","type":"post","link":"http:\/\/www.korhanyilmaz.com\/?p=23225","title":{"rendered":"Erdo\u011fan: &#8220;Arjantin&#8217;de yak\u0131\u015fan\u0131 yapt\u0131k&#8221;"},"content":{"rendered":"<p style=\"text-align: center;\"><a href=\"http:\/\/www.korhanyilmaz.com\/wp-content\/uploads\/2010\/05\/ERDOGAN3.jpg\"  class=\"lightview\"><img loading=\"lazy\" decoding=\"async\" class=\"aligncenter size-full wp-image-23226\" src=\"http:\/\/www.korhanyilmaz.com\/wp-content\/uploads\/2010\/05\/ERDOGAN3.jpg\" alt=\"\" width=\"307\" height=\"236\" \/><\/a><\/p>\n<p style=\"text-align: justify;\">Ba\u015fbakan Recep Tayyip Erdo\u011fan, Arjantin gezisinin iptal edilmesiyle ilgili, &#8220;T\u00fcrkiye&#8217;nin onuruna yak\u0131\u015fan, yara\u015fan neyse bunu yapmak durumundayd\u0131k. Ve bunu yapt\u0131\u011f\u0131m\u0131za inan\u0131yoruz&#8221; dedi.<\/p>\n<p style=\"text-align: justify;\">Ba\u015fbakan Erdo\u011fan, G\u00fcney Amerika gezisine kat\u0131lan i\u015f adamlar\u0131yla Hyatt Oteli&#8217;nde bir araya geldi. <!--more--><\/p>\n<p style=\"text-align: justify;\">\u0130\u015f adamlar\u0131na seslenen Erdo\u011fan, Brezilya&#8217;n\u0131n ard\u0131ndan Arjantin&#8217;i ziyaret edece\u011fini, ancak bu gezinin iptal edildi\u011fini hat\u0131rlatarak, &#8220;Arjantin gezisi daha \u00f6nce planlanm\u0131\u015ft\u0131. G\u00f6r\u00fc\u015f\u00fclm\u00fc\u015f, konu\u015fulmu\u015f mutabakatla belirlenmi\u015f, Buenos Arines&#8217;te malum Cumhuriyetimizin kurucusu Gazi Mustafa Kemal Atat\u00fcrk ile ilgili bir b\u00fcst yap\u0131lmas\u0131, ilgili bakanl\u0131klar aras\u0131nda mutabakata var\u0131larak karara ba\u011flanm\u0131\u015ft\u0131. Son 2-3 g\u00fcn i\u00e7erisinde Buenos Arines&#8217;te ciddi bir Ermeni lobisi var ve 200 bin civar\u0131nda bir n\u00fcfusu oldu\u011fu da s\u00f6yleniyor. Bunlar\u0131n da yo\u011fun bask\u0131lar\u0131 neticesinde, tabii orada otonom y\u00f6netim var. Yani olay merkezi y\u00f6netime ba\u011f\u0131ml\u0131, kay\u0131tl\u0131 de\u011fil&#8221; dedi.<\/p>\n<p style=\"text-align: justify;\">&#8220;De\u011fi\u015ftiremediklerini ifade edecek kadar da oradaki bu durumu, kendileri bize telefonla Cumhurba\u015fkan\u0131 \u015fahs\u0131m\u0131 arad\u0131 ve bunlar\u0131 anlatt\u0131. Biz tabi kendilerine baz\u0131 \u015feyleri s\u00f6yledik. Durum b\u00f6yleyse bizim Arjantin&#8217;e gelmemiz m\u00fcmk\u00fcn de\u011fil&#8221; diyen Erdo\u011fan, &#8220;Arjantin&#8217;e gelemeyece\u011fiz dedik. Kendileri bize alternatifler sundular. Biz onlara bu alternatifler bunun yerini doldurmuyor dedik. Aram\u0131zda da arkada\u015flar\u0131m\u0131zla de\u011ferlendirmemizi yapt\u0131k. De\u011ferlendirmeyi yapt\u0131ktan sonra da Arjantin&#8217;i programdan b\u00f6ylece \u00e7\u0131karm\u0131\u015f olduk&#8221; \u015feklinde konu\u015ftu.<\/p>\n<p style=\"text-align: justify;\">Ba\u015fbakan ayr\u0131ca, &#8220;Tabi belli al\u0131\u015fkanl\u0131klar\u0131 olabilir, ama biz al\u0131\u015fkanl\u0131klar\u0131n d\u0131\u015f\u0131nda T\u00fcrkiye&#8217;nin onuruna yak\u0131\u015fan, yara\u015fan neyse bunu yapmak durumundayd\u0131k. Ve bunu yapt\u0131\u011f\u0131m\u0131za inan\u0131yoruz. Ve bu karar\u0131m\u0131z\u0131 alarak hemen \u015eili&#8217;ye hareket edelim dedik&#8221; dedi.<\/p>\n<p style=\"text-align: justify;\"><span style=\"color: #888888;\">CNN T\u00dcRK<\/span><\/p>\n","protected":false},"excerpt":{"rendered":"<p style=\"text-align: center;\">\n<p style=\"text-align: justify;\">Ba\u015fbakan Recep Tayyip Erdo\u011fan, Arjantin gezisinin iptal edilmesiyle ilgili, &#8220;T\u00fcrkiye&#8217;nin onuruna yak\u0131\u015fan, yara\u015fan neyse bunu yapmak durumundayd\u0131k. Ve bunu yapt\u0131\u011f\u0131m\u0131za inan\u0131yoruz&#8221; dedi.<\/p>\n<p style=\"text-align: justify;\">Ba\u015fbakan Erdo\u011fan, G\u00fcney Amerika gezisine kat\u0131lan i\u015f adamlar\u0131yla Hyatt Oteli&#8217;nde bir araya geldi. <\/p>\n","protected":false},"author":1,"featured_media":0,"comment_status":"open","ping_status":"closed","sticky":false,"template":"","format":"standard","meta":{"footnotes":""},"categories":[105],"tags":[],"class_list":["post-23225","post","type-post","status-publish","format-standard","hentry","category-gundem","odd"],"_links":{"self":[{"href":"http:\/\/www.korhanyilmaz.com\/index.php?rest_route=\/wp\/v2\/posts\/23225","targetHints":{"allow":["GET"]}}],"collection":[{"href":"http:\/\/www.korhanyilmaz.com\/index.php?rest_route=\/wp\/v2\/posts"}],"about":[{"href":"http:\/\/www.korhanyilmaz.com\/index.php?rest_route=\/wp\/v2\/types\/post"}],"author":[{"embeddable":true,"href":"http:\/\/www.korhanyilmaz.com\/index.php?rest_route=\/wp\/v2\/users\/1"}],"replies":[{"embeddable":true,"href":"http:\/\/www.korhanyilmaz.com\/index.php?rest_route=%2Fwp%2Fv2%2Fcomments&post=23225"}],"version-history":[{"count":0,"href":"http:\/\/www.korhanyilmaz.com\/index.php?rest_route=\/wp\/v2\/posts\/23225\/revisions"}],"wp:attachment":[{"href":"http:\/\/www.korhanyilmaz.com\/index.php?rest_route=%2Fwp%2Fv2%2Fmedia&parent=23225"}],"wp:term":[{"taxonomy":"category","embeddable":true,"href":"http:\/\/www.korhanyilmaz.com\/index.php?rest_route=%2Fwp%2Fv2%2Fcategories&post=23225"},{"taxonomy":"post_tag","embeddable":true,"href":"http:\/\/www.korhanyilmaz.com\/index.php?rest_route=%2Fwp%2Fv2%2Ftags&post=23225"}],"curies":[{"name":"wp","href":"https:\/\/api.w.org\/{rel}","templated":true}]}}