{"id":23221,"date":"2010-05-31T09:03:30","date_gmt":"2010-05-31T06:03:30","guid":{"rendered":"http:\/\/www.korhanyilmaz.com\/?p=23221"},"modified":"2010-05-31T09:03:30","modified_gmt":"2010-05-31T06:03:30","slug":"disisleri-cok-sert-israil-sonuclarina-katlanacak","status":"publish","type":"post","link":"http:\/\/www.korhanyilmaz.com\/?p=23221","title":{"rendered":"D\u0131\u015fi\u015fleri \u00e7ok sert: &#8220;\u0130srail sonu\u00e7lar\u0131na katlanacak&#8221;"},"content":{"rendered":"<p style=\"text-align: center;\"><a href=\"http:\/\/www.korhanyilmaz.com\/wp-content\/uploads\/2010\/05\/DIS\u0130SLER\u0130.jpg\"  class=\"lightview\"><img loading=\"lazy\" decoding=\"async\" class=\"aligncenter size-full wp-image-23222\" src=\"http:\/\/www.korhanyilmaz.com\/wp-content\/uploads\/2010\/05\/DIS\u0130SLER\u0130.jpg\" alt=\"\" width=\"307\" height=\"236\" \/><\/a><\/p>\n<p style=\"text-align: justify;\">D\u0131\u015fi\u015fleri Bakanl\u0131\u011f\u0131, \u0130srail&#8217;in yard\u0131m konvoyuna m\u00fcdahalesinin ard\u0131ndan \u00e7ok sert bir a\u00e7\u0131klama yapt\u0131. Bakanl\u0131k a\u00e7\u0131klamas\u0131nda, &#8220;\u0130srail bunun sonu\u00e7lar\u0131na katlanacak. Kabul edilemez bir olay. Kuvvetle k\u0131n\u0131yor ve acil izahat bekliyoruz&#8221; denildi.<\/p>\n<p style=\"text-align: justify;\">D\u0131\u015fi\u015fleri Bakanl\u0131\u011f\u0131, \u0130srail&#8217;in sivillere kar\u015f\u0131 g\u00fc\u00e7 kullan\u0131m\u0131n\u0131 en a\u011f\u0131r \u015fekilde protesto ederek, uluslararas\u0131 hukukun ihlali say\u0131lan bu olay\u0131n iki \u00fclke ili\u015fkilerinde &#8220;telafisi olmayan sonu\u00e7lar do\u011furabilece\u011fini&#8221; bildirdi. <!--more--><\/p>\n<p style=\"text-align: justify;\">Bakanl\u0131ktan yap\u0131lan a\u00e7\u0131klamada, Gazze halk\u0131na insani yard\u0131m ula\u015ft\u0131rmak arzusunu ta\u015f\u0131yan ve aralar\u0131nda ya\u015fl\u0131, kad\u0131n ve \u00e7ocuklar\u0131n da bulundu\u011fu \u00e7ok say\u0131da \u00fclkeden sivillere kar\u015f\u0131 \u0130srail Savunma Kuvvetleri taraf\u0131ndan g\u00fc\u00e7 kullan\u0131ld\u0131\u011f\u0131 hat\u0131rlat\u0131larak, &#8220;Elde edilen ilk bilgilere g\u00f6re en az iki ki\u015finin hayat\u0131n\u0131 kaybetmi\u015f ve 30&#8217;dan fazla ki\u015finin yaralanm\u0131\u015f olmas\u0131n\u0131 en a\u011f\u0131r \u015fekilde protesto ediyoruz&#8221; denildi.<\/p>\n<p style=\"text-align: justify;\"><strong>A\u00e7\u0131klamada daha sonra \u015funlar kaydedildi:<\/strong><\/p>\n<p style=\"text-align: justify;\">&#8220;\u0130srail masum sivilleri hedef alarak, insan hayat\u0131n\u0131 ve bar\u0131\u015f\u00e7\u0131l giri\u015fimleri hi\u00e7e sayd\u0131\u011f\u0131n\u0131 a\u00e7\u0131k bir bi\u00e7imde bir kez daha g\u00f6stermi\u015ftir. \u0130srail&#8217;in bu insanl\u0131k d\u0131\u015f\u0131 uygulamalar\u0131n\u0131 \u015fiddetle k\u0131n\u0131yoruz. A\u00e7\u0131k denizlerde ger\u00e7ekle\u015fmi\u015f, uluslararas\u0131 hukukun a\u011f\u0131r bir ihlalini te\u015fkil eden bu m\u00fcessif olay ili\u015fkilerimizde telafisi m\u00fcmk\u00fcn olmayan sonu\u00e7lar do\u011furabilecektir.&#8221;<\/p>\n<p style=\"text-align: justify;\">T\u00fcrkiye&#8217;nin Tel Aviv B\u00fcy\u00fckel\u00e7ili\u011finin s\u00fcrd\u00fcrd\u00fc\u011f\u00fc giri\u015fimlerin yan\u0131 s\u0131ra bakanl\u0131\u011fa davet edilen \u0130srail&#8217;in Ankara B\u00fcy\u00fckel\u00e7isi nezdinde bu kabul edilemez olay\u0131n kuvvetle k\u0131nanmakta ve kendisinden acilen izahat talep edilmekte oldu\u011fu da bildirilen a\u00e7\u0131klamada \u015f\u00f6yle denildi:<\/p>\n<p style=\"text-align: justify;\">&#8220;Gerek\u00e7e ne olursa olsun, yaln\u0131zca bar\u0131\u015f\u00e7\u0131 faaliyetlerde bulunan sivillere kar\u015f\u0131 bu t\u00fcr hareketlerin kabul\u00fc m\u00fcmk\u00fcn de\u011fildir. \u0130srail&#8217;in uluslararas\u0131 hukukun ihlalini te\u015fkil eden bu davran\u0131\u015f\u0131n\u0131n sonu\u00e7lar\u0131na katlanmas\u0131 gerekecektir. Hayat\u0131n\u0131 kaybedenlere Tanr\u0131dan rahmet, kederli ailelerine ba\u015fsa\u011fl\u0131\u011f\u0131 ve sab\u0131r diliyor, yaralananlara acil \u015fifa dileklerimizi iletiyoruz.&#8221;<\/p>\n<p style=\"text-align: justify;\"><span style=\"color: #888888;\">CNN T\u00dcRK<\/span><\/p>\n","protected":false},"excerpt":{"rendered":"<p style=\"text-align: center;\">\n<p style=\"text-align: justify;\">D\u0131\u015fi\u015fleri Bakanl\u0131\u011f\u0131, \u0130srail&#8217;in yard\u0131m konvoyuna m\u00fcdahalesinin ard\u0131ndan \u00e7ok sert bir a\u00e7\u0131klama yapt\u0131. Bakanl\u0131k a\u00e7\u0131klamas\u0131nda, &#8220;\u0130srail bunun sonu\u00e7lar\u0131na katlanacak. Kabul edilemez bir olay. Kuvvetle k\u0131n\u0131yor ve acil izahat bekliyoruz&#8221; denildi.<\/p>\n<p style=\"text-align: justify;\">D\u0131\u015fi\u015fleri Bakanl\u0131\u011f\u0131, \u0130srail&#8217;in sivillere kar\u015f\u0131 g\u00fc\u00e7 kullan\u0131m\u0131n\u0131 en a\u011f\u0131r \u015fekilde protesto ederek, uluslararas\u0131 hukukun ihlali say\u0131lan bu olay\u0131n iki <\/p>\n","protected":false},"author":1,"featured_media":0,"comment_status":"open","ping_status":"closed","sticky":false,"template":"","format":"standard","meta":{"footnotes":""},"categories":[105],"tags":[],"class_list":["post-23221","post","type-post","status-publish","format-standard","hentry","category-gundem","odd"],"_links":{"self":[{"href":"http:\/\/www.korhanyilmaz.com\/index.php?rest_route=\/wp\/v2\/posts\/23221","targetHints":{"allow":["GET"]}}],"collection":[{"href":"http:\/\/www.korhanyilmaz.com\/index.php?rest_route=\/wp\/v2\/posts"}],"about":[{"href":"http:\/\/www.korhanyilmaz.com\/index.php?rest_route=\/wp\/v2\/types\/post"}],"author":[{"embeddable":true,"href":"http:\/\/www.korhanyilmaz.com\/index.php?rest_route=\/wp\/v2\/users\/1"}],"replies":[{"embeddable":true,"href":"http:\/\/www.korhanyilmaz.com\/index.php?rest_route=%2Fwp%2Fv2%2Fcomments&post=23221"}],"version-history":[{"count":0,"href":"http:\/\/www.korhanyilmaz.com\/index.php?rest_route=\/wp\/v2\/posts\/23221\/revisions"}],"wp:attachment":[{"href":"http:\/\/www.korhanyilmaz.com\/index.php?rest_route=%2Fwp%2Fv2%2Fmedia&parent=23221"}],"wp:term":[{"taxonomy":"category","embeddable":true,"href":"http:\/\/www.korhanyilmaz.com\/index.php?rest_route=%2Fwp%2Fv2%2Fcategories&post=23221"},{"taxonomy":"post_tag","embeddable":true,"href":"http:\/\/www.korhanyilmaz.com\/index.php?rest_route=%2Fwp%2Fv2%2Ftags&post=23221"}],"curies":[{"name":"wp","href":"https:\/\/api.w.org\/{rel}","templated":true}]}}