{"id":23215,"date":"2010-05-31T20:58:27","date_gmt":"2010-05-31T17:58:27","guid":{"rendered":"http:\/\/www.korhanyilmaz.com\/?p=23215"},"modified":"2010-05-31T20:58:27","modified_gmt":"2010-05-31T17:58:27","slug":"iskenderunda-teror-saldirisi-6-sehit-7-yarali","status":"publish","type":"post","link":"http:\/\/www.korhanyilmaz.com\/?p=23215","title":{"rendered":"\u0130skenderun&#8217;da ter\u00f6r sald\u0131r\u0131s\u0131: 6 \u015fehit, 7 yaral\u0131"},"content":{"rendered":"<p style=\"text-align: center;\"><a href=\"http:\/\/www.korhanyilmaz.com\/wp-content\/uploads\/2010\/05\/026.jpg\"  class=\"lightview\"><img loading=\"lazy\" decoding=\"async\" class=\"aligncenter size-full wp-image-23265\" src=\"http:\/\/www.korhanyilmaz.com\/wp-content\/uploads\/2010\/05\/026.jpg\" alt=\"\" width=\"343\" height=\"261\" \/><\/a><\/p>\n<p style=\"text-align: justify;\">Hatay&#8217;\u0131n \u0130skenderun il\u00e7esinde Deniz \u00dcs Komutanl\u0131\u011f\u0131&#8217;na ba\u011fl\u0131 \u0130kmal Birli\u011fi&#8217;ne ter\u00f6ristlerce \u00f6nce roketatarl\u0131, ard\u0131ndan uzun namlulu silahlarla sald\u0131r\u0131 d\u00fczenlendi. 6 asker \u015fehit oldu, 7 asker yaraland\u0131.<!--more--><\/p>\n<p style=\"text-align: justify;\">Sald\u0131r\u0131n\u0131n, n\u00f6bet de\u011fi\u015fimi s\u0131ras\u0131nda meydana geldi\u011fi bildirildi.<\/p>\n<p style=\"text-align: justify;\">Hatay&#8217;\u0131n \u0130skenderun \u0130l\u00e7esi&#8217;nde Deniz \u00dcs Komutanl\u0131\u011f\u0131&#8217;na ba\u011fl\u0131 \u0130kmal Destek komutanl\u0131\u011f\u0131&#8217;na d\u00fczenlenen roketli sald\u0131r\u0131da \u015fehit olan askerlerin Kenan O\u011fuz Arbay, \u0130smail Kartal, Erol Tavuk\u00e7u, Serhat Aslan ve \u00dcmit Akbulut ve Erhan Terlemez oldu\u011fu a\u00e7\u0131kland\u0131.<\/p>\n<p style=\"text-align: justify;\">Yaral\u0131 askerlerden tedavileri s\u00fcrenlerin isimleri ise \u015f\u00f6yle: &#8220;Siyamet K\u0131l\u0131n\u00e7, Osman Toplu,  Mehmet Aynur, Taner Ad\u0131yaman, Muammer Altem\u00fcr,  Erol Sevindik,  Nedim \u00c7a\u011fr\u0131t\u00fcre.&#8221;<\/p>\n<p style=\"text-align: justify;\">Sald\u0131r\u0131da a\u011f\u0131r yaralanan 3 asker, Ankara G\u00fclhane Askeri T\u0131p Fak\u00fcltesi Hastanesine (GATA) sevk edildi. \u015eehit olan 6 askerin cenazesi de \u0130skenderun Askeri Hastanesine kald\u0131r\u0131ld\u0131.<\/p>\n<p style=\"text-align: justify;\">\u0130l\u00e7e giri\u015findeki Modernevler Mahallesi&#8217;nde bulunan Deniz \u0130kmal Destek Komutanl\u0131\u011f\u0131na saat 00.40 s\u0131ralar\u0131nda ter\u00f6ristler taraf\u0131ndan roketatarlarla yap\u0131lan sald\u0131r\u0131da \u015fehit olan askerlerin cenazesi, \u0130skenderun Devlet Hastanesinden al\u0131narak, Askeri Hastane Morguna g\u00f6t\u00fcr\u00fcld\u00fc.<\/p>\n<p style=\"text-align: justify;\"><strong>\u015eehitler memleketlerine g\u00f6nderildi <\/strong><\/p>\n<p style=\"text-align: justify;\">Daha sonra cenazeler \u0130skenderun Deniz Er E\u011fitim Alay\u0131na getirildi ve burada t\u00f6ren d\u00fczenlendi.<\/p>\n<p style=\"text-align: justify;\">Bas\u0131n mensuplar\u0131n\u0131n al\u0131nmad\u0131\u011f\u0131 t\u00f6rene Hatay Valisi Mehmet Celalelettin Lekesiz&#8217;in yan\u0131 s\u0131ra askeri ve m\u00fclki erkan kat\u0131ld\u0131.<\/p>\n<p style=\"text-align: justify;\">T\u00f6renin ard\u0131ndan sald\u0131r\u0131da \u015fehit olan Mardin n\u00fcfusuna kay\u0131tl\u0131 Serhat  Aslan, \u0130zmir n\u00fcfusuna kay\u0131tl\u0131 Kerem O\u011fuz Erbay, Erzincan n\u00fcfusuna kay\u0131tl\u0131 \u0130smail  Kartal, Van n\u00fcfusuna kay\u0131tl\u0131 Erol Tavuk\u00e7u, Giresun n\u00fcfusuna kay\u0131tl\u0131 Erhan Terletme&#8217;nin cenazeleri helikopterle topra\u011fa  verilmek \u00fczere memleketlerine g\u00f6nderildi.<\/p>\n<p style=\"text-align: justify;\">\u015eehit olan Erol Tavuk\u00e7u&#8217;nun cenazesi Van&#8217;\u0131n Muradiye il\u00e7esinde topra\u011fa verildi.<\/p>\n<p style=\"text-align: justify;\">\u015eehit olan er Kerem O\u011fuz Erbay ile er Serhat Aslan&#8217;\u0131n cenazeleri \u0130zmir&#8217;e ula\u015ft\u0131. \u015eehit Erbay ve Aslan&#8217;\u0131n cenazelerinin, yar\u0131n Bostanl\u0131 Be\u015fik\u00e7io\u011flu Camisi&#8217;nde d\u00fczenlenecek askeri t\u00f6renin ard\u0131ndan topra\u011fa verilece\u011fi \u00f6\u011frenildi.<\/p>\n<p style=\"text-align: justify;\">\u015eehit erlerden \u00dcmit Akbulut&#8217;un cenazesi defnedildi<\/p>\n<p style=\"text-align: justify;\">Sald\u0131r\u0131da \u015fehit olan 6 erden \u00dcmit Akbulut&#8217;un cenazesi Malatya&#8217;n\u0131n Kuluncak il\u00e7esine g\u00f6nderildikten sonra topra\u011fa verildi.<\/p>\n<p style=\"text-align: justify;\">T\u00f6ren s\u0131ras\u0131nda \u015fehit asker \u00dcmit Akbulut&#8217;un annesi Ay\u015fe ve babas\u0131 Musa Akbulut, g\u00f6zya\u015flar\u0131n\u0131 tutamad\u0131. Aileyi teselli etmeye \u00e7al\u0131\u015fan askerler de g\u00f6zya\u015f\u0131 d\u00f6kt\u00fc. Bu arada alandaki sa\u011fl\u0131k personeli \u00e7ok say\u0131da vatanda\u015fa sakinle\u015ftirici i\u011fne yapt\u0131.<\/p>\n<p style=\"text-align: justify;\">Cenaze namaz\u0131n\u0131n ard\u0131ndan omuzlara al\u0131nan \u015fehidin naa\u015f\u0131, \u0130l\u00e7e Mezarl\u0131\u011f\u0131nda topra\u011fa verildi. Cenazenin mezarl\u0131\u011fa g\u00f6t\u00fcr\u00fclmesi s\u0131ras\u0131nda ter\u00f6r \u00f6rg\u00fct\u00fc aleyhinde sloganlar at\u0131ld\u0131.<\/p>\n<p style=\"text-align: justify;\">Cenazenin defnedilmesinin ard\u0131ndan Tu\u011fgeneral K\u0131rkaya, mezarl\u0131kta ac\u0131l\u0131 baba Musa Akbulut&#8217;a T\u00fcrk bayra\u011f\u0131n\u0131 verdi.<\/p>\n<div id=\"attachment_23286\" style=\"width: 474px\" class=\"wp-caption aligncenter\"><a href=\"http:\/\/www.korhanyilmaz.com\/wp-content\/uploads\/2010\/05\/030.jpg\"  class=\"lightview\"><img loading=\"lazy\" decoding=\"async\" aria-describedby=\"caption-attachment-23286\" class=\"size-full wp-image-23286\" src=\"http:\/\/www.korhanyilmaz.com\/wp-content\/uploads\/2010\/05\/030.jpg\" alt=\"\" width=\"464\" height=\"326\" \/><\/a><p id=\"caption-attachment-23286\" class=\"wp-caption-text\">\u015eehit olan erlerden \u0130smail Kartal&#39;\u0131n annesine g\u00f6nderdi\u011fi kart<\/p><\/div>\n<p style=\"text-align: center;\">\n<p style=\"text-align: justify;\">\n<p style=\"text-align: justify;\">\n<p style=\"text-align: justify;\"><strong>Sald\u0131r\u0131 nas\u0131l ger\u00e7ekle\u015fti? <\/strong><\/p>\n<p style=\"text-align: justify;\">Genelkurmay Ba\u015fkanl\u0131\u011f\u0131, \u0130skenderun&#8217;daki Deniz \u00dcs Komutanl\u0131\u011f\u0131na d\u00fczenlenen sald\u0131r\u0131n\u0131n &#8220;ter\u00f6r \u00f6rg\u00fct\u00fcn\u00fcn s\u00f6zde Amanoslar Saha Sorumlusuna ba\u011fl\u0131 bir grup taraf\u0131ndan yap\u0131ld\u0131\u011f\u0131n\u0131n de\u011ferlendirildi\u011fini&#8221; bildirdi.<\/p>\n<p style=\"text-align: justify;\">Genelkurmay Ba\u015fkanl\u0131\u011f\u0131n\u0131n internet sitesindeki bilgi notunda, \u015funlar kaydedildi:<\/p>\n<p style=\"text-align: justify;\">&#8220;31 May\u0131s 2010 g\u00fcn\u00fc saat 00.10&#8217;da, n\u00f6bet\u00e7i personeli ta\u015f\u0131yan askeri araca, k\u0131\u015flan\u0131n do\u011fusunda Adana-Hatay otoban\u0131na yak\u0131n k\u0131\u015fla tel \u00f6rg\u00fcleri d\u0131\u015f\u0131nda yak\u0131n mesafeden, roketatar ve uzun namlulu silahlarla bir grup b\u00f6l\u00fcc\u00fc ter\u00f6r \u00f6rg\u00fct\u00fc mensubu taraf\u0131ndan k\u0131sa s\u00fcreli silahl\u0131 sald\u0131r\u0131da bulunulmu\u015ftur.<\/p>\n<p style=\"text-align: justify;\">Silah seslerinin duyulmas\u0131 \u00fczerine K\u0131\u015fla Ani M\u00fcdahale K\u0131t&#8217;as\u0131 derhal olay yerine intikal etmi\u015f ve olaya m\u00fcdahale etmi\u015ftir. Ancak ter\u00f6ristlerin k\u0131sa s\u00fcre i\u00e7erisinde Adana-Hatay Otoban\u0131n\u0131 ge\u00e7erek ormanl\u0131k alana girdi\u011fi ve sald\u0131r\u0131n\u0131n ter\u00f6r \u00f6rg\u00fct\u00fcn\u00fcn s\u00f6zde Amanoslar Saha Sorumlusuna ba\u011fl\u0131 bir grup taraf\u0131ndan yap\u0131ld\u0131\u011f\u0131 de\u011ferlendirilmektedir.&#8221;<\/p>\n<p style=\"text-align: justify;\">Bilgi notunda sald\u0131r\u0131da 6 erin \u015fehit oldu\u011fu, 7 erin de yaraland\u0131\u011f\u0131 hat\u0131rlat\u0131larak, yaral\u0131lardan 3&#8217;\u00fcn\u00fcn u\u00e7akla sevk edildikleri GATA&#8217;da tedavi alt\u0131na al\u0131nd\u0131klar\u0131 duyuruldu.<\/p>\n<p style=\"text-align: justify;\">Ter\u00f6ristlerin yakalanarak etkisiz hale getirilmesi maksad\u0131yla Adana Jandarma B\u00f6lge Komutanl\u0131\u011f\u0131 Jandarma \u00d6zel Harekat Birli\u011fince (J\u00d6H) operasyona ba\u015fland\u0131\u011f\u0131 belirtilen bilgi notunda, &#8220;Olay \u00fczerine \u0130skenderun Cumhuriyet Ba\u015fsavc\u0131l\u0131\u011f\u0131nca gerekli soru\u015fturmaya saat 01.15&#8217;te ba\u015flanm\u0131\u015ft\u0131r&#8221; denildi.<\/p>\n<p style=\"text-align: justify;\"><strong>Vatanda\u015flar BDP binas\u0131na gitti <\/strong><\/p>\n<p style=\"text-align: justify;\">Hatay&#8217;\u0131n \u0130skenderun \u0130l\u00e7esi&#8217;nde Deniz \u00dcs Komutanl\u0131\u011f\u0131&#8217;na ba\u011fl\u0131 \u0130kmal Destek komutanl\u0131\u011f\u0131&#8217;na ter\u00f6ristlerin sald\u0131r\u0131 d\u00fczenledi\u011fi haberine alan vatanda\u015flar, yaral\u0131lar\u0131n kald\u0131r\u0131ld\u0131\u011f\u0131 \u0130l\u00e7e Devlet Hastanesi&#8217;ne ak\u0131n etti. Burada bir grup vatanda\u015f, hastanenin yakla\u015f\u0131k 800 metre ilerisinde bulunan Bar\u0131\u015f ve Demokrasi Partisi (BDP) il\u00e7e binas\u0131na y\u00fcr\u00fcyerek, ta\u015fl\u0131 sald\u0131r\u0131da bulundu. Polisin m\u00fcdahalesi sonras\u0131 vatanda\u015flar, parti binas\u0131 \u00e7evresinden uzakla\u015ft\u0131r\u0131ld\u0131.<\/p>\n<p style=\"text-align: justify;\">\u0130l\u00e7e Emniyet M\u00fcd\u00fcrl\u00fc\u011f\u00fcn\u00fcn kar\u015f\u0131s\u0131nda bulunan MHP \u0130skenderun \u0130l\u00e7e Te\u015fkilat\u0131 \u00f6n\u00fcnde toplanan bir grup da, parti flamalar\u0131 a\u00e7arak, &#8220;\u015eehitler \u00f6lmez vatan b\u00f6l\u00fcnmez&#8221; sloganlar\u0131 att\u0131.<\/p>\n<p style=\"text-align: justify;\">Bir grup da sald\u0131r\u0131y\u0131 protesto etmek \u00fczere, T\u00fcrk bayraklar\u0131 ta\u015f\u0131y\u0131p sloganlar atarak \u015fehit askerler i\u00e7in t\u00f6renin d\u00fczenlenece\u011fi \u0130skenderun Deniz Er E\u011fitim Alay\u0131&#8217;na do\u011fru y\u00fcr\u00fcy\u00fc\u015f ba\u015flatt\u0131.<\/p>\n<p style=\"text-align: justify;\"><strong>\u015eahin&#8217;in mesaj\u0131 <\/strong><\/p>\n<p style=\"text-align: justify;\">TBMM Ba\u015fkan\u0131 Mehmet Ali \u015eahin, Genelkurmay Ba\u015fkan\u0131 Orgeneral \u0130lker Ba\u015fbu\u011f&#8217;a g\u00f6nderdi\u011fi ba\u015fsa\u011fl\u0131\u011f\u0131 ve ge\u00e7mi\u015f olsun mesaj\u0131nda, T\u00fcrkiye&#8217;nin, \u00fclkenin ve milletin gelece\u011fi, karde\u015flik ve bar\u0131\u015fa dayal\u0131 toplumsal yap\u0131n\u0131n istikrar\u0131 i\u00e7in ter\u00f6rle m\u00fccadelesinden vazge\u00e7meyece\u011fini bildirdi.<\/p>\n<p style=\"text-align: justify;\">\u015eahin,  &#8220;Milletimizin birlik ve beraberli\u011fini, \u00fclkemizin huzur ve g\u00fcvenli\u011fini bozmaya y\u00f6nelik bu hain sald\u0131r\u0131y\u0131 ve arkas\u0131ndaki g\u00fc\u00e7leri lanetliyorum. \u00dclkemizi ve milletimizi zaafa u\u011fratmaya y\u00f6nelik bu ter\u00f6r giri\u015fimi hangi amaca y\u00f6nelik olursa olsun ba\u015far\u0131ya ula\u015famayacakt\u0131r&#8221; dedi.<\/p>\n<p style=\"text-align: justify;\"><strong>G\u00fcl&#8217;den mesaj <\/strong><\/p>\n<p style=\"text-align: justify;\">Cumhurba\u015fkan\u0131 G\u00fcl, \u0130skenderun&#8217;da 6 askerin \u015fehit oldu\u011fu ter\u00f6r sald\u0131r\u0131s\u0131na ili\u015fkin yay\u0131mlad\u0131\u011f\u0131 mesajda, \u0130skenderun Deniz \u00dcs Komutanl\u0131\u011f\u0131 \u015eehit Er Remzi \u0130lbo\u011fa K\u0131\u015flas\u0131&#8217;na ter\u00f6ristlerce d\u00fczenlenen sald\u0131r\u0131 sonucunda 6 askerin \u015fehit olmas\u0131ndan ve 7 askerin yaralanmas\u0131ndan duydu\u011fu derin \u00fcz\u00fcnt\u00fcy\u00fc ifade etti.<\/p>\n<p style=\"text-align: justify;\">&#8221;Birlik ve beraberli\u011fimizi, b\u00f6l\u00fcnmez b\u00fct\u00fcnl\u00fc\u011f\u00fcm\u00fcz\u00fc hedef alan bu hain  sald\u0131r\u0131y\u0131 nefretle telin ediyorum&#8221; diyen Cumhurba\u015fkan\u0131 G\u00fcl, mesaj\u0131nda \u015funlar\u0131 kaydetti:<\/p>\n<p style=\"text-align: justify;\">&#8221;\u015eunu bir kez daha vurgulamak isterim ki, T\u00fcrkiye ter\u00f6rle m\u00fccadelesini  en g\u00fc\u00e7l\u00fc \u015fekilde, topyekun bir anlay\u0131\u015fla s\u00fcrd\u00fcrecek, ter\u00f6r tehdidini b\u00fct\u00fcn\u00fcyle  ortadan kald\u0131racakt\u0131r. Bu \u00e7irkin sald\u0131r\u0131lar, devletimizin ve milletimizin iradesi ve kararl\u0131l\u0131\u011f\u0131 kar\u015f\u0131s\u0131nda hi\u00e7bir zaman amac\u0131na ula\u015famayacakt\u0131r. Milletimiz, vatan\u0131n\u0131 can\u0131ndan \u00fcst\u00fcn tutan, bu u\u011furda \u015fehit olan kahraman askerlerimizi sonsuza kadar g\u00f6nl\u00fcnde ya\u015fatacakt\u0131r. Aziz \u015fehitlerimize Allah&#8217;tan rahmet, ailelerine, milletimize ve T\u00fcrk  Silahl\u0131 Kuvvetlerimize ba\u015fsa\u011fl\u0131\u011f\u0131, yaral\u0131lar\u0131m\u0131za acil \u015fifalar diliyorum.&#8221;<\/p>\n<p style=\"text-align: justify;\"><strong>BDP&#8217;nin a\u00e7\u0131klamas\u0131 <\/strong><\/p>\n<p style=\"text-align: justify;\">BDP Genel Ba\u015fkan\u0131 Selahattin Demirta\u015f da Hatay&#8217;\u0131n \u0130skenderun il\u00e7esindeki ter\u00f6rist sald\u0131r\u0131ya ili\u015fkin, &#8220;Ke\u015fke bu t\u00fcr ac\u0131lar ya\u015fanmas\u0131n diye sarf etti\u011fimiz \u00e7abalarda sonu\u00e7 alm\u0131\u015f olsayd\u0131k&#8221; dedi.<\/p>\n<p style=\"text-align: justify;\">Selahattin Demirta\u015f, \u00fcz\u00fcnt\u00fclerini dile getirerek, T\u00fcrkiye&#8217;nin bu t\u00fcr ac\u0131lara fazlas\u0131yla katland\u0131\u011f\u0131 s\u00f6yledi.<\/p>\n<p style=\"text-align: justify;\">&#8220;Gen\u00e7lerimize rahmet, yak\u0131nlar\u0131na ba\u015fsa\u011fl\u0131\u011f\u0131 diliyorum&#8221; diyen Demirta\u015f, \u015f\u00f6yle konu\u015ftu:<\/p>\n<p style=\"text-align: justify;\">&#8220;Ke\u015fke bar\u0131\u015f konusundaki \u00e7a\u011fr\u0131lar\u0131m\u0131z di\u011fer partilerden kabul g\u00f6rse, ortak \u00e7aba g\u00f6sterseydik. BDP olarak ortaya koydu\u011fumuz bar\u0131\u015f duyarl\u0131l\u0131\u011f\u0131m\u0131z, kayg\u0131l\u0131 \u00e7a\u011fr\u0131lar\u0131m\u0131z g\u00f6rmezden geliniyor. Umut ederim ba\u015fka ac\u0131lar ya\u015fanmaz. &#8216;\u00d6l\u00fcmlerle birlikte \u00e7at\u0131\u015fmalar yo\u011funla\u015fabilir&#8217; dedik. Siyasi partiler art\u0131k meseleyi siyasi boyuta getirerek tart\u0131\u015fmal\u0131. H\u00fck\u00fcmete \u00e7a\u011fr\u0131m\u0131z; askeri y\u00f6ntem ve operasyonlarla \u00e7\u00f6z\u00fcme ula\u015f\u0131lamaz, kal\u0131c\u0131 bar\u0131\u015fa bu \u015fekilde ula\u015f\u0131lamaz. Bu saatten sonra bar\u0131\u015f i\u00e7in \u00e7aba harcan\u0131p, diyalog ve ikna y\u00f6ntemlerine ba\u015fvurulmal\u0131d\u0131r.&#8221;<\/p>\n<p style=\"text-align: justify;\"><span style=\"color: #888888;\">CNN T\u00dcRK<\/span><\/p>\n<p style=\"text-align: justify;\">\n","protected":false},"excerpt":{"rendered":"<p style=\"text-align: center;\">\n<p style=\"text-align: justify;\">Hatay&#8217;\u0131n \u0130skenderun il\u00e7esinde Deniz \u00dcs Komutanl\u0131\u011f\u0131&#8217;na ba\u011fl\u0131 \u0130kmal Birli\u011fi&#8217;ne ter\u00f6ristlerce \u00f6nce roketatarl\u0131, ard\u0131ndan uzun namlulu silahlarla sald\u0131r\u0131 d\u00fczenlendi. 6 asker \u015fehit oldu, 7 asker yaraland\u0131.<\/p>\n","protected":false},"author":1,"featured_media":0,"comment_status":"open","ping_status":"closed","sticky":false,"template":"","format":"standard","meta":{"footnotes":""},"categories":[105],"tags":[],"class_list":["post-23215","post","type-post","status-publish","format-standard","hentry","category-gundem","odd"],"_links":{"self":[{"href":"http:\/\/www.korhanyilmaz.com\/index.php?rest_route=\/wp\/v2\/posts\/23215","targetHints":{"allow":["GET"]}}],"collection":[{"href":"http:\/\/www.korhanyilmaz.com\/index.php?rest_route=\/wp\/v2\/posts"}],"about":[{"href":"http:\/\/www.korhanyilmaz.com\/index.php?rest_route=\/wp\/v2\/types\/post"}],"author":[{"embeddable":true,"href":"http:\/\/www.korhanyilmaz.com\/index.php?rest_route=\/wp\/v2\/users\/1"}],"replies":[{"embeddable":true,"href":"http:\/\/www.korhanyilmaz.com\/index.php?rest_route=%2Fwp%2Fv2%2Fcomments&post=23215"}],"version-history":[{"count":0,"href":"http:\/\/www.korhanyilmaz.com\/index.php?rest_route=\/wp\/v2\/posts\/23215\/revisions"}],"wp:attachment":[{"href":"http:\/\/www.korhanyilmaz.com\/index.php?rest_route=%2Fwp%2Fv2%2Fmedia&parent=23215"}],"wp:term":[{"taxonomy":"category","embeddable":true,"href":"http:\/\/www.korhanyilmaz.com\/index.php?rest_route=%2Fwp%2Fv2%2Fcategories&post=23215"},{"taxonomy":"post_tag","embeddable":true,"href":"http:\/\/www.korhanyilmaz.com\/index.php?rest_route=%2Fwp%2Fv2%2Ftags&post=23215"}],"curies":[{"name":"wp","href":"https:\/\/api.w.org\/{rel}","templated":true}]}}