{"id":23210,"date":"2010-05-31T09:00:10","date_gmt":"2010-05-31T06:00:10","guid":{"rendered":"http:\/\/www.korhanyilmaz.com\/?p=23210"},"modified":"2010-05-31T09:00:10","modified_gmt":"2010-05-31T06:00:10","slug":"israil-yardim-gemisine-saldirdi-16-olu","status":"publish","type":"post","link":"http:\/\/www.korhanyilmaz.com\/?p=23210","title":{"rendered":"\u0130srail yard\u0131m gemisine sald\u0131rd\u0131: 16 \u00f6l\u00fc"},"content":{"rendered":"<p style=\"text-align: center;\"><a href=\"http:\/\/www.korhanyilmaz.com\/wp-content\/uploads\/2010\/05\/mavimarmara.jpg\"  class=\"lightview\"><img loading=\"lazy\" decoding=\"async\" class=\"aligncenter size-full wp-image-23212\" src=\"http:\/\/www.korhanyilmaz.com\/wp-content\/uploads\/2010\/05\/mavimarmara.jpg\" alt=\"\" width=\"307\" height=\"236\" \/><\/a><\/p>\n<p style=\"text-align: justify;\">\u0130srail g\u00fc\u00e7leri, &#8220;Rotam\u0131z Filistin Y\u00fck\u00fcm\u00fcz \u0130nsani Yard\u0131m&#8221; kampanyas\u0131 kapsam\u0131nda Gazze&#8217;ye insani yard\u0131m malzemesi g\u00f6t\u00fcren 6 gemilik filoya m\u00fcdahale etti. \u0130srail televizyonlar\u0131, sald\u0131r\u0131da en az 16 ki\u015finin \u00f6ld\u00fc\u011f\u00fcn\u00fc a\u00e7\u0131klad\u0131. T\u00fcrk D\u0131\u015fi\u015fleri Bakanl\u0131\u011f\u0131, \u0130srail&#8217;in Ankara B\u00fcy\u00fckel\u00e7isi Gaby Levi&#8217;yi Bakanl\u0131\u011fa \u00e7a\u011f\u0131rd\u0131. \u0130srail&#8217;in \u0130stanbul Ba\u015fkonsoloslu\u011fu \u00f6n\u00fcnde ise protesto g\u00f6sterisi var. \u0130srail&#8217;in a\u00e7\u0131klama yapmas\u0131 bekleniyor. <!--more--><\/p>\n<p style=\"text-align: justify;\">\u0130srail askeri gemilere operasyon d\u00fczenlendi. H\u00fcc\u00fcm botlar ve helikopterle gemiye gelen askerler, geminin \u00fczerine \u00e7\u0131karak ate\u015f a\u00e7t\u0131.<\/p>\n<p style=\"text-align: justify;\">Olayda \u0130srail askerlerinin a\u00e7t\u0131\u011f\u0131 ate\u015f nedeniyle 1 ki\u015fi ba\u015f\u0131ndan vuruldu. Anadolu Ajans\u0131 da gemide 2 ki\u015finin \u00f6ld\u00fc\u011f\u00fcn\u00fc belirtti.<\/p>\n<p style=\"text-align: justify;\">\u0130srail televizyonlar\u0131na g\u00f6re ise \u00f6l\u00fc say\u0131s\u0131 16. \u00c7at\u0131\u015fmada en az 30 ki\u015finin de yaraland\u0131\u011f\u0131 belirtiliyor.<\/p>\n<p style=\"text-align: justify;\">Olay an\u0131nda savunmas\u0131z bulunan yard\u0131m g\u00f6n\u00fcll\u00fcleri b\u00fcy\u00fck panik ya\u015fad\u0131.<\/p>\n<p style=\"text-align: justify;\">Televizyonlarda yer alan haberlerde de bir helikopterden baz\u0131 askerlerin ellerinde silahla iple sallanarak gemiye indi\u011fi ve geminin i\u00e7 taraflar\u0131na ge\u00e7ti\u011fi g\u00f6r\u00fcld\u00fc.<\/p>\n<p style=\"text-align: justify;\">Daha \u00f6nce insani yard\u0131m filosundaki gemilerden sadece &#8220;Mavi Marmara&#8221; gemisiyle ba\u011flant\u0131 kurulabilirken, \u015fu an bu gemi ile de bir ba\u011flant\u0131 kurulam\u0131yor.<\/p>\n<p style=\"text-align: justify;\"><strong>\u0130srail&#8217;den ilk a\u00e7\u0131klama geldi <\/strong><\/p>\n<p style=\"text-align: justify;\">\u0130srail h\u00fck\u00fcmetinden konuyla ilgili hen\u00fcz resmi bir a\u00e7\u0131klama yap\u0131lmazken, \u0130srail Sanayi ve Ticaret Bakan\u0131 Binyamin Ben Eliezer, sald\u0131r\u0131n\u0131n ard\u0131ndan meydana gelen \u00f6l\u00fcmlere \u00fcz\u00fcld\u00fc\u011f\u00fcn\u00fc s\u00f6yledi.<\/p>\n<p style=\"text-align: justify;\">Ben Eliezer, ordu radyosuna yapt\u0131\u011f\u0131 a\u00e7\u0131klamada, &#8220;G\u00f6r\u00fcnt\u00fcler kesinlikle hi\u00e7 ho\u015f de\u011fil. Ben ancak \u00f6l\u00fcmlere \u00fcz\u00fcld\u00fc\u011f\u00fcm\u00fc s\u00f6yleyebilirim&#8221; dedi.<\/p>\n<p style=\"text-align: justify;\">Ben Eliezer, d\u00fcn gece yar\u0131s\u0131 sonras\u0131 \u0130srail donanmas\u0131 askerlerinin sald\u0131r\u0131s\u0131ndan sonra a\u00e7\u0131klama yapan \u0130srailli ilk \u00fcst d\u00fczey yetkili oldu.<\/p>\n<p style=\"text-align: justify;\">\u0130srail&#8217;den \u00f6l\u00fc veya yaral\u0131 say\u0131s\u0131na ili\u015fkin de herhangi do\u011frulama veya yalanlama da gelmedi. Bu arada \u0130srail ordusundan &#8220;Mavi Marmara&#8221; gemisine yap\u0131lan uyar\u0131 bas\u0131na verildi.<\/p>\n<p style=\"text-align: justify;\">\u00d6te yandan \u0130srail Kanal 2 televizyonu, gemilerden sadece Mavi Marmara&#8217;da olaylar meydana geldi\u011fini, di\u011fer 5 gemidekilerin direnmeden \u0130srail askerlerine teslim oldu\u011funu da aktard\u0131. Ayn\u0131 televizyon, Marmara gemisindekilerin \u0130srail komandolar\u0131n\u0131 ta\u015flar, uzun b\u0131\u00e7aklar ve sopalarla bekledi\u011fini, hatta birka\u00e7 el silah sesi duyuldu\u011funu da \u00f6ne s\u00fcrd\u00fc.<\/p>\n<p style=\"text-align: justify;\"><strong>&#8220;Filoya kar\u015f\u0131 zafer kazan\u0131ld\u0131&#8221;<\/strong><\/p>\n<p style=\"text-align: justify;\">Bu arada gemide \u00fcyesi, Knesset milletvekili Hanen Zubi bulunan Balad partisinin Ba\u015fkan\u0131 Muhammed Bereke, &#8220;\u0130srail Ba\u015fbakan\u0131 ve Savunma Bakan\u0131n\u0131 &#8216;sivil bir filoya kar\u015f\u0131 kazand\u0131\u011f\u0131 parlak zaferi&#8217; nedeniyle kutlad\u0131\u011f\u0131n\u0131&#8221; s\u00f6yledi.<\/p>\n<p style=\"text-align: justify;\">Bereke, yapt\u0131\u011f\u0131 a\u00e7\u0131klamada, &#8220;filoya kat\u0131lanlardan baz\u0131lar\u0131n\u0131n \u00f6l\u00fcm\u00fcne yol a\u00e7mas\u0131 nedeniyle, \u0130srail&#8217;in korsan h\u00fck\u00fcmetinin, \u00fclkeyi uluslararas\u0131 ve insani hukukun gerisine d\u00fc\u015f\u00fcrd\u00fc\u011f\u00fcn\u00fc&#8221; ifade etti. Bereke, &#8220;Bibi (\u0130srail Ba\u015fbakan\u0131 Binyamin Netanyahu) ve (\u0130srail Savunma Bakan\u0131 Ehud) Barak gibi tiranlar, kendilerine ancak tarihin \u00e7\u00f6pl\u00fc\u011f\u00fc i\u00e7inde yer bulacaklard\u0131r&#8221; diye konu\u015ftu.<\/p>\n<p style=\"text-align: justify;\">Bu arada Kanal 10 televizyonu, g\u00f6zalt\u0131na al\u0131nanlar\u0131n bir k\u0131sm\u0131n\u0131n cezaevlerine konulmas\u0131 i\u00e7in haz\u0131rl\u0131klar yap\u0131ld\u0131\u011f\u0131n\u0131 duyurdu.<\/p>\n<p style=\"text-align: justify;\">Televizyon ayr\u0131ca, Gazze \u015eeridi&#8217;nden botlar\u0131n denize a\u00e7\u0131lmas\u0131n\u0131 \u00f6nlemek i\u00e7in, Gazze k\u0131y\u0131lar\u0131n\u0131n da t\u00fcm\u00fcyle abluka alt\u0131na al\u0131nd\u0131\u011f\u0131n\u0131 kaydetti. Kanal 2 televizyonu, gemidekilerin daha \u00f6nce s\u00f6yledikleri gibi pasif bir direni\u015f i\u00e7inde olmad\u0131klar\u0131n\u0131, askerlere b\u0131\u00e7ak ve \u00e7ubuklarla sald\u0131rd\u0131klar\u0131n\u0131 da ifade etti.<\/p>\n<p style=\"text-align: justify;\">\u0130srail televizyonlar\u0131 ve radyolar\u0131, Ankara ve \u0130stanbul&#8217;da protesto i\u00e7in toplanan kalabal\u0131klar\u0131 ve Ankara&#8217;daki \u0130srail b\u00fcy\u00fckel\u00e7isinin D\u0131\u015fi\u015fleri Bakanl\u0131\u011f\u0131&#8217;na \u00e7a\u011fr\u0131ld\u0131\u011f\u0131n\u0131 da haberlerinde duyurdular.<\/p>\n<p style=\"text-align: justify;\"><strong>Uyar\u0131 mesaj\u0131 yay\u0131nland\u0131 <\/strong><\/p>\n<p style=\"text-align: justify;\">Ak\u015fam saatlerinde ise \u0130srail radyosu, konvoya yap\u0131lan uyar\u0131 mesaj\u0131n\u0131 yay\u0131nlad\u0131.<\/p>\n<p style=\"text-align: justify;\">Radyoda yay\u0131nlanan mesaja g\u00f6re, \u0130srail&#8217;in Hayfa liman\u0131ndan ayr\u0131lan h\u00fccumbotlar, gemileri ablukaya uymalar\u0131 i\u00e7in uyard\u0131.<\/p>\n<p style=\"text-align: justify;\">Mesajda, &#8220;Bu emre uymaz ve abluka s\u0131n\u0131r\u0131na girerseniz, \u0130srail donanmas\u0131 ablukay\u0131 delmenizi engelleyecek \u00f6nlemleri alacakt\u0131r&#8221; denildi.<\/p>\n<p style=\"text-align: justify;\">Konvoyun lideri T\u00fcrk gemisi Mavi Marmara&#8217;dan yap\u0131lan a\u00e7\u0131klamalarda, \u0130srail gemilerinin konvoyu taciz etti\u011fini belirtmi\u015fti.<\/p>\n<p style=\"text-align: justify;\">F\u00fcze ta\u015f\u0131ma kapasitesine sahip 3 \u0130srail gemisi, cuma g\u00fcn\u00fcnden bu yana Hayfa&#8217;da bekletiliyor.<\/p>\n<p style=\"text-align: justify;\">\u0130srail daha \u00f6nce, filoya m\u00fcdahalenin, Gazze&#8217;nin 68 mil a\u00e7\u0131\u011f\u0131ndan itibaren yap\u0131labilece\u011fini, gece karanl\u0131\u011f\u0131ndan faydalan\u0131laca\u011f\u0131n\u0131 a\u00e7\u0131klam\u0131\u015ft\u0131.<\/p>\n<p style=\"text-align: justify;\"><strong>Ba\u015fbakanl\u0131k&#8217;ta acil toplant\u0131<\/strong><\/p>\n<p style=\"text-align: justify;\">\u0130srail&#8217;in m\u00fcdahalesinin ard\u0131ndan Ba\u015fbakan Vekili B\u00fclent Ar\u0131n\u00e7&#8217;\u0131n ba\u015fkanl\u0131\u011f\u0131nda yap\u0131lan ve \u0130skenderun&#8217;daki askeri birli\u011fe ter\u00f6r sald\u0131r\u0131s\u0131 ile \u0130srail&#8217;in yard\u0131m gemilerine sald\u0131r\u0131s\u0131n\u0131n de\u011ferlendirildi\u011fi toplant\u0131 sona erdi.<\/p>\n<p style=\"text-align: justify;\">Ba\u015fbakanl\u0131k Merkez Bina&#8217;da yakla\u015f\u0131k 2 s\u00fcren toplant\u0131ya, Ba\u015fbakan Vekili Ar\u0131n\u00e7 ile \u0130\u00e7i\u015fleri Bakan\u0131 Be\u015fir Atalay, Ba\u015fbakanl\u0131k M\u00fcste\u015far\u0131 Efkan Ala, Genelkurmay Harekat Ba\u015fkan\u0131 Korgeneral Mehmet Er\u00f6z ve Deniz Kuvvetleri Kurmay Ba\u015fkan\u0131 Koramiral Nusret G\u00fcner ile ilgili b\u00fcrokratlar kat\u0131ld\u0131.<\/p>\n<p style=\"text-align: justify;\">Toplant\u0131ya ili\u015fkin a\u00e7\u0131klama yap\u0131lmas\u0131 bekleniyor.<\/p>\n<p style=\"text-align: justify;\"><strong>\u0130srail B\u00fcy\u00fckel\u00e7isi Bakanl\u0131\u011fa \u00e7a\u011f\u0131r\u0131ld\u0131 <\/strong><\/p>\n<p style=\"text-align: justify;\">D\u0131\u015fi\u015fleri Bakanl\u0131\u011f\u0131ndan edindi\u011fi bilgiye g\u00f6re, Brezilya&#8217;dan ABD&#8217;ye ge\u00e7mekte olan D\u0131\u015fi\u015fleri Bakan\u0131 Ahmet Davuto\u011flu, konuyu yak\u0131ndan takip ederek Ba\u015fbakan Recep Tayyip Erdo\u011fan ve Cumhurba\u015fkan\u0131 Abdullah G\u00fcl&#8217;\u00fc bilgilendirdi.<\/p>\n<p style=\"text-align: justify;\">Yard\u0131m gemilerinden do\u011frudan bilgi ak\u0131\u015f\u0131n\u0131n devam etti\u011fi, geli\u015fmeler hakk\u0131nda arama kurtarma merkezinden kriz masas\u0131na ula\u015fan bilgilerin de\u011ferlendirildi\u011fi kaydedildi.<\/p>\n<p style=\"text-align: justify;\">D\u0131\u015fi\u015fleri Bakanl\u0131\u011f\u0131n\u0131n, k\u0131sa bir s\u00fcre i\u00e7inde olayla ilgili bir a\u00e7\u0131klama yapmas\u0131 bekleniyor.<\/p>\n<p style=\"text-align: justify;\"><strong>\u0130srail Ba\u015fkonsoloslu\u011fu \u00f6n\u00fcnde protesto <\/strong><\/p>\n<p style=\"text-align: justify;\">\u0130srail&#8217;in operasyonu \u00fczerine \u0130srail&#8217;in \u0130stanbul Ba\u015fkonsoloslu\u011fu \u00f6n\u00fcnde toplanan bir grup, \u0130srail&#8217;in, &#8220;Rotam\u0131z Filistin Y\u00fck\u00fcm\u00fcz \u0130nsani Yard\u0131m&#8221; konvoyuna m\u00fcdahalesini protesto ediyor.<\/p>\n<p style=\"text-align: justify;\">Gruptakiler, \u0130srail&#8217;in, Gazze&#8217;ye yard\u0131m i\u00e7in giden gemilere m\u00fcdahale etti\u011fi haberini ald\u0131ktan sonra ellerinde Filistin bayraklar\u0131yla &#8220;\u0130srail \u015fa\u015f\u0131rma sabr\u0131m\u0131z\u0131 ta\u015f\u0131rma&#8221; slogan\u0131 att\u0131.<\/p>\n<p style=\"text-align: center;\"><a href=\"http:\/\/www.korhanyilmaz.com\/wp-content\/uploads\/2010\/05\/007.jpg\"  class=\"lightview\"><img loading=\"lazy\" decoding=\"async\" class=\"aligncenter size-full wp-image-23211\" src=\"http:\/\/www.korhanyilmaz.com\/wp-content\/uploads\/2010\/05\/007.jpg\" alt=\"\" width=\"464\" height=\"235\" \/><\/a><\/p>\n<p style=\"text-align: justify;\">Kalabal\u0131k gruptan baz\u0131lar\u0131 konsolosluk binas\u0131na ta\u015flarla sald\u0131rd\u0131. At\u0131lan ta\u015flardan baz\u0131s\u0131 \u00e7evik kuvvet ekiplerine denk geldi. \u00c7evik kuvvet polisleri g\u00f6stericilere tazyikli su ile m\u00fcdahale edildi.<\/p>\n<p style=\"text-align: justify;\">Polisin m\u00fcdahalesi ile geri \u00e7ekilen kalabal\u0131k grubun Ba\u015fkonsolosluk \u00f6n\u00fcnde bekleyi\u015fi s\u00fcr\u00fcyor.<\/p>\n<p style=\"text-align: justify;\"><strong>Ba\u015fkent de gergin <\/strong><\/p>\n<p style=\"text-align: justify;\">\u0130srail&#8217;in Gazze&#8217;ye yard\u0131m g\u00f6t\u00fcren gemilere sald\u0131r\u0131s\u0131 Ba\u015fkentte protesto edildi. AA muhabirinin ald\u0131\u011f\u0131 bilgiye g\u00f6re, \u0130srail&#8217;in Ankara B\u00fcy\u00fckel\u00e7isi Gaby Levy&#8217;in kald\u0131\u011f\u0131 el\u00e7ilik rezidans\u0131 \u00f6n\u00fcnde toplanan bir grup, ellerinde Filistin ve T\u00fcrk bayraklar\u0131 ile \u0130srail aleyhinde sloganlar att\u0131.<\/p>\n<p style=\"text-align: justify;\">Daha sonra el\u00e7ilik rezidans\u0131 \u00f6n\u00fcndeki yolu kapatmak isteyen gruba polis izin vermedi. Bu arada, Levy&#8217;in kald\u0131\u011f\u0131 rezidans ile b\u00fcy\u00fckel\u00e7ilik binas\u0131 \u00e7evresinde \u00e7evik kuvvet ekiplerinin geni\u015f g\u00fcvenlik \u00f6nlemi ald\u0131\u011f\u0131 g\u00f6r\u00fcld\u00fc.<\/p>\n<p style=\"text-align: justify;\"><strong>ABD Konsoloslu\u011fu da nasibini ald\u0131 <\/strong><\/p>\n<p style=\"text-align: justify;\">Bir ba\u015fka protesto ise, Adana&#8217;daki ABD Konsoloslu\u011fu&#8217;nda ya\u015fand\u0131. Grup, bir s\u00fcre oturma eylemi yap\u0131p, dualar okudu.<\/p>\n<p style=\"text-align: justify;\">Ba\u015fbakan Erdo\u011fan&#8217;\u0131n, \u0130srail&#8217;e kar\u015f\u0131 bir kez daha &#8220;One Minute&#8221; \u015feklinde tepki g\u00f6stermesini istediler.<\/p>\n<p style=\"text-align: justify;\">Konsolosluk \u00f6n\u00fcnde yakla\u015f\u0131k yar\u0131m saat kalan grup, daha sonra olays\u0131z bir \u015fekilde da\u011f\u0131ld\u0131.<\/p>\n<p style=\"text-align: justify;\"><strong>Hamas m\u00fcdahaleyi k\u0131nad\u0131 <\/strong><\/p>\n<p style=\"text-align: justify;\">Bu arada, Gazze&#8217;deki Hamas h\u00fck\u00fcmetinin lideri \u0130smail Haniye, \u0130srail g\u00fc\u00e7lerinin Gazze&#8217;ye yard\u0131m getiren gemilere m\u00fcdahalesini k\u0131nad\u0131. Haniye, m\u00fcdaheleyi &#8220;ac\u0131mas\u0131z bir sald\u0131r\u0131&#8221; olarak niteledi.<\/p>\n<p style=\"text-align: justify;\">Haniye, bas\u0131na yapt\u0131\u011f\u0131 a\u00e7\u0131klamada, &#8220;BM Genel Sekreteri Ban Ki-moon&#8217;u, bu gemilerde bulunan dayan\u0131\u015fma gruplar\u0131n\u0131 korumak ve Gazze&#8217;ye g\u00fcvenle gelmelerini sa\u011flamak konusunda sorumluluklar\u0131n\u0131 \u00fcstlenmeye \u00e7a\u011f\u0131r\u0131yoruz&#8221; diye konu\u015ftu.<\/p>\n<p style=\"text-align: justify;\">Hamas ayr\u0131ca, \u0130srail askerlerinin Gazze&#8217;ye yard\u0131m g\u00f6t\u00fcren gemilere sald\u0131r\u0131s\u0131n\u0131n ard\u0131ndan Araplara ve M\u00fcsl\u00fcmanlara, \u0130srail b\u00fcy\u00fckel\u00e7iliklerinin \u00f6n\u00fcnde &#8220;ba\u015fkald\u0131r\u0131&#8221; \u00e7a\u011fr\u0131s\u0131nda bulundu.<\/p>\n<p style=\"text-align: justify;\"><span style=\"color: #888888;\">CNN T\u00dcRK<\/span><\/p>\n","protected":false},"excerpt":{"rendered":"<p style=\"text-align: center;\">\n<p style=\"text-align: justify;\">\u0130srail g\u00fc\u00e7leri, &#8220;Rotam\u0131z Filistin Y\u00fck\u00fcm\u00fcz \u0130nsani Yard\u0131m&#8221; kampanyas\u0131 kapsam\u0131nda Gazze&#8217;ye insani yard\u0131m malzemesi g\u00f6t\u00fcren 6 gemilik filoya m\u00fcdahale etti. \u0130srail televizyonlar\u0131, sald\u0131r\u0131da en az 16 ki\u015finin \u00f6ld\u00fc\u011f\u00fcn\u00fc a\u00e7\u0131klad\u0131. T\u00fcrk D\u0131\u015fi\u015fleri Bakanl\u0131\u011f\u0131, \u0130srail&#8217;in Ankara B\u00fcy\u00fckel\u00e7isi Gaby Levi&#8217;yi Bakanl\u0131\u011fa \u00e7a\u011f\u0131rd\u0131. \u0130srail&#8217;in \u0130stanbul Ba\u015fkonsoloslu\u011fu \u00f6n\u00fcnde ise protesto g\u00f6sterisi var. \u0130srail&#8217;in a\u00e7\u0131klama yapmas\u0131 bekleniyor. <\/p>\n","protected":false},"author":1,"featured_media":0,"comment_status":"open","ping_status":"closed","sticky":false,"template":"","format":"standard","meta":{"footnotes":""},"categories":[105],"tags":[],"class_list":["post-23210","post","type-post","status-publish","format-standard","hentry","category-gundem","odd"],"_links":{"self":[{"href":"http:\/\/www.korhanyilmaz.com\/index.php?rest_route=\/wp\/v2\/posts\/23210","targetHints":{"allow":["GET"]}}],"collection":[{"href":"http:\/\/www.korhanyilmaz.com\/index.php?rest_route=\/wp\/v2\/posts"}],"about":[{"href":"http:\/\/www.korhanyilmaz.com\/index.php?rest_route=\/wp\/v2\/types\/post"}],"author":[{"embeddable":true,"href":"http:\/\/www.korhanyilmaz.com\/index.php?rest_route=\/wp\/v2\/users\/1"}],"replies":[{"embeddable":true,"href":"http:\/\/www.korhanyilmaz.com\/index.php?rest_route=%2Fwp%2Fv2%2Fcomments&post=23210"}],"version-history":[{"count":0,"href":"http:\/\/www.korhanyilmaz.com\/index.php?rest_route=\/wp\/v2\/posts\/23210\/revisions"}],"wp:attachment":[{"href":"http:\/\/www.korhanyilmaz.com\/index.php?rest_route=%2Fwp%2Fv2%2Fmedia&parent=23210"}],"wp:term":[{"taxonomy":"category","embeddable":true,"href":"http:\/\/www.korhanyilmaz.com\/index.php?rest_route=%2Fwp%2Fv2%2Fcategories&post=23210"},{"taxonomy":"post_tag","embeddable":true,"href":"http:\/\/www.korhanyilmaz.com\/index.php?rest_route=%2Fwp%2Fv2%2Ftags&post=23210"}],"curies":[{"name":"wp","href":"https:\/\/api.w.org\/{rel}","templated":true}]}}