{"id":23194,"date":"2010-05-30T18:13:04","date_gmt":"2010-05-30T15:13:04","guid":{"rendered":"http:\/\/www.korhanyilmaz.com\/?p=23194"},"modified":"2010-05-30T18:13:04","modified_gmt":"2010-05-30T15:13:04","slug":"aleviler-referandumda-hayir-diyecek","status":"publish","type":"post","link":"http:\/\/www.korhanyilmaz.com\/?p=23194","title":{"rendered":"Aleviler referandumda &#8216;hay\u0131r&#8217; diyecek"},"content":{"rendered":"<p><a href=\"http:\/\/www.korhanyilmaz.com\/wp-content\/uploads\/2010\/05\/BALKIZ.jpg\"  class=\"lightview\"><img loading=\"lazy\" decoding=\"async\" class=\"aligncenter size-full wp-image-23195\" src=\"http:\/\/www.korhanyilmaz.com\/wp-content\/uploads\/2010\/05\/BALKIZ.jpg\" alt=\"\" width=\"292\" height=\"207\" \/><\/a><\/p>\n<p style=\"text-align: justify;\">Alevi Bekta\u015fi Federasyonu&#8217;nun genel kurulunda \u0130stiklal Mar\u015f\u0131&#8217;n\u0131n okunmay\u0131\u015f\u0131 tart\u0131\u015fma yaratt\u0131. Mar\u015f okunmay\u0131nca salon ikiye b\u00f6l\u00fcnd\u00fc, tansiyonu federasyon ba\u015fkan\u0131 Ali Balk\u0131z d\u00fc\u015f\u00fcrd\u00fc. \u0130stiklal Mar\u015f\u0131 konusunda ayr\u0131lan Aleviler, AK Parti&#8217;ye tepkisi konusunda birle\u015fti. Ali Balk\u0131z, &#8220;Talepleri yerine gelmedi\u011fi i\u00e7in 20 milyon Alevi referandumda hay\u0131r diyecek&#8221; dedi.<!--more--><\/p>\n<p style=\"text-align: justify;\">Tart\u0131\u015fman\u0131n ya\u015fand\u0131\u011f\u0131 yer Alevi Bekta\u015fi Federasyonu Genel Kurulu&#8230;<\/p>\n<p style=\"text-align: justify;\">Tart\u0131\u015fman\u0131n nedeni okunmayan \u0130stiklal Mar\u015f\u0131.<\/p>\n<p style=\"text-align: justify;\">Genel kurul ba\u015flarken sayg\u0131 duru\u015fu yap\u0131ld\u0131 ama \u0130stiklal Mar\u015f\u0131 okunmad\u0131, salon ikiye b\u00f6l\u00fcnd\u00fc.<\/p>\n<p style=\"text-align: justify;\">K\u00fcrs\u00fcye federasyon ba\u015fkan\u0131 Ali Balk\u0131z \u00e7\u0131kt\u0131, 9 Kas\u0131m&#8217;daki mitinginden \u00f6rnek verdi.<\/p>\n<p style=\"text-align: justify;\">Balk\u0131z, &#8220;Ferhat Tun\u00e7 semah s\u00f6yl\u00fcyordu K\u00fcrt\u00e7e diliyle. \u00d6n\u00fcnde bu meydanda binlerce Alevi genci ellerinde T\u00fcrk bayraklar\u0131 k\u0131z erkek semah d\u00f6n\u00fcyorlard\u0131 ve T\u00fcrk bayra\u011f\u0131 sall\u0131yorlard\u0131. Biz \u015fu meydanda verilen foto\u011fraf\u0131n t\u00fcm T\u00fcrkiye&#8217;de olmas\u0131n\u0131 arzu eden bir toplumun s\u00f6zc\u00fcleriyiz. Bundan kimsenin ku\u015fkusu, kayg\u0131s\u0131 olmas\u0131n&#8221; dedi.<\/p>\n<p style=\"text-align: justify;\">\u0130stiklal Mar\u015f\u0131&#8217;na ili\u015fkin tart\u0131\u015fma bitti, bu kez s\u0131ra tart\u0131\u015fmal\u0131 konulara geldi. Aleviler Anayasa de\u011fi\u015fikli\u011fine kar\u015f\u0131 tutumunu a\u00e7\u0131klad\u0131.<\/p>\n<p style=\"text-align: justify;\">Balk\u0131z, Alevilerin Anayasa de\u011fi\u015fikli\u011fine AK Parti beklentilerini kar\u015f\u0131lamad\u0131\u011f\u0131 i\u00e7in &#8216;hay\u0131r&#8217; diyece\u011fini s\u00f6yledi.<\/p>\n<p style=\"text-align: justify;\">CHP Genel Ba\u015fkan\u0131 Kemal K\u0131l\u0131\u00e7daro\u011flu&#8217;da Alevi Bekta\u015fi Federasyonu&#8217;nun genel kuruluna mesaj g\u00f6nderdi, mesaj alk\u0131\u015flarla kar\u015f\u0131l\u0131k buldu. Ancak federasyon ba\u015fkan\u0131 Ali Balk\u0131z, &#8220;Aleviler sadece CHP&#8217;yi de\u011fil, di\u011fer partileri de yak\u0131ndan izliyor&#8221; dedi.<\/p>\n<p style=\"text-align: justify;\"><span style=\"color: #888888;\">CNN T\u00dcRK<\/span><\/p>\n","protected":false},"excerpt":{"rendered":"<\/p>\n<p style=\"text-align: justify;\">Alevi Bekta\u015fi Federasyonu&#8217;nun genel kurulunda \u0130stiklal Mar\u015f\u0131&#8217;n\u0131n okunmay\u0131\u015f\u0131 tart\u0131\u015fma yaratt\u0131. Mar\u015f okunmay\u0131nca salon ikiye b\u00f6l\u00fcnd\u00fc, tansiyonu federasyon ba\u015fkan\u0131 Ali Balk\u0131z d\u00fc\u015f\u00fcrd\u00fc. \u0130stiklal Mar\u015f\u0131 konusunda ayr\u0131lan Aleviler, AK Parti&#8217;ye tepkisi konusunda birle\u015fti. Ali Balk\u0131z, &#8220;Talepleri yerine gelmedi\u011fi i\u00e7in 20 milyon Alevi referandumda hay\u0131r diyecek&#8221; dedi.<\/p>\n","protected":false},"author":1,"featured_media":0,"comment_status":"open","ping_status":"closed","sticky":false,"template":"","format":"standard","meta":{"footnotes":""},"categories":[105],"tags":[],"class_list":["post-23194","post","type-post","status-publish","format-standard","hentry","category-gundem","odd"],"_links":{"self":[{"href":"http:\/\/www.korhanyilmaz.com\/index.php?rest_route=\/wp\/v2\/posts\/23194","targetHints":{"allow":["GET"]}}],"collection":[{"href":"http:\/\/www.korhanyilmaz.com\/index.php?rest_route=\/wp\/v2\/posts"}],"about":[{"href":"http:\/\/www.korhanyilmaz.com\/index.php?rest_route=\/wp\/v2\/types\/post"}],"author":[{"embeddable":true,"href":"http:\/\/www.korhanyilmaz.com\/index.php?rest_route=\/wp\/v2\/users\/1"}],"replies":[{"embeddable":true,"href":"http:\/\/www.korhanyilmaz.com\/index.php?rest_route=%2Fwp%2Fv2%2Fcomments&post=23194"}],"version-history":[{"count":0,"href":"http:\/\/www.korhanyilmaz.com\/index.php?rest_route=\/wp\/v2\/posts\/23194\/revisions"}],"wp:attachment":[{"href":"http:\/\/www.korhanyilmaz.com\/index.php?rest_route=%2Fwp%2Fv2%2Fmedia&parent=23194"}],"wp:term":[{"taxonomy":"category","embeddable":true,"href":"http:\/\/www.korhanyilmaz.com\/index.php?rest_route=%2Fwp%2Fv2%2Fcategories&post=23194"},{"taxonomy":"post_tag","embeddable":true,"href":"http:\/\/www.korhanyilmaz.com\/index.php?rest_route=%2Fwp%2Fv2%2Ftags&post=23194"}],"curies":[{"name":"wp","href":"https:\/\/api.w.org\/{rel}","templated":true}]}}