{"id":23190,"date":"2010-05-30T18:45:48","date_gmt":"2010-05-30T15:45:48","guid":{"rendered":"http:\/\/www.korhanyilmaz.com\/?p=23190"},"modified":"2010-05-30T18:45:48","modified_gmt":"2010-05-30T15:45:48","slug":"mykya-giremeyen-tekinden-aciklama","status":"publish","type":"post","link":"http:\/\/www.korhanyilmaz.com\/?p=23190","title":{"rendered":"MYK&#8217;ya giremeyen Tekin&#8217;den a\u00e7\u0131klama"},"content":{"rendered":"<p style=\"text-align: justify;\"><a href=\"http:\/\/www.korhanyilmaz.com\/wp-content\/uploads\/2010\/05\/TEK\u0130N.jpg\"  class=\"lightview\"><img loading=\"lazy\" decoding=\"async\" class=\"aligncenter size-full wp-image-23191\" src=\"http:\/\/www.korhanyilmaz.com\/wp-content\/uploads\/2010\/05\/TEK\u0130N.jpg\" alt=\"\" width=\"292\" height=\"191\" \/><\/a><\/p>\n<p style=\"text-align: justify;\">CHP eski \u0130stanbul \u0130l Ba\u015fkan\u0131 G\u00fcrsel Tekin, CHP MYK \u00fcyeli\u011finde isminin olmamas\u0131n\u0131n \u00f6nemli olmad\u0131\u011f\u0131n\u0131 belirtti. Kad\u0131k\u00f6y Belediye Ba\u015fkan Yard\u0131mc\u0131l\u0131\u011f\u0131 yapt\u0131\u011f\u0131 d\u00f6nemde hakk\u0131nda a\u00e7\u0131lan usuls\u00fczl\u00fck davas\u0131n\u0131n, bu konuyla alakal\u0131 olmad\u0131\u011f\u0131n\u0131 s\u00f6yleyen Tekin, &#8220;genel ba\u015fkan\u0131m nas\u0131l isterse her t\u00fcrl\u00fc g\u00f6reve haz\u0131r\u0131z&#8221; dedi.<!--more--><\/p>\n<p style=\"text-align: justify;\">G\u00fcrsel Tekin, Ankara&#8217;dan \u0130stanbul&#8217;a geli\u015finde Atat\u00fcrk Havaliman\u0131&#8217;nda bas\u0131n mensuplar\u0131n\u0131n sorular\u0131n\u0131 yan\u0131tlad\u0131.<\/p>\n<p style=\"text-align: justify;\">Bas\u0131n mensuplar\u0131n\u0131n \u201cParti meclisinden istifa ettiniz mi?&#8221; sorusu \u00fczerine CHP&#8217;li G\u00fcrsel Tekin, \u201cGenel Ba\u015fkan\u0131m\u0131z Kemal K\u0131l\u0131\u00e7daro\u011flu ne g\u00f6rev verirse o g\u00f6revi yapar\u0131m. Ben CHP&#8217;nin neferiyim. Partinin bir \u00fcyesi olmak bile bir onurdur, ben o onuru ta\u015f\u0131r\u0131m. Partideki hi\u00e7bir g\u00f6revimden istifa etmedim&#8221; dedi.<\/p>\n<p style=\"text-align: justify;\">Tekin, MYK listesinde yer almaman\u0131n kendisi i\u00e7in bir sorun te\u015fkil etmedi\u011fini belirterek, &#8220;Genel ba\u015fkan\u0131m\u0131z \u00e7al\u0131\u015fabilece\u011fi bir liste haz\u0131rlam\u0131\u015ft\u0131r. Bende onun \u00e7ok yak\u0131n arkada\u015f\u0131y\u0131m, mesai arkada\u015f\u0131y\u0131m, yol arkada\u015f\u0131y\u0131m. Bende her t\u00fcrl\u00fc deste\u011fi verece\u011fim. Benim bir yerde olup olmamam bir sorun de\u011fil \u00f6nemli olan CHP&#8217;nin iktidar olmas\u0131d\u0131r. Say\u0131n K\u0131l\u0131\u00e7daro\u011flu ve bizlerin topluma a\u00e7m\u0131\u015f oldu\u011fumuz projelerin devam\u0131d\u0131r. \u0130nan\u0131yorum ki bunlar devam edecektir ve hem Say\u0131n K\u0131l\u0131\u00e7daro\u011flu hem de partimize destek verece\u011fiz&#8221; diye konu\u015ftu.<\/p>\n<p style=\"text-align: justify;\"><strong>&#8220;O benim \u015feref madalyamd\u0131r&#8221; <\/strong><\/p>\n<p style=\"text-align: justify;\">MYK listesinde yer almay\u0131\u015f\u0131n\u0131n Kad\u0131k\u00f6y Belediye Ba\u015fkan Yard\u0131mc\u0131l\u0131\u011f\u0131 yapt\u0131\u011f\u0131 d\u00f6nemde hakk\u0131nda a\u00e7\u0131lan usuls\u00fczl\u00fck davas\u0131yla ilgili olmad\u0131\u011f\u0131n\u0131 belirten Tekin, \u201cMYK \u00fcyeli\u011finde ismimin olmamas\u0131 bu olayla hi\u00e7 ilgisi yok. Ge\u00e7mi\u015fte bu dosyay\u0131 bas\u0131n mensubu arkada\u015flar\u0131m ile payla\u015fm\u0131\u015ft\u0131m. O benim \u015feref madalyamd\u0131r. Uyu\u015fturucu ka\u00e7ak\u00e7\u0131l\u0131\u011f\u0131 dosyas\u0131 de\u011fildir, r\u00fc\u015fvet dosyas\u0131 de\u011fildir. Vatanda\u015f\u0131n hayat\u0131n\u0131 kolayla\u015ft\u0131rmak i\u00e7in yap\u0131lm\u0131\u015ft\u0131r. Bug\u00fcn yine o g\u00f6revde olsam bu dosyaya yine imzam\u0131 atard\u0131m. \u00d6yle bir gerek\u00e7e olsayd\u0131 ben bir y\u0131ld\u0131r il ba\u015fkan\u0131y\u0131m oradan istifam\u0131 isterlerdi&#8221; ifadelerini kulland\u0131.<\/p>\n<p style=\"text-align: justify;\">Parti meclisinden istifa etmedi\u011finin alt\u0131n\u0131 \u00e7izen G\u00fcrsel Tekin \u201cSay\u0131n genel ba\u015fkan\u0131m nas\u0131l isterse biz her t\u00fcrl\u00fc g\u00f6reve haz\u0131r\u0131z. Ben hi\u00e7bir g\u00f6revden istifa etmi\u015f de\u011filim. Bu karar say\u0131n genel ba\u015fkan\u0131m\u0131za aittir. Say\u0131n genel ba\u015fkan\u0131m\u0131z bize yol haritas\u0131 \u00e7izdi\u011finde her t\u00fcrl\u00fc g\u00f6reve haz\u0131r\u0131z&#8221; diye konu\u015ftu.<\/p>\n<p style=\"text-align: justify;\">\u00d6nder Sav ile aralar\u0131nda hi\u00e7bir \u00e7eki\u015fmenin olmad\u0131\u011f\u0131n\u0131 ifade eden Tekin konu\u015fmas\u0131na \u015f\u00f6yle devam etti: \u201cBenim kimseyle bir \u00e7eki\u015fmem s\u00f6z konusu de\u011fildir. Ben T\u00fcrkiye&#8217;de b\u00fct\u00fcnl\u00fck birlik \u00f6zellikle \u0130stanbul&#8217;da son 2,5 y\u0131ld\u0131r vermi\u015f oldu\u011fum m\u00fccadeleye en yak\u0131n tan\u0131k sizlersiniz. CHP&#8217;nin b\u00fct\u00fcn kongrelerine bak\u0131n, 2 d\u00f6nem \u00fcst \u00fcste aday olmu\u015fum, b\u00fct\u00fcn delegelerin oylar\u0131 ile se\u00e7ilmi\u015fim. Benim g\u00f6revim parti i\u00e7erisindeki bar\u0131\u015f\u0131, karde\u015fli\u011fi ve sevgiyi olu\u015fturmakt\u0131r. Yine ayn\u0131 duygularla devam edece\u011fim kimseyle \u00f6zel bir husumetim s\u00f6z konusu de\u011fildir&#8221;<\/p>\n<p style=\"text-align: justify;\">Kurultay s\u00fcrecindeki liste tart\u0131\u015fmalar\u0131n\u0131n normal oldu\u011funu da belirten CHP&#8217;li Tekin, \u201cHer siyasi partide oldu\u011fu gibi bizde de bu t\u00fcr yar\u0131\u015flar olur. Bu bir kavgaya d\u00f6n\u00fc\u015fecek manas\u0131 ta\u015f\u0131maz&#8221; diyerek s\u00f6zlerini tamamlad\u0131.<\/p>\n<p style=\"text-align: justify;\"><span style=\"color: #888888;\">CNN T\u00dcRK<\/span><\/p>\n","protected":false},"excerpt":{"rendered":"<p style=\"text-align: justify;\">\n<p style=\"text-align: justify;\">CHP eski \u0130stanbul \u0130l Ba\u015fkan\u0131 G\u00fcrsel Tekin, CHP MYK \u00fcyeli\u011finde isminin olmamas\u0131n\u0131n \u00f6nemli olmad\u0131\u011f\u0131n\u0131 belirtti. Kad\u0131k\u00f6y Belediye Ba\u015fkan Yard\u0131mc\u0131l\u0131\u011f\u0131 yapt\u0131\u011f\u0131 d\u00f6nemde hakk\u0131nda a\u00e7\u0131lan usuls\u00fczl\u00fck davas\u0131n\u0131n, bu konuyla alakal\u0131 olmad\u0131\u011f\u0131n\u0131 s\u00f6yleyen Tekin, &#8220;genel ba\u015fkan\u0131m nas\u0131l isterse her t\u00fcrl\u00fc g\u00f6reve haz\u0131r\u0131z&#8221; dedi.<\/p>\n","protected":false},"author":1,"featured_media":0,"comment_status":"open","ping_status":"closed","sticky":false,"template":"","format":"standard","meta":{"footnotes":""},"categories":[105],"tags":[],"class_list":["post-23190","post","type-post","status-publish","format-standard","hentry","category-gundem","odd"],"_links":{"self":[{"href":"http:\/\/www.korhanyilmaz.com\/index.php?rest_route=\/wp\/v2\/posts\/23190","targetHints":{"allow":["GET"]}}],"collection":[{"href":"http:\/\/www.korhanyilmaz.com\/index.php?rest_route=\/wp\/v2\/posts"}],"about":[{"href":"http:\/\/www.korhanyilmaz.com\/index.php?rest_route=\/wp\/v2\/types\/post"}],"author":[{"embeddable":true,"href":"http:\/\/www.korhanyilmaz.com\/index.php?rest_route=\/wp\/v2\/users\/1"}],"replies":[{"embeddable":true,"href":"http:\/\/www.korhanyilmaz.com\/index.php?rest_route=%2Fwp%2Fv2%2Fcomments&post=23190"}],"version-history":[{"count":0,"href":"http:\/\/www.korhanyilmaz.com\/index.php?rest_route=\/wp\/v2\/posts\/23190\/revisions"}],"wp:attachment":[{"href":"http:\/\/www.korhanyilmaz.com\/index.php?rest_route=%2Fwp%2Fv2%2Fmedia&parent=23190"}],"wp:term":[{"taxonomy":"category","embeddable":true,"href":"http:\/\/www.korhanyilmaz.com\/index.php?rest_route=%2Fwp%2Fv2%2Fcategories&post=23190"},{"taxonomy":"post_tag","embeddable":true,"href":"http:\/\/www.korhanyilmaz.com\/index.php?rest_route=%2Fwp%2Fv2%2Ftags&post=23190"}],"curies":[{"name":"wp","href":"https:\/\/api.w.org\/{rel}","templated":true}]}}