{"id":23186,"date":"2010-05-30T21:06:40","date_gmt":"2010-05-30T18:06:40","guid":{"rendered":"http:\/\/www.korhanyilmaz.com\/?p=23186"},"modified":"2010-05-30T21:06:40","modified_gmt":"2010-05-30T18:06:40","slug":"anayasa-degisikligiyle-savasacaklar","status":"publish","type":"post","link":"http:\/\/www.korhanyilmaz.com\/?p=23186","title":{"rendered":"Anayasa de\u011fi\u015fikli\u011fiyle sava\u015facaklar!"},"content":{"rendered":"<p style=\"text-align: center;\"><a href=\"http:\/\/www.korhanyilmaz.com\/wp-content\/uploads\/2010\/05\/yarsav2.jpg\"  class=\"lightview\"><img loading=\"lazy\" decoding=\"async\" class=\"aligncenter size-full wp-image-23187\" src=\"http:\/\/www.korhanyilmaz.com\/wp-content\/uploads\/2010\/05\/yarsav2.jpg\" alt=\"\" width=\"307\" height=\"236\" \/><\/a><\/p>\n<p style=\"text-align: justify;\">Yarg\u0131\u00e7lar ve Savc\u0131lar Birli\u011fi (YARSAV) Ba\u015fkan\u0131 Emine \u00dclker Tarhan, &#8220;Bu anayasa de\u011fi\u015fikli\u011finin b\u00fcy\u00fck sorunlar yarataca\u011f\u0131n\u0131 d\u00fc\u015f\u00fcn\u00fcyoruz&#8221; dedi. Tarhan, &#8220;i\u015fte bu nedenle bununla sava\u015f\u0131r\u0131z, bunu halk\u0131m\u0131za anlatmak i\u00e7in elimizden geleni yapar\u0131z&#8221; diye konu\u015ftu. <!--more--><\/p>\n<p style=\"text-align: justify;\">Emine \u00dclker Tarhan, Mu\u011fla Barosu taraf\u0131ndan Mu\u011fla \u00dcniversitesi Atat\u00fcrk K\u00fclt\u00fcr Merkezinde d\u00fczenlenen &#8220;T\u00fcrkiye Ger\u00e7ekleri ve Anayasa De\u011fi\u015fiklikleri&#8221; \u00e7al\u0131\u015ftay\u0131nda, anayasa de\u011fi\u015fikli\u011fi konusunda tek y\u00f6nl\u00fc bilgilendirilmeye maruz kal\u0131nd\u0131\u011f\u0131n\u0131 iddia etti.<\/p>\n<p style=\"text-align: justify;\">Bu anayasa de\u011fi\u015fikli\u011finin \u00fclkede hi\u00e7bir temel sorunu \u00e7\u00f6zmeyece\u011fini bildiklerini ileri s\u00fcren Tarhan, &#8220;Bu anayasa de\u011fi\u015fikli\u011finin b\u00fcy\u00fck sorunlar yarataca\u011f\u0131n\u0131 d\u00fc\u015f\u00fcn\u00fcyoruz. \u0130\u015fte bu nedenle bununla sava\u015f\u0131r\u0131z, bunu halk\u0131m\u0131za anlatmak i\u00e7in elimizden geleni yapar\u0131z&#8221; diye konu\u015ftu.<\/p>\n<p style=\"text-align: justify;\">Bu arada 2 g\u00fcn s\u00fcren \u00e7al\u0131\u015ftaya kat\u0131lan konu\u015fmac\u0131lara te\u015fekk\u00fcr belgesi verildi.<\/p>\n<p style=\"text-align: justify;\"><span style=\"color: #888888;\">CNN T\u00dcRK<\/span><\/p>\n","protected":false},"excerpt":{"rendered":"<p style=\"text-align: center;\">\n<p style=\"text-align: justify;\">Yarg\u0131\u00e7lar ve Savc\u0131lar Birli\u011fi (YARSAV) Ba\u015fkan\u0131 Emine \u00dclker Tarhan, &#8220;Bu anayasa de\u011fi\u015fikli\u011finin b\u00fcy\u00fck sorunlar yarataca\u011f\u0131n\u0131 d\u00fc\u015f\u00fcn\u00fcyoruz&#8221; dedi. Tarhan, &#8220;i\u015fte bu nedenle bununla sava\u015f\u0131r\u0131z, bunu halk\u0131m\u0131za anlatmak i\u00e7in elimizden geleni yapar\u0131z&#8221; diye konu\u015ftu. <\/p>\n","protected":false},"author":1,"featured_media":0,"comment_status":"open","ping_status":"closed","sticky":false,"template":"","format":"standard","meta":{"footnotes":""},"categories":[105],"tags":[],"class_list":["post-23186","post","type-post","status-publish","format-standard","hentry","category-gundem","odd"],"_links":{"self":[{"href":"http:\/\/www.korhanyilmaz.com\/index.php?rest_route=\/wp\/v2\/posts\/23186","targetHints":{"allow":["GET"]}}],"collection":[{"href":"http:\/\/www.korhanyilmaz.com\/index.php?rest_route=\/wp\/v2\/posts"}],"about":[{"href":"http:\/\/www.korhanyilmaz.com\/index.php?rest_route=\/wp\/v2\/types\/post"}],"author":[{"embeddable":true,"href":"http:\/\/www.korhanyilmaz.com\/index.php?rest_route=\/wp\/v2\/users\/1"}],"replies":[{"embeddable":true,"href":"http:\/\/www.korhanyilmaz.com\/index.php?rest_route=%2Fwp%2Fv2%2Fcomments&post=23186"}],"version-history":[{"count":0,"href":"http:\/\/www.korhanyilmaz.com\/index.php?rest_route=\/wp\/v2\/posts\/23186\/revisions"}],"wp:attachment":[{"href":"http:\/\/www.korhanyilmaz.com\/index.php?rest_route=%2Fwp%2Fv2%2Fmedia&parent=23186"}],"wp:term":[{"taxonomy":"category","embeddable":true,"href":"http:\/\/www.korhanyilmaz.com\/index.php?rest_route=%2Fwp%2Fv2%2Fcategories&post=23186"},{"taxonomy":"post_tag","embeddable":true,"href":"http:\/\/www.korhanyilmaz.com\/index.php?rest_route=%2Fwp%2Fv2%2Ftags&post=23186"}],"curies":[{"name":"wp","href":"https:\/\/api.w.org\/{rel}","templated":true}]}}