{"id":23180,"date":"2010-05-30T17:01:07","date_gmt":"2010-05-30T14:01:07","guid":{"rendered":"http:\/\/www.korhanyilmaz.com\/?p=23180"},"modified":"2026-01-01T12:08:17","modified_gmt":"2026-01-01T09:08:17","slug":"23180","status":"publish","type":"post","link":"http:\/\/www.korhanyilmaz.com\/?p=23180","title":{"rendered":"K\u0131l\u0131\u00e7daro\u011flu: S\u00f6m\u00fcre s\u00f6m\u00fcre palazland\u0131lar"},"content":{"rendered":"<p style=\"text-align: center;\">\n<p><a href=\"http:\/\/www.korhanyilmaz.com\/wp-content\/uploads\/2010\/05\/527cd2f5992df10c401d1f46.jpg\"  class=\"lightview\"><img loading=\"lazy\" decoding=\"async\" class=\"aligncenter size-full wp-image-1814690\" src=\"http:\/\/www.korhanyilmaz.com\/wp-content\/uploads\/2010\/05\/527cd2f5992df10c401d1f46.jpg\" alt=\"\" width=\"283\" height=\"270\" \/><\/a><\/p>\n<p style=\"text-align: justify;\">CHP Genel Ba\u015fkan\u0131 Kemal K\u0131l\u0131\u00e7daro\u011flu, \u00c7orum&#8217;da Dedesli Ovas\u0131 T\u00fcrkmen \u015fenliklerine kat\u0131ld\u0131. B\u00fcy\u00fck bir kalabal\u0131k taraf\u0131ndan kar\u015f\u0131lanan K\u0131l\u0131\u00e7daro\u011flu, se\u00e7im mitinginde gibiydi. Konu\u015fmas\u0131nda yine Ba\u015fbaka Recep Tayyip Erdo\u011fan&#8217;\u0131 hedef ald\u0131. &#8220;Recep Bey K\u0131s\u0131kl\u0131&#8217;daki villalar\u0131 medyaya a\u00e7&#8221; diye seslenen K\u0131l\u0131\u00e7daro\u011flu, CHP Kurultay\u0131&#8217;ndaki konu\u015fmas\u0131nda oldu\u011fu gibi yine &#8220;K\u00fcrt sorunu&#8221; demeden halka seslendi, &#8220;Etnik kimli\u011finizi s\u00f6m\u00fcrenlere inanmay\u0131n&#8221; dedi.<!--more--><\/p>\n<p style=\"text-align: justify;\">K\u0131l\u0131\u00e7daro\u011flu, \u00c7orum&#8217;un Eski\u00f6ren k\u00f6y\u00fcnde d\u00fczenlenen Dedesli Ovas\u0131 T\u00fcrkmen \u015eenlikleri&#8217;nde, T\u00fcrkmenlerin k\u00f6kl\u00fc bir tarihi oldu\u011funu, ac\u0131lar\u0131 ve g\u00f6zya\u015flar\u0131n\u0131 ya\u015fayan T\u00fcrkmenlerin bug\u00fcn \u00fclkenin \u00e7imentosu haline geldi\u011fini s\u00f6yledi.<\/p>\n<p style=\"text-align: justify;\">K\u0131l\u0131\u00e7daro\u011flu, \u015f\u00f6yle konu\u015ftu: &#8220;Bir siyaset\u00e7imiz diyor ki, yani Recep Bey diyor ki &#8216;man\u015fetle gelen, man\u015fetle gider&#8217;&#8230; Vallahi ben onu bunu bilmem, ama benim bildi\u011fim, Dedesli Ovas\u0131 biraz sonra bir man\u015fet yazacak. Ve diyecek ki &#8216;halk\u0131n iktidar\u0131&#8217; geliyor. \u00c7\u00fcnk\u00fc siyaset kurumu, iyi s\u0131nav vermedi. Sizin etnik kimli\u011finizi, inan\u00e7lar\u0131n\u0131z\u0131 s\u00f6m\u00fcrd\u00fcler, sizin yoksulluklar\u0131n\u0131z\u0131 s\u00f6m\u00fcrd\u00fcler. S\u00f6m\u00fcre, s\u00f6m\u00fcre kendileri palazland\u0131lar. Biz do\u011fru neyse, halk\u0131n \u00e7\u0131kar\u0131 neyse onu yapaca\u011f\u0131z. Halkla yola \u00e7\u0131kaca\u011f\u0131z, halkla beraber y\u00fcr\u00fcyece\u011fiz.&#8221;<\/p>\n<p style=\"text-align: justify;\">\u015eenlik alan\u0131nda bulunanlar\u0131n &#8220;Ba\u015fbakan Kemal&#8221; \u015feklinde slogan atmalar\u0131 \u00fczerine kimin ba\u015fbakan olaca\u011f\u0131n\u0131 yaln\u0131zca halk\u0131n belirleyece\u011fini ifade eden \u015funlar\u0131 kaydetti: &#8220;Ba\u015fbakanl\u0131\u011fa karar verecek olan sizsiniz. Yar\u0131n se\u00e7im sand\u0131\u011f\u0131 gelecek. S\u00fcleyman sizsiniz, m\u00fch\u00fcr sizin elinizde. M\u00fchr\u00fc S\u00fcleyman&#8217;\u0131n adaletine uygun olarak kullanmaya, halk\u0131n \u00e7\u0131karlar\u0131n\u0131 savunanlar i\u00e7in kullanmaya, m\u00fchr\u00fc bu \u00fclkede yata\u011fa a\u00e7 girmeyecek tek bir \u00e7ocuk inanc\u0131yla kullanmaya, bu \u00fclkede haramilerin iktidar\u0131n\u0131 al a\u015fa\u011f\u0131 etmek i\u00e7in kullanmaya s\u00f6z veriyor musunuz? O zaman Recep Bey, do\u011fal olarak korkacak tabii. Ezberi bozulacak.&#8221;<\/p>\n<p style=\"text-align: justify;\"><strong>&#8220;Rantlara talip oldular&#8221; <\/strong><\/p>\n<p style=\"text-align: justify;\">CHP&#8217;nin, halk\u0131n sorunlar\u0131n\u0131 \u00e7\u00f6zmeye talip oldu\u011funu ifade eden K\u0131l\u0131\u00e7daro\u011flu, &#8220;Onlar sizin yaratt\u0131\u011f\u0131n\u0131z rantlara talip oldular. Ranttan yana m\u0131 halktan yana m\u0131 politika izleyece\u011fiz? As\u0131l sorun burada&#8221; dedi.<\/p>\n<p style=\"text-align: justify;\">K\u0131l\u0131\u00e7daro\u011flu, \u015funlar\u0131 s\u00f6yledi: &#8220;Sizin sorunlar\u0131n\u0131za kilitlenmek bizim kaderimiz olacak, ama Zonguldak&#8217;ta maden i\u015f\u00e7ileri i\u00e7in kader s\u00f6ylemini bi\u00e7enlerden de hesap soraca\u011f\u0131z. Birisi gider oraya hi\u00e7bir \u00f6nlem almaz, i\u015f\u00e7iler, yerin 500-600 metre dibinde \u00e7al\u0131\u015f\u0131rlar, patlama olur; insanlar \u00f6l\u00fcr maden \u015fehididir, emektir onlar\u0131n yapt\u0131\u011f\u0131. Emeklerinin, al\u0131n terlerinin kar\u015f\u0131l\u0131\u011f\u0131n\u0131 almak istiyorlar. Onlara siz &#8216;bu mesle\u011fin kaderidir&#8217; derseniz; peki nas\u0131l oluyor da Almanya&#8217;da kader de\u011fil, Fransa&#8217;da kader de\u011fil, Japonya&#8217;da kader de\u011fil? Neden Zonguldak&#8217;ta kader oluyor. Neden o i\u015f\u00e7ilerimiz topra\u011f\u0131n alt\u0131nda? Onun bir ba\u015fka bakan\u0131 daha var, O da &#8216;g\u00fczel \u00f6lm\u00fc\u015fler&#8217; diyor. E\u011fer g\u00fczel \u00f6lm\u00fc\u015flerse sen in bakal\u0131m a\u015fa\u011f\u0131, seni bir g\u00f6relim orada.&#8221;<\/p>\n<p style=\"text-align: justify;\"><strong>&#8220;K\u0131s\u0131kl\u0131&#8217;daki villalar\u0131 medyaya a\u00e7\u0131n bakal\u0131m&#8221;<\/strong><\/p>\n<p style=\"text-align: justify;\">CHP&#8217;nin, al\u0131n terine ve al\u0131n teriyle kazan\u0131lanlara her zaman sayg\u0131 duydu\u011funu aktaran K\u0131l\u0131\u00e7daro\u011flu, s\u00f6zlerini \u015f\u00f6yle s\u00fcrd\u00fcrd\u00fc: &#8220;Biz &#8216;havuzlu villa&#8217; deyince, al\u0131n teriyle kazan\u0131p, \u00fcretip, istihdam yarat\u0131p ger\u00e7ekten de al\u0131n teriyle kazand\u0131\u011f\u0131 parayla havuzlu villada oturanlar, sak\u0131n al\u0131nganl\u0131k g\u00f6stermesin. Onlara bir s\u00f6z\u00fcm\u00fcz yok. Bizim s\u00f6z\u00fcm\u00fcz y\u0131rt\u0131k ayakkab\u0131yla politikaya at\u0131l\u0131p da politikada havuzlu villada oturanlarad\u0131r. Recep Bey&#8217;den bir iste\u011fim var, Dedesli Ovas\u0131&#8217;ndaki b\u00fct\u00fcn yurtta\u015flar\u0131m\u0131n bir iste\u011fi var, K\u0131s\u0131kl\u0131&#8217;daki villalar\u0131 medyaya a\u00e7\u0131n bakal\u0131m ne oluyor orada.<\/p>\n<p style=\"text-align: justify;\">Neden o villalar\u0131n etraf\u0131 \u00e7ift duvarlarla \u00f6r\u00fcl\u00fc? \u00d6yle ya siz halk demiyor muydunuz? Fakir fukara, garip gureba demiyor muydunuz? A\u00e7\u0131n \u015fu garip gureba g\u00f6rs\u00fcn bakal\u0131m bunlar\u0131n fayanslar\u0131 \u0130talya&#8217;dan m\u0131 geldi. Armat\u00fcrleri nereden geldi? Hani sen halktan yanayd\u0131n, hani halkla beraberdin. Hani &#8216;durmak yok yola devam edelim&#8217; diyordun? Hi\u00e7 meraklanmay\u0131n refah\u0131 tabana yaymak, i\u015fsizli\u011fi yenmek, T\u00fcrkiye&#8217;yi yeniden \u00fcretim yapan bir \u00fclke haline getirmek bizim g\u00f6revimiz olacakt\u0131r. 2023 y\u0131l\u0131nda T\u00fcrkiye&#8217;yi d\u00fcnyan\u0131n en b\u00fcy\u00fck 10 \u00fclkesinden birisi haline getirmek bizim g\u00f6revimiz olacakt\u0131r. T\u00fcrkiye&#8217;nin her \u015feyi var, eksik olan helvay\u0131 yapacak adam. Helvay\u0131 yapmaya da haz\u0131r\u0131z biz.&#8221;<\/p>\n<p style=\"text-align: justify;\">CHP&#8217;nin, hi\u00e7 kimseyi etnik kimli\u011fi ve inanc\u0131 nedeniyle sorgulamayaca\u011f\u0131n\u0131 dile getiren K\u0131l\u0131\u00e7daro\u011flu, herkesin etnik kimli\u011finin ve inanc\u0131n\u0131n ba\u015flar\u0131n\u0131n \u00fczerinde yeri oldu\u011funu anlatt\u0131.<\/p>\n<p style=\"text-align: justify;\">K\u0131l\u0131\u00e7daro\u011flu, &#8220;Biz olaya \u015f\u00f6yle bak\u0131yoruz; o etnik kimli\u011fiyle, inanc\u0131yla, d\u00fc\u015f\u00fcncesiyle bir insand\u0131r ve Allah&#8217;\u0131n yaratt\u0131\u011f\u0131 en de\u011ferli varl\u0131kt\u0131r. O insan\u0131 kucaklayaca\u011f\u0131z&#8221; dedi.<\/p>\n<p style=\"text-align: justify;\">4C ve ta\u015feron uygulamas\u0131na son vereceklerini aktaran K\u0131l\u0131\u00e7daro\u011flu, anayasa de\u011fi\u015fikli\u011fini de ele\u015ftirerek, \u015funlar\u0131 belirtti: &#8220;Anayasa oylamas\u0131 \u00f6n\u00fcn\u00fcze gelebilir, bilmiyoruz y\u00fcce mahkeme nas\u0131l karar verirse. \u015eunun s\u00f6z\u00fcn\u00fc veriyoruz, bu \u00fclkeye demokrasiyi getiren, sendikala\u015fmay\u0131 getiren, grevi, toplu s\u00f6zle\u015fmeyi getiren CHP&#8217;dir. Dolay\u0131s\u0131yla g\u00fc\u00e7ler ayr\u0131l\u0131\u011f\u0131 ilkesini g\u00fc\u00e7lendirecek, yarg\u0131 ba\u011f\u0131ms\u0131zl\u0131\u011f\u0131n\u0131 g\u00fc\u00e7lendirecek, y\u00fcr\u00fctmeyi, yasamay\u0131 g\u00fc\u00e7lendirecek, ama birbirini denetler konuma getirecek, tam ba\u011f\u0131ms\u0131z, m\u00fcdahale edilemez bir medya yaratacak olan yine CHP olacakt\u0131r&#8221; diye konu\u015ftu.<\/p>\n<p style=\"text-align: justify;\"><strong>&#8220;\u015eimdi zalim olmaya ba\u015flad\u0131&#8221;<\/strong><\/p>\n<p style=\"text-align: justify;\">AK Parti&#8217;nin, ma\u011fdur edebiyat\u0131 yapt\u0131\u011f\u0131n\u0131 ileri s\u00fcren K\u0131l\u0131\u00e7daro\u011flu,&#8221;Bunlar bir ma\u011fdur edebiyat\u0131d\u0131r yap\u0131yorlar, gidiyor. Bunlar ma\u011fdur de\u011fil, bunlar mazlum da de\u011fil. Bunlar \u00f6nce ma\u011fdur oldular, \u015fimdi zalim olmaya ba\u015flad\u0131lar. \u015eimdi halk\u0131, sizi ezmeye ba\u015flad\u0131lar&#8221; dedi.<\/p>\n<p style=\"text-align: justify;\">K\u0131l\u0131\u00e7daro\u011flu, \u015f\u00f6yle dedi: &#8220;Bizi b\u00f6lmeye \u00e7al\u0131\u015fanlara, bizi ay\u0131ranlara, bizim en temiz duygular\u0131m\u0131z\u0131 s\u00f6m\u00fcrenlere asla ve asla inanmay\u0131n. Onlar ay\u0131r\u0131m yaparlar, sizin oylar\u0131n\u0131z\u0131 al\u0131r sonra size s\u0131rtlar\u0131n\u0131 d\u00f6nerler. Biz ayr\u0131m yapmayaca\u011f\u0131z. Bize oy veren, vermeyen herkese hizmet etmeyi de namuslu bir g\u00f6rev kabul edece\u011fiz. Bu \u00fclkenin ayd\u0131nl\u0131k g\u00fcnlere ihtiyac\u0131 var. Bu \u00fclkede bar\u0131\u015f r\u00fczgarlar\u0131 esmeli, hep beraber karde\u015f\u00e7e kucakla\u015fmal\u0131y\u0131z.&#8221;<\/p>\n<p style=\"text-align: justify;\">Konu\u015fmalar\u0131n ard\u0131ndan K\u0131l\u0131\u00e7daro\u011flu&#8217;na, Genel Sekreter \u00d6nder Sav&#8217;a ve Genel Ba\u015fkan Yard\u0131mc\u0131s\u0131 Hakk\u0131 Suha Okay&#8217;a \u015fenlik tertip komitesi taraf\u0131ndan plaket verildi.<\/p>\n<p style=\"text-align: justify;\">\u00d6te yandan CHP Genel Ba\u015fkan\u0131 K\u0131l\u0131\u00e7daro\u011flu, yol boyunca konvoya g\u00f6sterilen ilgiden dolay\u0131 Dedesli Ovas\u0131&#8217;na da iki saat ge\u00e7 geldi. K\u0131l\u0131\u00e7daro\u011flu&#8217;nun konvoyunun \u00c7orum merkezindeki Baha Bey Caddesi&#8217;nden ge\u00e7i\u015fi s\u0131ras\u0131nda \u00e7ok say\u0131da partili, ara\u00e7lar\u0131 durdurdu. Gruptakiler, &#8220;Ba\u015fbakan Kemal&#8221; slogan\u0131 atarak, ellerindeki T\u00fcrk bayraklar\u0131 ve parti flamalar\u0131n\u0131 sallad\u0131.<\/p>\n<p style=\"text-align: justify;\">Parti otob\u00fcs\u00fcnden vatanda\u015flar\u0131 selamlayan K\u0131l\u0131\u00e7daro\u011flu, yalana, yolsuzlu\u011fa, talana kar\u015f\u0131 m\u00fccadele edeceklerini s\u00f6yledi.<\/p>\n<p style=\"text-align: justify;\">Se\u00e7imlerde m\u00fchr\u00fcn halk\u0131n elinde oldu\u011funu belirten K\u0131l\u0131\u00e7daro\u011flu, toplanan kalabal\u0131\u011fa &#8220;Se\u00e7imlerde m\u00fchr\u00fc do\u011fru kullanmaya haz\u0131r m\u0131s\u0131n\u0131z?&#8221; diye sordu. K\u0131l\u0131\u00e7daro\u011flu, sorusuna &#8220;Haz\u0131r\u0131z&#8221; yan\u0131t\u0131 almas\u0131 \u00fczerine, &#8220;O zaman Recep Bey&#8217;e ge\u00e7mi\u015f olsun&#8221; dedi.<\/p>\n<p style=\"text-align: justify;\"><span style=\"color: #888888;\">CNN T\u00dcRK<\/span><\/p>\n","protected":false},"excerpt":{"rendered":"<p style=\"text-align: center;\">\n<p style=\"text-align: justify;\">CHP Genel Ba\u015fkan\u0131 Kemal K\u0131l\u0131\u00e7daro\u011flu, \u00c7orum&#8217;da Dedesli Ovas\u0131 T\u00fcrkmen \u015fenliklerine kat\u0131ld\u0131. B\u00fcy\u00fck bir kalabal\u0131k taraf\u0131ndan kar\u015f\u0131lanan K\u0131l\u0131\u00e7daro\u011flu, se\u00e7im mitinginde gibiydi. Konu\u015fmas\u0131nda yine Ba\u015fbaka Recep Tayyip Erdo\u011fan&#8217;\u0131 hedef ald\u0131. &#8220;Recep Bey K\u0131s\u0131kl\u0131&#8217;daki villalar\u0131 medyaya a\u00e7&#8221; diye seslenen K\u0131l\u0131\u00e7daro\u011flu, CHP Kurultay\u0131&#8217;ndaki konu\u015fmas\u0131nda oldu\u011fu gibi yine &#8220;K\u00fcrt sorunu&#8221; demeden halka seslendi, &#8220;Etnik <\/p>\n","protected":false},"author":1,"featured_media":0,"comment_status":"open","ping_status":"closed","sticky":false,"template":"","format":"standard","meta":{"footnotes":""},"categories":[105],"tags":[],"class_list":["post-23180","post","type-post","status-publish","format-standard","hentry","category-gundem","odd"],"_links":{"self":[{"href":"http:\/\/www.korhanyilmaz.com\/index.php?rest_route=\/wp\/v2\/posts\/23180","targetHints":{"allow":["GET"]}}],"collection":[{"href":"http:\/\/www.korhanyilmaz.com\/index.php?rest_route=\/wp\/v2\/posts"}],"about":[{"href":"http:\/\/www.korhanyilmaz.com\/index.php?rest_route=\/wp\/v2\/types\/post"}],"author":[{"embeddable":true,"href":"http:\/\/www.korhanyilmaz.com\/index.php?rest_route=\/wp\/v2\/users\/1"}],"replies":[{"embeddable":true,"href":"http:\/\/www.korhanyilmaz.com\/index.php?rest_route=%2Fwp%2Fv2%2Fcomments&post=23180"}],"version-history":[{"count":0,"href":"http:\/\/www.korhanyilmaz.com\/index.php?rest_route=\/wp\/v2\/posts\/23180\/revisions"}],"wp:attachment":[{"href":"http:\/\/www.korhanyilmaz.com\/index.php?rest_route=%2Fwp%2Fv2%2Fmedia&parent=23180"}],"wp:term":[{"taxonomy":"category","embeddable":true,"href":"http:\/\/www.korhanyilmaz.com\/index.php?rest_route=%2Fwp%2Fv2%2Fcategories&post=23180"},{"taxonomy":"post_tag","embeddable":true,"href":"http:\/\/www.korhanyilmaz.com\/index.php?rest_route=%2Fwp%2Fv2%2Ftags&post=23180"}],"curies":[{"name":"wp","href":"https:\/\/api.w.org\/{rel}","templated":true}]}}