{"id":23172,"date":"2010-05-30T14:20:56","date_gmt":"2010-05-30T11:20:56","guid":{"rendered":"http:\/\/www.korhanyilmaz.com\/?p=23172"},"modified":"2010-05-30T14:20:56","modified_gmt":"2010-05-30T11:20:56","slug":"referandum-takvimi-islemeye-basliyor","status":"publish","type":"post","link":"http:\/\/www.korhanyilmaz.com\/?p=23172","title":{"rendered":"Referandum takvimi i\u015flemeye ba\u015fl\u0131yor"},"content":{"rendered":"<p style=\"text-align: center;\"><a href=\"http:\/\/www.korhanyilmaz.com\/wp-content\/uploads\/2010\/05\/REFERANDUM.jpg\"  class=\"lightview\"><img loading=\"lazy\" decoding=\"async\" class=\"aligncenter size-full wp-image-23173\" src=\"http:\/\/www.korhanyilmaz.com\/wp-content\/uploads\/2010\/05\/REFERANDUM.jpg\" alt=\"\" width=\"307\" height=\"236\" \/><\/a><\/p>\n<p style=\"text-align: justify;\">Y\u00fcksek Se\u00e7im Kurulu&#8217;nun (YSK), &#8216;5982 say\u0131l\u0131 T\u00fcrkiye Cumhuriyeti Anayasas\u0131&#8217;n\u0131n Baz\u0131 Maddelerinde De\u015fiklik Yap\u0131lmas\u0131 Hakk\u0131nda Kanunun Halkoyuna Sunulmas\u0131&#8217;na ili\u015fkin referandum takvimi, yar\u0131n itibariyle i\u015flemeye ba\u015flayacak.<!--more--><\/p>\n<p style=\"text-align: justify;\">Takvime g\u00f6re, yar\u0131n muhtarl\u0131k b\u00f6lgesi ask\u0131 listelerinin d\u00f6k\u00fcm\u00fcne ba\u015flanacak, halkoylamas\u0131na ait parametreler, Bilgisayar Destekli Se\u00e7men K\u00fct\u00fck Sistemi&#8217;nden (SE\u00c7S\u0130S) tan\u0131mlanacak.<\/p>\n<p style=\"text-align: justify;\">Muhtarl\u0131k b\u00f6lgesi ask\u0131 listeleri, taksirli su\u00e7lardan h\u00fck\u00fcml\u00fcler ile tutuklu se\u00e7men listesi dahil, g\u00fcncelle\u015ftirilmek \u00fczere <strong>9 Haziran \u00c7ar\u015famba g\u00fcn\u00fc <\/strong>il\u00e7e se\u00e7im kurullar\u0131nca ask\u0131ya \u00e7\u0131kar\u0131lacak, Yurtd\u0131\u015f\u0131 Se\u00e7men K\u00fct\u00fc\u011f\u00fc&#8217;n\u00fcn internet ortam\u0131nda <strong>&#8220;www.ysk.gov.tr&#8221;<\/strong> adresinde ilan edilecek.<\/p>\n<p style=\"text-align: justify;\">Muhtarl\u0131k b\u00f6lgesi ask\u0131 listeleri <strong>22 Haziran Sal\u0131 g\u00fcn\u00fc<\/strong> ask\u0131dan indirilecek, internet ortam\u0131nda ilan edilen Yurtd\u0131\u015f\u0131 Se\u00e7men K\u00fct\u00fc\u011f\u00fc&#8217;n\u00fcn ilan\u0131 sonland\u0131r\u0131lacak.<\/p>\n<p style=\"text-align: justify;\">Muhtarl\u0131k b\u00f6lgesi ask\u0131 listeleri ve Yurtd\u0131\u015f\u0131 Se\u00e7men K\u00fct\u00fc\u011f\u00fc&#8217;ne yap\u0131lacak itirazlar <strong>28 Haziran Pazartesi g\u00fcn\u00fc<\/strong> karara ba\u011flanacak. Listelerdeki de\u011fi\u015fiklikler <strong>3 Temmuz Cumartesi <\/strong>g\u00fcn\u00fc se\u00e7men k\u00fct\u00fcklerine i\u015flenerek, kesinle\u015ftirilecek. Takvime g\u00f6re, <strong>8 Temmuz Per\u015fembe g\u00fcn\u00fc <\/strong>se\u00e7menlerin adreslerine g\u00f6re sand\u0131k atamalar\u0131 (sand\u0131k se\u00e7men listeleri) yap\u0131lacak.<\/p>\n<p style=\"text-align: justify;\">Halkoylamas\u0131nda kullan\u0131lacak birle\u015fik oy pusulalar\u0131n\u0131n bas\u0131m\u0131na <strong>9 Temmuz Cuma g\u00fcn\u00fc <\/strong>ba\u015flanacak. Sand\u0131k se\u00e7men listelerinin \u00e7o\u011falt\u0131lmas\u0131 i\u015flemine <strong>12 Temmuz Pazartesi<\/strong> ba\u015flanacak.<\/p>\n<p style=\"text-align: justify;\"><strong>S\u00fcrecin i\u015fleyi\u015f takvimi <\/strong><\/p>\n<p style=\"text-align: justify;\">Takvime g\u00f6re, bundan sonraki s\u00fcre\u00e7 \u015f\u00f6yle i\u015fleyecek:<\/p>\n<p style=\"text-align: justify;\"><strong>15 Temmuz Per\u015fembe: <\/strong>Oy verilecek g\u00fcmr\u00fck kap\u0131lar\u0131n\u0131n tespiti ve buralarda g\u00f6rev alacak il\u00e7e se\u00e7im kurullar\u0131n\u0131n olu\u015fturulmas\u0131 \u00e7al\u0131\u015fmalar\u0131na ba\u015flanacak.<\/p>\n<p style=\"text-align: justify;\"><strong>17 Temmuz Cumartesi<\/strong>: G\u00fcmr\u00fck kap\u0131lar\u0131 il\u00e7e se\u00e7im kurullar\u0131n\u0131n olu\u015fturulmas\u0131 i\u015flemi tamamlanacak. G\u00fcmr\u00fck kap\u0131lar\u0131nda g\u00f6rev alacak sand\u0131k kurullar\u0131n\u0131n olu\u015fturulmas\u0131 \u00e7al\u0131\u015fmalar\u0131na ba\u015flanacak.<\/p>\n<p style=\"text-align: justify;\"><strong>20 Temmuz Sal\u0131: <\/strong>Sand\u0131k se\u00e7men listelerinin \u00e7o\u011falt\u0131lmas\u0131 i\u015flemi bitirilecek, se\u00e7men bilgi ka\u011f\u0131tlar\u0131n\u0131n (yurti\u00e7i) yaz\u0131m\u0131na ve da\u011f\u0131t\u0131m\u0131na ba\u015flan\u0131lacak. T\u00fcrkiye genelinde sand\u0131k kurullar\u0131n\u0131n olu\u015fturulmas\u0131 \u00e7al\u0131\u015fmalar\u0131na ba\u015flanacak.<\/p>\n<p style=\"text-align: justify;\"><strong>24 Temmuz Cumartesi: <\/strong>G\u00fcmr\u00fck kap\u0131lar\u0131 sand\u0131k kurullar\u0131n\u0131n olu\u015fturulmas\u0131 tamamlanacak ve ilgililere tebli\u011f edilecek. G\u00fcmr\u00fck kap\u0131lar\u0131 sand\u0131k kurullar\u0131n\u0131n ba\u015fkanlar\u0131na halkoylamas\u0131 ara\u00e7 ve gere\u00e7lerini i\u00e7eren malzeme torbalar\u0131n\u0131n haz\u0131rlanmas\u0131na ba\u015flanacak. Radyo ve televizyonda konu\u015fma yapabilecek olan ve TBMM&#8217;de grubu bulunan siyasi partilerin bu y\u00f6ndeki isteklerinin ve propaganda s\u0131ras\u0131n\u0131n belirlenmesi i\u00e7in kuraya kat\u0131lacak temsilcilerinin YSK&#8217;ya bildirmelerinin son g\u00fcn\u00fc.<\/p>\n<p style=\"text-align: justify;\"><strong>29 Temmuz Per\u015fembe:<\/strong> G\u00fcmr\u00fck kap\u0131lar\u0131 sand\u0131k kurullar\u0131 ba\u015fkanlar\u0131na, halk oylamas\u0131 ara\u00e7 ve gere\u00e7lerini i\u00e7eren malzeme torbalar\u0131 teslim edilecek ve bu ki\u015filere e\u011fitim verilerek g\u00f6reve haz\u0131r hale getirilecek.<\/p>\n<p style=\"text-align: justify;\"><strong>3 A\u011fustos Sal\u0131:<\/strong> G\u00fcmr\u00fck kap\u0131lar\u0131nda oy verme i\u015flemlerine ba\u015flanacak.<\/p>\n<p style=\"text-align: justify;\"><strong>11 A\u011fustos \u00c7ar\u015famba: <\/strong>T\u00fcrkiye genelinde sand\u0131k kurullar\u0131n\u0131n olu\u015fum i\u015flemleri tamamlanacak, olu\u015fumda g\u00f6rev alanlara bu husus bildirilecek. Konu\u015fma yapmay\u0131 dilemesi halinde, Cumhurba\u015fkan\u0131&#8217;n\u0131n yapaca\u011f\u0131 konu\u015fmalar i\u00e7in yay\u0131n zaman ve s\u0131ras\u0131 tespit edilecek. TBMM&#8217;de grubu bulunan siyasi partiler ile iktidar partisinin yapacaklar\u0131 konu\u015fmalar\u0131n yay\u0131n zaman ve s\u0131ralar\u0131n\u0131n tayini amac\u0131yla kura \u00e7ekilecek.<\/p>\n<p style=\"text-align: justify;\"><strong>12 A\u011fustos Per\u015fembe:<\/strong> Halkoylamas\u0131nda kullan\u0131lacak birle\u015fik oy pusulalar\u0131n\u0131n bas\u0131m\u0131 tamamlanarak, plan dahilinde da\u011f\u0131t\u0131m\u0131na ba\u015flanacak.<\/p>\n<p style=\"text-align: justify;\"><strong>16 A\u011fustos Pazartesi:<\/strong> \u0130l\u00e7e se\u00e7im kurullar\u0131nca, sand\u0131k kurullar\u0131 ba\u015fkanlar\u0131na teslim edilecek halk oylamas\u0131 ara\u00e7 ve gere\u00e7lerini ihtiva eden malzeme torbalar\u0131 haz\u0131rlanmaya ba\u015flanacak.<\/p>\n<p style=\"text-align: justify;\"><strong>3 Eyl\u00fcl Cuma: <\/strong>Se\u00e7men bilgi ka\u011f\u0131tlar\u0131n\u0131n (yurti\u00e7i) se\u00e7menlere da\u011f\u0131t\u0131m\u0131 tamamlanacak, da\u011f\u0131t\u0131lamayanlar ilgili il\u00e7e se\u00e7im kurulu ba\u015fkanl\u0131klar\u0131na teslim edilecek.<\/p>\n<p style=\"text-align: justify;\"><strong>Propaganda d\u00f6nemi ve yasaklar <\/strong><\/p>\n<p style=\"text-align: justify;\"><strong>5 Eyl\u00fcl Pazar:<\/strong> Serbest propaganda d\u00f6nemi ve buna ili\u015fkin yasaklar ile radyo ve televizyon konu\u015fmalar\u0131 ba\u015flayacak.<\/p>\n<p style=\"text-align: justify;\"><strong>6 Eyl\u00fcl Pazartesi:<\/strong> \u0130l\u00e7e se\u00e7im kurullar\u0131 ba\u015fkanl\u0131klar\u0131nca, halkoylamas\u0131nda g\u00f6rev alacak sand\u0131k kurulu g\u00f6revlilerine e\u011fitim verilmesine ba\u015flanacak. halk oylamas\u0131 ara\u00e7 ve gere\u00e7lerini i\u00e7eren malzeme torbalar\u0131 sand\u0131k kurulu ba\u015fkanlar\u0131na teslim edilecek ve sand\u0131k kurullar\u0131 g\u00f6reve haz\u0131r hale getirilecek.<\/p>\n<p style=\"text-align: justify;\">Herhangi bir nedenle da\u011f\u0131t\u0131lamad\u0131\u011f\u0131 i\u00e7in il\u00e7e se\u00e7im kurulu ba\u015fkanl\u0131\u011f\u0131na iade edilen se\u00e7men bilgi ka\u011f\u0131tlar\u0131n\u0131n, oy verme g\u00fcn\u00fcnde se\u00e7menler taraf\u0131ndan istenildi\u011finde verilmek \u00fczere sand\u0131k kurulu ba\u015fkanlar\u0131na teslim edilecek.<\/p>\n<p style=\"text-align: justify;\"><strong>7 Eyl\u00fcl Sal\u0131:<\/strong> Taksirli su\u00e7lardan h\u00fck\u00fcml\u00fcler ile tutuklu se\u00e7men k\u00fct\u00fckleri kesinle\u015ftirilecek.<\/p>\n<p style=\"text-align: justify;\"><strong>11 Eyl\u00fcl Cumartesi:<\/strong> Propaganda d\u00f6nemi saat 18.00&#8217;de sona erecek.<\/p>\n<p style=\"text-align: justify;\"><strong>12 Eyl\u00fcl Pazar:<\/strong> Halk oylamas\u0131 yap\u0131lacak ve se\u00e7im yasaklar\u0131 saat 24.00&#8217;te sona erecek.<\/p>\n<p style=\"text-align: justify;\"><span style=\"color: #888888;\">CNN T\u00dcRK<\/span><\/p>\n","protected":false},"excerpt":{"rendered":"<p style=\"text-align: center;\">\n<p style=\"text-align: justify;\">Y\u00fcksek Se\u00e7im Kurulu&#8217;nun (YSK), &#8216;5982 say\u0131l\u0131 T\u00fcrkiye Cumhuriyeti Anayasas\u0131&#8217;n\u0131n Baz\u0131 Maddelerinde De\u015fiklik Yap\u0131lmas\u0131 Hakk\u0131nda Kanunun Halkoyuna Sunulmas\u0131&#8217;na ili\u015fkin referandum takvimi, yar\u0131n itibariyle i\u015flemeye ba\u015flayacak.<\/p>\n","protected":false},"author":1,"featured_media":0,"comment_status":"open","ping_status":"closed","sticky":false,"template":"","format":"standard","meta":{"footnotes":""},"categories":[105],"tags":[],"class_list":["post-23172","post","type-post","status-publish","format-standard","hentry","category-gundem","odd"],"_links":{"self":[{"href":"http:\/\/www.korhanyilmaz.com\/index.php?rest_route=\/wp\/v2\/posts\/23172","targetHints":{"allow":["GET"]}}],"collection":[{"href":"http:\/\/www.korhanyilmaz.com\/index.php?rest_route=\/wp\/v2\/posts"}],"about":[{"href":"http:\/\/www.korhanyilmaz.com\/index.php?rest_route=\/wp\/v2\/types\/post"}],"author":[{"embeddable":true,"href":"http:\/\/www.korhanyilmaz.com\/index.php?rest_route=\/wp\/v2\/users\/1"}],"replies":[{"embeddable":true,"href":"http:\/\/www.korhanyilmaz.com\/index.php?rest_route=%2Fwp%2Fv2%2Fcomments&post=23172"}],"version-history":[{"count":0,"href":"http:\/\/www.korhanyilmaz.com\/index.php?rest_route=\/wp\/v2\/posts\/23172\/revisions"}],"wp:attachment":[{"href":"http:\/\/www.korhanyilmaz.com\/index.php?rest_route=%2Fwp%2Fv2%2Fmedia&parent=23172"}],"wp:term":[{"taxonomy":"category","embeddable":true,"href":"http:\/\/www.korhanyilmaz.com\/index.php?rest_route=%2Fwp%2Fv2%2Fcategories&post=23172"},{"taxonomy":"post_tag","embeddable":true,"href":"http:\/\/www.korhanyilmaz.com\/index.php?rest_route=%2Fwp%2Fv2%2Ftags&post=23172"}],"curies":[{"name":"wp","href":"https:\/\/api.w.org\/{rel}","templated":true}]}}