{"id":23168,"date":"2010-05-30T15:30:05","date_gmt":"2010-05-30T12:30:05","guid":{"rendered":"http:\/\/www.korhanyilmaz.com\/?p=23168"},"modified":"2010-05-30T15:30:05","modified_gmt":"2010-05-30T12:30:05","slug":"eglence-mekaninda-gurultuye-fren","status":"publish","type":"post","link":"http:\/\/www.korhanyilmaz.com\/?p=23168","title":{"rendered":"E\u011flence mekan\u0131nda &#8216;g\u00fcr\u00fclt\u00fcye fren&#8217;"},"content":{"rendered":"<p style=\"text-align: center;\"><a href=\"http:\/\/www.korhanyilmaz.com\/wp-content\/uploads\/2010\/05\/DUGUN.jpg\"  class=\"lightview\"><img loading=\"lazy\" decoding=\"async\" class=\"aligncenter size-full wp-image-23169\" src=\"http:\/\/www.korhanyilmaz.com\/wp-content\/uploads\/2010\/05\/DUGUN.jpg\" alt=\"\" width=\"307\" height=\"236\" \/><\/a><\/p>\n<p style=\"text-align: justify;\">T\u00fcrkiye&#8217;deki e\u011flence ve turizm anlay\u0131\u015f\u0131n\u0131 de\u011fi\u015ftirecek de\u011fi\u015fiklik yolda. \u00c7evre ve Orman Bakanl\u0131\u011f\u0131&#8217;n\u0131n haz\u0131rlad\u0131\u011f\u0131 y\u00f6netmelik de\u011fi\u015fikli\u011fi sokak d\u00fc\u011f\u00fcnlerini kald\u0131r\u0131yor. Havai fi\u015fekli kutlamalar art\u0131k belirlenen alanlar d\u0131\u015f\u0131nda yap\u0131lamayacak. U\u00e7aklara da g\u00fcr\u00fclt\u00fc sertifikas\u0131 gelecek. Ancak e\u011flence mekanlar\u0131 yap\u0131lmas\u0131 planlananlardan pek ho\u015flanmayacak. \u00c7\u00fcnk\u00fc canl\u0131 m\u00fczik yapmak kolay olmayacak.<!--more--><\/p>\n<p style=\"text-align: justify;\">\u00c7evre ve Orman Bakanl\u0131\u011f\u0131 yetkililerinden al\u0131nan bilgiye g\u00f6re, 2008 y\u0131l\u0131nda y\u00fcr\u00fcrl\u00fc\u011fe giren \u00c7evresel G\u00fcr\u00fclt\u00fcn\u00fcn De\u011ferlendirilmesi ve Y\u00f6netimi Y\u00f6netmeli\u011fi&#8217;nde revizyon \u00e7al\u0131\u015fmalar\u0131 yap\u0131ld\u0131 ve g\u00fcr\u00fclt\u00fcn\u00fcn \u00f6nlenmesine ili\u015fkin Ba\u015fbakanl\u0131k Genelgesi haz\u0131rland\u0131.<\/p>\n<p style=\"text-align: justify;\">\u00c7evre Y\u00f6netimi Genel M\u00fcd\u00fcr\u00fc L\u00fctfi Ak\u00e7a, konuyla ilgili yapt\u0131\u011f\u0131 a\u00e7\u0131klamada, g\u00fcr\u00fclt\u00fc y\u00f6netiminin T\u00fcrkiye&#8217;ye \u00f6zg\u00fc baz\u0131 \u015fartlardan kaynaklanan zorluklar\u0131 oldu\u011funu s\u00f6yledi.<\/p>\n<p style=\"text-align: justify;\">Avrupa Birli\u011fi mevzuat\u0131na odaklanan g\u00fcr\u00fclt\u00fc y\u00f6netmeli\u011finin T\u00fcrkiye&#8217;ye \u00f6zg\u00fc korna, havai fi\u015fek ve sokak d\u00fc\u011f\u00fcnlerinden kaynaklanan g\u00fcr\u00fclt\u00fcn\u00fcn \u00f6nlenmesi konusunda zay\u0131f kald\u0131\u011f\u0131n\u0131 vurgulayan Ak\u00e7a, bu zafiyetleri ortadan kald\u0131rmak i\u00e7in y\u00f6netmelikte bir revizyon yapt\u0131klar\u0131n\u0131 bildirdi.<\/p>\n<p style=\"text-align: justify;\">G\u00fcr\u00fclt\u00fc kontrol\u00fcnde rol oynayan ve destek vermesi gereken kurum ve kurulu\u015flar\u0131 bu i\u015fin i\u00e7erisine \u00e7ekmek, bunlar aras\u0131nda bir koordinasyon sa\u011flamak i\u00e7in, Ba\u015fbakanl\u0131k Genelgesi haz\u0131rlad\u0131klar\u0131n\u0131 belirten Ak\u00e7a, \u015f\u00f6yle konu\u015ftu:<\/p>\n<p style=\"text-align: justify;\">&#8220;Genelge do\u011frultusunda denetimlerin ve yapt\u0131r\u0131mlar\u0131n daha etkili olmas\u0131n\u0131 planl\u0131yoruz. Bunun alt\u0131nda da bir y\u00f6netmelik de\u011fi\u015fikli\u011fi var. Y\u00f6netmelik de\u011fi\u015fikli\u011fiyle konut, hastane, e\u011fitim kurumlar\u0131, \u00e7ocuk ve ya\u015fl\u0131 bak\u0131m evleri gibi hassas kullan\u0131m alanlar\u0131na \u00e7ok yak\u0131n yerlerde a\u00e7\u0131k ve yar\u0131 a\u00e7\u0131k e\u011flence yerlerinde canl\u0131 m\u00fczik yap\u0131lmas\u0131 yasaklan\u0131yor ve buna ili\u015fkin mevcut i\u015f yerlerinde 1 y\u0131ll\u0131k ge\u00e7ici ge\u00e7i\u015f s\u00fcresi veriliyor.<\/p>\n<p style=\"text-align: justify;\">\u0130\u015fyeri a\u00e7ma ve \u00e7al\u0131\u015fma ruhsatlar\u0131na ili\u015fkin y\u00f6netmelikte e\u011flence yerlerinin almas\u0131 gereken canl\u0131 m\u00fczik izni g\u00fcr\u00fclt\u00fc y\u00f6netmeli\u011fiyle daha etkin hale getiriliyor. Bu \u00e7al\u0131\u015fma ruhsat\u0131n\u0131n art\u0131k bir \u015fart\u0131 haline getiriliyor. Hassas kullan\u0131m alanlar\u0131 d\u0131\u015f\u0131nda da gerekti\u011finde bu tip faaliyetlere saat uygulamas\u0131 getirmek \u00fczere il mahalli \u00e7evre kurullar\u0131na bu y\u00f6netmelik yetki veriyor.&#8221;<\/p>\n<p style=\"text-align: justify;\"><strong>Sokak d\u00fc\u011f\u00fcnleri yasaklan\u0131yor<\/strong><\/p>\n<p style=\"text-align: justify;\">L\u00fctfi Ak\u00e7a, y\u00f6netmelik de\u011fi\u015fikli\u011fi kapsam\u0131nda sokak d\u00fc\u011f\u00fcnleri, havai fi\u015fek g\u00f6sterileri gibi faaliyetlerin, hassas kullan\u0131m alanlar\u0131n\u0131n bulundu\u011fu yerlerde yasaklanaca\u011f\u0131n\u0131 da belirterek, bunlar i\u00e7in uygun alanlar\u0131n il mahalli \u00e7evre kurullar\u0131nca belirlenece\u011fini bildirdi.<\/p>\n<p style=\"text-align: justify;\">\u015eimdiye kadar u\u00e7ak g\u00fcr\u00fclt\u00fcs\u00fcne ili\u015fkin herhangi bir denetim olmad\u0131\u011f\u0131na da i\u015faret eden Ak\u00e7a, pek \u00e7ok \u00fclkede u\u00e7aklar\u0131n g\u00fcr\u00fclt\u00fc sertifikalar\u0131 bulundu\u011funu, havaalanlar\u0131n\u0131n sertifikas\u0131 olmayan u\u00e7aklara ini\u015f izni vermedi\u011fini anlatt\u0131. Ak\u00e7a, \u015funlar\u0131 s\u00f6yledi:<\/p>\n<p style=\"text-align: justify;\">&#8220;\u0130lgili y\u00f6netmeli\u011fe bu konuyu yazd\u0131k, 3 y\u0131ll\u0131k ge\u00e7i\u015f s\u00fcreci koyduk. 3 y\u0131l sonras\u0131nda g\u00fcr\u00fclt\u00fc sertifikas\u0131 olmayan u\u00e7aklar\u0131n, g\u00fcr\u00fclt\u00fcn\u00fcn belli bir seviyenin \u00fczerinde oldu\u011fu u\u00e7aklar\u0131n havaalanlar\u0131na inmesi m\u00fcmk\u00fcn olmayacak. Bizim b\u00fct\u00fcn amac\u0131m\u0131z etrafa verilecek g\u00fcr\u00fclt\u00fcn\u00fcn ortadan kald\u0131r\u0131lmas\u0131. Bunun i\u00e7in i\u015fyeri kendini kapal\u0131 hale getirebilir ya da ba\u015fka bir teknik bularak g\u00fcr\u00fclt\u00fcy\u00fc azaltabilir ancak bunlar yap\u0131lamazsa da ta\u015f\u0131nmas\u0131 s\u00f6z konusu olabilir.<\/p>\n<p style=\"text-align: justify;\">Turizm konusunda da belki biraz bak\u0131\u015f a\u00e7\u0131m\u0131z\u0131n de\u011fi\u015fmesi laz\u0131m. Turizm bir yerde e\u011flencedir ama bir anlamda da dinlenmedir. Turistin de dinlenmeye ihtiyac\u0131 var. Turistin y\u00fczde ka\u00e7\u0131n\u0131n dinlenmeye, y\u00fczde ka\u00e7\u0131n\u0131n y\u00fcksek vol\u00fcml\u00fc m\u00fcziklerle e\u011flenmeye geldi\u011fini merak ediyorum. Bir tak\u0131m \u00fclkelerden belki e\u011flenmek i\u00e7in gelenler olabilir ama bat\u0131dan, medeni \u00fclkelerden daha ziyade dinlenmeye, huzur bulmaya geldiklerini d\u00fc\u015f\u00fcn\u00fcyorum. G\u00fcr\u00fclt\u00fc kontrol\u00fc, turizm a\u00e7\u0131s\u0131ndan da bir gereksinimdir, turizmi engelleyici bir unsur de\u011fildir.&#8221;<\/p>\n<p style=\"text-align: justify;\"><strong>&#8220;Genelge son haline geldi&#8221; <\/strong><\/p>\n<p style=\"text-align: justify;\">Genelgenin de son haline geldi\u011fini belirten Ak\u00e7a, &#8220;Belki ufak tefek r\u00f6tu\u015flar gerekebilir ama genelgenin 1-2 hafta i\u00e7inde yay\u0131mlanaca\u011f\u0131n\u0131 tahmin ediyoruz&#8221; dedi.<\/p>\n<p style=\"text-align: justify;\">Genelgenin getirece\u011fi de\u015fiklikler ise \u015f\u00f6yle:<\/p>\n<p style=\"text-align: justify;\">&#8220;Yap\u0131lan denetimlerde tespit edilmesi halinde;<\/p>\n<p style=\"text-align: justify;\">** \u0130\u015fyeri a\u00e7ma ve \u00e7al\u0131\u015fma ruhsat\u0131 olmayan e\u011flence yerleri kapat\u0131lacak.<\/p>\n<p style=\"text-align: justify;\">** Canl\u0131 m\u00fczik izni almadan m\u00fczik yay\u0131n\u0131 yapan e\u011flence yerlerinde, m\u00fczik yay\u0131n\u0131 durdurulacak, sistem m\u00fch\u00fcrlenecek ve gerekli yasal i\u015flem uygulanacak.<\/p>\n<p style=\"text-align: justify;\">** Canl\u0131 m\u00fczik izni verilirken \u00c7evre ve Orman M\u00fcd\u00fcrl\u00fc\u011f\u00fc veya il m\u00fcd\u00fcrl\u00fcklerinin yetki devri yapt\u0131\u011f\u0131 belediye ba\u015fkanl\u0131\u011f\u0131n\u0131n uygun g\u00f6r\u00fc\u015f\u00fc al\u0131nacak.<\/p>\n<p style=\"text-align: justify;\">** D\u00fczenli denetimlerde veya yaz sezonu boyunca yap\u0131lacak ani ve \u015fikayete ba\u011fl\u0131 denetimlerde, jandarma veya emniyet te\u015fkilat\u0131ndan ilgili personelin g\u00f6revlendirilmesi sa\u011flanacak.<\/p>\n<p style=\"text-align: justify;\">** \u015eikayetlerinin k\u0131sa s\u00fcrede de\u011ferlendirilmesi i\u00e7in \u0130l \u00c7evre ve Orman M\u00fcd\u00fcrl\u00fckleri veya yetki devri yap\u0131lan belediye ba\u015fkanl\u0131klar\u0131n\u0131n ileti\u015fim bilgileri kamuoyuna duyurulacak.<\/p>\n<p style=\"text-align: justify;\">** \u00d6zellikle, konut, hastane, e\u011fitim kurumlar\u0131, \u00e7ocuk ve ya\u015fl\u0131 bak\u0131m evleri gibi g\u00fcr\u00fclt\u00fcye \u00e7ok hassas kullan\u0131mlar\u0131 etkileyen ve \u015fikayete neden olan e\u011flence yerleri daha s\u0131kl\u0131kla denetlenecek.<\/p>\n<p style=\"text-align: justify;\">** 2872 say\u0131l\u0131 \u00c7evre Kanunu kapsam\u0131nda \u0130hlal tespit edilmesi halinde para cezalar\u0131 ve kapatmaya varan yapt\u0131r\u0131m uygulanacak.<\/p>\n<p style=\"text-align: justify;\">** \u0130hlal, ilgili belediye\/il \u00f6zel idaresine, Turizm \u0130\u015fletme Belgesi olan e\u011flence yerleri i\u00e7in K\u00fclt\u00fcr ve Turizm Bakanl\u0131\u011f\u0131na da bildirilecek, ayr\u0131ca su\u00e7 duyurusunda da bulunulacak.<\/p>\n<p style=\"text-align: justify;\">** Gerekirse, Mahalli \u00c7evre Kurul Karar\u0131 ile saat s\u0131n\u0131rlamas\u0131 da getirilecek.<\/p>\n<p style=\"text-align: justify;\"><span style=\"color: #888888;\">CNN T\u00dcRK<\/span><\/p>\n","protected":false},"excerpt":{"rendered":"<p style=\"text-align: center;\">\n<p style=\"text-align: justify;\">T\u00fcrkiye&#8217;deki e\u011flence ve turizm anlay\u0131\u015f\u0131n\u0131 de\u011fi\u015ftirecek de\u011fi\u015fiklik yolda. \u00c7evre ve Orman Bakanl\u0131\u011f\u0131&#8217;n\u0131n haz\u0131rlad\u0131\u011f\u0131 y\u00f6netmelik de\u011fi\u015fikli\u011fi sokak d\u00fc\u011f\u00fcnlerini kald\u0131r\u0131yor. Havai fi\u015fekli kutlamalar art\u0131k belirlenen alanlar d\u0131\u015f\u0131nda yap\u0131lamayacak. U\u00e7aklara da g\u00fcr\u00fclt\u00fc sertifikas\u0131 gelecek. Ancak e\u011flence mekanlar\u0131 yap\u0131lmas\u0131 planlananlardan pek ho\u015flanmayacak. \u00c7\u00fcnk\u00fc canl\u0131 m\u00fczik yapmak kolay olmayacak.<\/p>\n","protected":false},"author":1,"featured_media":0,"comment_status":"open","ping_status":"closed","sticky":false,"template":"","format":"standard","meta":{"footnotes":""},"categories":[105],"tags":[],"class_list":["post-23168","post","type-post","status-publish","format-standard","hentry","category-gundem","odd"],"_links":{"self":[{"href":"http:\/\/www.korhanyilmaz.com\/index.php?rest_route=\/wp\/v2\/posts\/23168","targetHints":{"allow":["GET"]}}],"collection":[{"href":"http:\/\/www.korhanyilmaz.com\/index.php?rest_route=\/wp\/v2\/posts"}],"about":[{"href":"http:\/\/www.korhanyilmaz.com\/index.php?rest_route=\/wp\/v2\/types\/post"}],"author":[{"embeddable":true,"href":"http:\/\/www.korhanyilmaz.com\/index.php?rest_route=\/wp\/v2\/users\/1"}],"replies":[{"embeddable":true,"href":"http:\/\/www.korhanyilmaz.com\/index.php?rest_route=%2Fwp%2Fv2%2Fcomments&post=23168"}],"version-history":[{"count":0,"href":"http:\/\/www.korhanyilmaz.com\/index.php?rest_route=\/wp\/v2\/posts\/23168\/revisions"}],"wp:attachment":[{"href":"http:\/\/www.korhanyilmaz.com\/index.php?rest_route=%2Fwp%2Fv2%2Fmedia&parent=23168"}],"wp:term":[{"taxonomy":"category","embeddable":true,"href":"http:\/\/www.korhanyilmaz.com\/index.php?rest_route=%2Fwp%2Fv2%2Fcategories&post=23168"},{"taxonomy":"post_tag","embeddable":true,"href":"http:\/\/www.korhanyilmaz.com\/index.php?rest_route=%2Fwp%2Fv2%2Ftags&post=23168"}],"curies":[{"name":"wp","href":"https:\/\/api.w.org\/{rel}","templated":true}]}}