{"id":23151,"date":"2010-05-30T10:13:20","date_gmt":"2010-05-30T07:13:20","guid":{"rendered":"http:\/\/www.korhanyilmaz.com\/?p=23151"},"modified":"2010-05-30T10:13:20","modified_gmt":"2010-05-30T07:13:20","slug":"eurovisionda-ikinci-olduk","status":"publish","type":"post","link":"http:\/\/www.korhanyilmaz.com\/?p=23151","title":{"rendered":"Eurovision&#8217;da ikinci olduk!"},"content":{"rendered":"<p style=\"text-align: center;\"><a href=\"http:\/\/www.korhanyilmaz.com\/wp-content\/uploads\/2010\/05\/EUROV\u0130S\u0130ON.jpg\"  class=\"lightview\"><img loading=\"lazy\" decoding=\"async\" class=\"aligncenter size-full wp-image-23152\" src=\"http:\/\/www.korhanyilmaz.com\/wp-content\/uploads\/2010\/05\/EUROV\u0130S\u0130ON.jpg\" alt=\"\" width=\"307\" height=\"236\" \/><\/a><\/p>\n<p style=\"text-align: justify;\">Norve\u00e7&#8217;in ba\u015fkenti Oslo&#8217;da 55. Eurovision \u015eark\u0131 Yar\u0131\u015fmas\u0131&#8217;nda T\u00fcrkiye&#8217;yi temsil eden Manga, 170 puanla 2. oldu. Yar\u0131\u015fman\u0131n galibi ise 246 puanla Almanya.<\/p>\n<p style=\"text-align: justify;\">Manga, Eurovision \u015eark\u0131 Yar\u0131\u015fmas\u0131&#8217;n\u0131 2003 y\u0131l\u0131nda kazanan Sertab Erener&#8217;den sonra, T\u00fcrkiye&#8217;nin Eurovision tarihindeki en b\u00fcy\u00fck ba\u015far\u0131s\u0131n\u0131 elde etti ve ikincili\u011fi kazand\u0131.<!--more--><\/p>\n<p style=\"text-align: justify;\"><a href=\"http:\/\/www.korhanyilmaz.com\/wp-content\/uploads\/2010\/05\/012.jpg\"  class=\"lightview\"><img loading=\"lazy\" decoding=\"async\" class=\"alignleft size-full wp-image-23158\" style=\"margin-left: 10px; margin-right: 10px;\" src=\"http:\/\/www.korhanyilmaz.com\/wp-content\/uploads\/2010\/05\/012.jpg\" alt=\"\" width=\"292\" height=\"224\" \/><\/a>Manga grubu \u00fcyeleri, yar\u0131\u015fmadan sonra yapt\u0131klar\u0131 a\u00e7\u0131klamada, &#8220;\u00fclkelerin verdikleri puanlar\u0131n a\u00e7\u0131kland\u0131\u011f\u0131 s\u0131rada \u00e7ok heyecanland\u0131klar\u0131n\u0131, ancak bu sonucu hakettiklerini&#8221; dile getirdi.<\/p>\n<p style=\"text-align: justify;\">Puan beklemedikleri baz\u0131 \u00fclkelerden \u00e7ok puan ald\u0131klar\u0131n\u0131, puan bekledikleri baz\u0131 \u00fclkelerden ise hi\u00e7 puan alamad\u0131klar\u0131n\u0131 veya az puan ald\u0131klar\u0131n\u0131 ifade eden grup \u00fcyeleri, &#8220;Eurovision&#8217;un kendileri i\u00e7in b\u00fcy\u00fck bir tecr\u00fcbe oldu\u011funu, kendilerini profesyonel anlamda daha \u00e7ok geli\u015ftirdiklerini&#8221; s\u00f6yledi.<\/p>\n<p style=\"text-align: justify;\">Kendilerinin Rock grubu olmas\u0131na ra\u011fmen Eurovision&#8217;un m\u00fczik d\u00fcnyas\u0131 i\u00e7in b\u00fcy\u00fck \u00f6nemi bulundu\u011fu g\u00f6r\u00fc\u015f\u00fcnde olduklar\u0131n\u0131 da belirten Manga \u00fcyeleri, k\u0131sa bir tatilden sonra \u00e7al\u0131\u015fmalar\u0131n\u0131 s\u00fcrd\u00fcrmek istediklerini, \u00e7al\u0131\u015fmalar\u0131na ara vermek istemediklerini de kaydetti.<\/p>\n<p style=\"text-align: justify;\">Yar\u0131\u015fmada H\u0131rvatistan, Fransa ve Azerbaycan T\u00fcrkiye&#8217;ye 12 tam puan verirken \u0130srail, Yunanistan, K\u0131br\u0131s Rum Kesimi ve Ermenistan T\u00fcrkiye&#8217;ye puan vermedi.<\/p>\n<p style=\"text-align: justify;\"><strong>Birincilik Almanya&#8217;n\u0131n <\/strong><\/p>\n<p style=\"text-align: justify;\">Yar\u0131\u015fmada birincili\u011fi &#8220;Satellite&#8221; adl\u0131 \u015fark\u0131s\u0131yla Alman temsilcisi Lena Meyer-Landrut kazand\u0131. Meyer-Landrut, 19 ya\u015f\u0131na yar\u0131\u015fma s\u0131ras\u0131nda girdi.<\/p>\n<p style=\"text-align: justify;\">Sonu\u00e7lar\u0131n a\u00e7\u0131klanmas\u0131ndan hemen sonra, birinci olmay\u0131 kesinlikle beklemedi\u011fini dile getiren gen\u00e7 k\u0131z, \u00e7ok mutlu oldu\u011funu ve te\u015fekk\u00fcr etti\u011fini s\u00f6yledi.<\/p>\n<p style=\"text-align: justify;\">Almanya, 55 y\u0131ll\u0131k Eurovision tarihinde ikinci kez birinci olurken, bu birincilik Almanya&#8217;n\u0131n gelecek y\u0131lki yar\u0131\u015fman\u0131n ev sahibi \u00fclke olaca\u011f\u0131 anlam\u0131na da geliyor.<\/p>\n<p style=\"text-align: justify;\">Romanya da 162 puanla yar\u0131\u015fmay\u0131 3. tamamlad\u0131.<\/p>\n<p style=\"text-align: justify;\">Yar\u0131\u015fma sonu\u00e7lar\u0131 \u00e7e\u015fitli ele\u015ftirilere yol a\u00e7arken, Rusya devlet televizyonu sunucusu da Almanya&#8217;ya bir\u00e7ok \u00fclkeden y\u00fcksek puanlar gelmesini,<\/p>\n<p style=\"text-align: justify;\">&#8220;A\u00e7\u0131k\u00e7a g\u00f6r\u00fcl\u00fcyor ki, paraya ihtiyac\u0131 olan herkes nereye d\u00f6nece\u011fini biliyor&#8221; ifadesiyle ele\u015ftirdi.<\/p>\n<p style=\"text-align: justify;\">\u00dclkelerin yar\u0131\u015fmac\u0131lara verdikleri puanlarda siyasi kayg\u0131lar\u0131n rol oynad\u0131\u011f\u0131n\u0131n her y\u0131l daha da belirginle\u015fti\u011fini, bu y\u0131l\u0131n da farkl\u0131 olmad\u0131\u011f\u0131n\u0131 belirten g\u00f6zlemciler, buna \u00f6rnek olarak son yar\u0131\u015fmadaki oylamada eski Sovyet Bloku \u00fclkelerinin birbirini desteklemesini g\u00f6sterdi.<\/p>\n<p style=\"text-align: justify;\">Yar\u0131\u015fmada bir de ilgin\u00e7 bir olay ya\u015fand\u0131. 2. s\u0131rada sahne alan \u0130spanya temsilcileri bir seyircinin kendilerini performanslar\u0131 s\u0131ras\u0131nda rahats\u0131z etti\u011fi gerek\u00e7esiyle tekrar sahneye \u00e7\u0131kmak istedi. Yar\u0131\u015fma komitesi itiraz\u0131 hakl\u0131 buldu ve \u0130spanya t\u00fcm \u015fark\u0131c\u0131lar sahne ald\u0131ktan sonra tekrar sahneye \u00e7\u0131karak performans\u0131n\u0131 yineledi.<\/p>\n<p style=\"text-align: justify;\"><strong>T\u00fcrkiye&#8217;ye puan veren \u00fclkeler \u015f\u00f6yle:<\/strong><\/p>\n<p style=\"text-align: justify;\">Romanya 8<\/p>\n<p style=\"text-align: justify;\">\u0130rlanda 1<\/p>\n<p style=\"text-align: justify;\">Almanya 10<\/p>\n<p style=\"text-align: justify;\">S\u0131rbistan 3<\/p>\n<p style=\"text-align: justify;\">Arnavutluk 8<\/p>\n<p style=\"text-align: justify;\">H\u0131rvatistan 12<\/p>\n<p style=\"text-align: justify;\">Bosna  10<\/p>\n<p style=\"text-align: justify;\">Finlandiya 3<\/p>\n<p style=\"text-align: justify;\">Slovenya 2<\/p>\n<p style=\"text-align: justify;\">Estonya 6<\/p>\n<p style=\"text-align: justify;\">Azerbaycan 12<\/p>\n<p style=\"text-align: justify;\">Danimarka 6<\/p>\n<p style=\"text-align: justify;\">Fransa 12<\/p>\n<p style=\"text-align: justify;\">\u0130spanya 3<\/p>\n<p style=\"text-align: justify;\">Bulgaristan 10<\/p>\n<p style=\"text-align: justify;\">Ukrayna 8<\/p>\n<p style=\"text-align: justify;\">Norve\u00e7 2<\/p>\n<p style=\"text-align: justify;\">Litvanya 4<\/p>\n<p style=\"text-align: justify;\">Beyaz Rusya 3<\/p>\n<p style=\"text-align: justify;\">\u0130svi\u00e7re 3<\/p>\n<p style=\"text-align: justify;\">Bel\u00e7ika 6<\/p>\n<p style=\"text-align: justify;\">\u0130ngiltere 10<\/p>\n<p style=\"text-align: justify;\">Hollanda 8<\/p>\n<p style=\"text-align: justify;\">Makedonya 10<\/p>\n<p style=\"text-align: justify;\">G\u00fcrcistan 5<\/p>\n<p style=\"text-align: justify;\">\u0130sve\u00e7 5<\/p>\n<p style=\"text-align: justify;\"><a href=\"http:\/\/www.korhanyilmaz.com\/wp-content\/uploads\/2010\/05\/0013.png\"  class=\"lightview\"><img loading=\"lazy\" decoding=\"async\" class=\"aligncenter size-full wp-image-23153\" src=\"http:\/\/www.korhanyilmaz.com\/wp-content\/uploads\/2010\/05\/0013.png\" alt=\"\" width=\"488\" height=\"438\" \/><\/a><strong>Manga&#8217;n\u0131n performans\u0131<\/strong><\/p>\n<p style=\"text-align: justify;\">Sahneye stilist Mehmet Acar taraf\u0131ndan haz\u0131rlanan &#8220;Que&#8221; firmas\u0131n\u0131n kost\u00fcmleri ile \u00e7\u0131kan Manga, koreograf Genevieve Cleary&#8217;in koreografisi ile di\u011fer \u00fclkelerden de\u011fi\u015fik g\u00f6steri sundu.<\/p>\n<p style=\"text-align: justify;\">Yar\u0131\u015fmadaki tek rock grubu Manga, geleneksel T\u00fcrk m\u00fczi\u011fi ile modern Bat\u0131 m\u00fczi\u011fini kar\u0131\u015ft\u0131rarak sundu\u011fu sahne g\u00f6sterisiyle \u00e7ok ba\u015far\u0131l\u0131 \u015fov yapt\u0131.<\/p>\n<p style=\"text-align: justify;\">Sahnede robot olarak insana d\u00f6nen ve vokalist Ferman&#8217;a sar\u0131lan Natalie Marrable&#8217;\u0131n, lazer \u0131\u015f\u0131klar\u0131 ile donanm\u0131\u015f giydi\u011fi 70 kiloluk kost\u00fcm\u00fc, b\u00fcy\u00fck ilgiyle izlendi.<\/p>\n<p style=\"text-align: justify;\">55 kilo a\u011f\u0131rl\u0131\u011f\u0131nda olan Mararable&#8217;nin, 70 kiloluk kost\u00fcm\u00fcn\u00fc sahnede \u00e7\u0131karmakta zorlanmamas\u0131 da dikkat \u00e7ekti.<\/p>\n<p style=\"text-align: justify;\">Manga finalde, &#8220;We could Be The Same&#8221; (Ayn\u0131 Olabiliriz) par\u00e7as\u0131n\u0131n Bel\u00e7ikal\u0131 prod\u00fckt\u00f6r Hans Vrancken taraf\u0131ndan yap\u0131lan d\u00fczenlemesi ile sahne ald\u0131.<\/p>\n<p style=\"text-align: justify;\">Bas gitarda Cem Bahtiyar, bateride \u00d6zg\u00fcr \u00d6ney ve DJ Efe Y\u0131lmaz tam rock grubuna yak\u0131\u015fan tarzlar\u0131yla salonda co\u015fku yaratt\u0131.<\/p>\n<p style=\"text-align: justify;\">MTV m\u00fczik kanl\u0131nda kullan\u0131lan b\u00fcy\u00fck \u015fovlar\u0131na \u00f6zg\u00fc g\u00f6r\u00fcnt\u00fc, sahne ve estetik anlay\u0131\u015f\u0131 Eurovision prod\u00fckt\u00f6rleri taraf\u0131ndan Manga&#8217;n\u0131n Eurovision sahne \u015fovunda kullan\u0131ld\u0131.<\/p>\n<p style=\"text-align: justify;\">Oslo&#8217;nun Telenor Arena salonunda, Norve\u00e7&#8217;in resmi televizyonu NRK&#8217;nin y\u00f6netimi alt\u0131nda y\u00fcr\u00fct\u00fclen dev televizyon \u015fovu, d\u00fcnyan\u0131n her bir yan\u0131nda yakla\u015f\u0131k 150 milyon ki\u015fi taraf\u0131ndan izlendi.<\/p>\n<p style=\"text-align: justify;\">23 kamera ile canl\u0131 takip edilen yar\u0131\u015fmada, 4500 adet \u0131\u015f\u0131k, 23 naklen yay\u0131n kameras\u0131, 134 dev hoparl\u00f6r kullan\u0131ld\u0131. Norve\u00e7 Prensesi ve Norve\u00e7&#8217;in gelecek Krali\u00e7esi Mette Maret, yar\u0131\u015fmay\u0131 salonda izledi.<\/p>\n<p style=\"text-align: justify;\">Yar\u0131 finalin ba\u015flang\u0131c\u0131ndan \u00f6nce \u015fovlar\u0131yla program\u0131 renklendiren Fra Wallmans Saconoor grubu, ABBA g\u00f6sterisinin ard\u0131ndan T\u00fcrkiye&#8217;ye 2003&#8217;te Riga&#8217;da birincilik kazand\u0131ran &#8220;Everyway That I Can&#8221; adl\u0131 par\u00e7as\u0131yla salonu co\u015fturdu.<\/p>\n<p style=\"text-align: justify;\"><span style=\"color: #888888;\">CNN T\u00dcRK<\/span><\/p>\n","protected":false},"excerpt":{"rendered":"<p style=\"text-align: center;\">\n<p style=\"text-align: justify;\">Norve\u00e7&#8217;in ba\u015fkenti Oslo&#8217;da 55. Eurovision \u015eark\u0131 Yar\u0131\u015fmas\u0131&#8217;nda T\u00fcrkiye&#8217;yi temsil eden Manga, 170 puanla 2. oldu. Yar\u0131\u015fman\u0131n galibi ise 246 puanla Almanya.<\/p>\n<p style=\"text-align: justify;\">Manga, Eurovision \u015eark\u0131 Yar\u0131\u015fmas\u0131&#8217;n\u0131 2003 y\u0131l\u0131nda kazanan Sertab Erener&#8217;den sonra, T\u00fcrkiye&#8217;nin Eurovision tarihindeki en b\u00fcy\u00fck ba\u015far\u0131s\u0131n\u0131 elde etti ve ikincili\u011fi kazand\u0131.<\/p>\n","protected":false},"author":1,"featured_media":0,"comment_status":"open","ping_status":"closed","sticky":false,"template":"","format":"standard","meta":{"footnotes":""},"categories":[105],"tags":[],"class_list":["post-23151","post","type-post","status-publish","format-standard","hentry","category-gundem","odd"],"_links":{"self":[{"href":"http:\/\/www.korhanyilmaz.com\/index.php?rest_route=\/wp\/v2\/posts\/23151","targetHints":{"allow":["GET"]}}],"collection":[{"href":"http:\/\/www.korhanyilmaz.com\/index.php?rest_route=\/wp\/v2\/posts"}],"about":[{"href":"http:\/\/www.korhanyilmaz.com\/index.php?rest_route=\/wp\/v2\/types\/post"}],"author":[{"embeddable":true,"href":"http:\/\/www.korhanyilmaz.com\/index.php?rest_route=\/wp\/v2\/users\/1"}],"replies":[{"embeddable":true,"href":"http:\/\/www.korhanyilmaz.com\/index.php?rest_route=%2Fwp%2Fv2%2Fcomments&post=23151"}],"version-history":[{"count":0,"href":"http:\/\/www.korhanyilmaz.com\/index.php?rest_route=\/wp\/v2\/posts\/23151\/revisions"}],"wp:attachment":[{"href":"http:\/\/www.korhanyilmaz.com\/index.php?rest_route=%2Fwp%2Fv2%2Fmedia&parent=23151"}],"wp:term":[{"taxonomy":"category","embeddable":true,"href":"http:\/\/www.korhanyilmaz.com\/index.php?rest_route=%2Fwp%2Fv2%2Fcategories&post=23151"},{"taxonomy":"post_tag","embeddable":true,"href":"http:\/\/www.korhanyilmaz.com\/index.php?rest_route=%2Fwp%2Fv2%2Ftags&post=23151"}],"curies":[{"name":"wp","href":"https:\/\/api.w.org\/{rel}","templated":true}]}}