{"id":23148,"date":"2010-05-30T08:57:18","date_gmt":"2010-05-30T05:57:18","guid":{"rendered":"http:\/\/www.korhanyilmaz.com\/?p=23148"},"modified":"2010-05-30T08:57:18","modified_gmt":"2010-05-30T05:57:18","slug":"cakma-halkci-cakma-yolsuzluk-dedektifi-cakma-gandi","status":"publish","type":"post","link":"http:\/\/www.korhanyilmaz.com\/?p=23148","title":{"rendered":"&#8220;\u00c7akma halk\u00e7\u0131, \u00e7akma yolsuzluk dedektifi, \u00e7akma Gandi&#8221;"},"content":{"rendered":"<p style=\"text-align: center;\"><a href=\"http:\/\/www.korhanyilmaz.com\/wp-content\/uploads\/2010\/05\/akdag.jpg\"  class=\"lightview\"><img loading=\"lazy\" decoding=\"async\" class=\"aligncenter size-full wp-image-23149\" src=\"http:\/\/www.korhanyilmaz.com\/wp-content\/uploads\/2010\/05\/akdag.jpg\" alt=\"\" width=\"307\" height=\"236\" \/><\/a><\/p>\n<p style=\"text-align: justify;\">Sa\u011fl\u0131k Bakan\u0131 Recep Akda\u011f, &#8220;\u015eimdi bu \u00e7akma halk\u00e7\u0131l\u0131k, \u00e7akma yolsuzluk dedektifli\u011fi, \u00e7akma Gandi, bunlarla T\u00fcrk halk\u0131n\u0131 kand\u0131rman\u0131n art\u0131k imkan\u0131 yok&#8221; dedi.<\/p>\n<p style=\"text-align: justify;\">Akda\u011f, \u015eehitkamil Belediyesi konferans salonunda, vatanda\u015flarla bir araya geldi\u011fi toplant\u0131da, CHP Genel Ba\u015fkan\u0131 Kemal K\u0131l\u0131\u00e7daro\u011flu&#8217;nun, sa\u011fl\u0131k alan\u0131nda yapt\u0131klar\u0131 reformlar\u0131 Anayasa Mahkemesi&#8217;ne g\u00f6t\u00fcrd\u00fckleri i\u00e7in halktan \u00f6z\u00fcr dilemesi gerekti\u011fini savundu. <!--more--><\/p>\n<p style=\"text-align: justify;\">CHP&#8217;nin &#8220;Tam G\u00fcn Yasas\u0131&#8221; ile ilgili Anayasa Mahkemesi&#8217;ne g\u00f6t\u00fcrd\u00fckleri talepleri geri \u00e7ekmesi durumunda halk\u00e7\u0131l\u0131k konusunu tart\u0131\u015fmaya lay\u0131k bulacaklar\u0131n\u0131, aksi halde tart\u0131\u015fmaya lay\u0131k bile g\u00f6rmediklerini dile getiren Akda\u011f, \u015f\u00f6yle konu\u015ftu:<\/p>\n<p style=\"text-align: justify;\">&#8220;Lafla peynir gemisi y\u00fcr\u00fcmez. B\u00fcy\u00fcklerimiz b\u00f6yle s\u00f6ylemi\u015f. Ayinesi i\u015ftir ki\u015finin lafa bak\u0131lmaz. Bizim karn\u0131m\u0131z hayal t\u00fcccarl\u0131\u011f\u0131na tok. Bir de bu zat\u0131n \u00e7akma yolsuzluk dedektifli\u011fi diye bir usul\u00fc var. Ben \u00f6yle diyorum. \u00c7akma yolsuzluk dedektifi, bir de bas\u0131n\u0131n \u015fi\u015firdi\u011fi \u00e7akma Gandi&#8217;lik var, bir de b\u00f6yle bir \u015fey var. \u015eimdi bu \u00e7akma halk\u00e7\u0131l\u0131k, \u00e7akma yolsuzluk dedektifli\u011fi, \u00e7akma Gandi, bunlarla T\u00fcrk halk\u0131n\u0131 kand\u0131rman\u0131n art\u0131k imkan\u0131 yok.&#8221;<\/p>\n<p style=\"text-align: justify;\">Akda\u011f, T\u00fcrk halk\u0131n\u0131n halka hizmet etmeyi becerememesi halinde AK Parti&#8217;yi de iktidardan indirebilece\u011fini, bu konuda kendilerinden emin olduklar\u0131n\u0131, 2 d\u00f6nemdir gece g\u00fcnd\u00fcz demeden hizmet ettiklerini, halk\u0131n vefakar oldu\u011funu da bildiklerini belirtti.<\/p>\n<p style=\"text-align: justify;\">Halk\u0131n kendisine hizmet edenleri de kendisine zulmedenleri de unutmad\u0131\u011f\u0131n\u0131 bildiren Bakan Akda\u011f, \u015f\u00f6yle devam etti:<\/p>\n<p style=\"text-align: justify;\">&#8220;\u015eimdi bunlar\u0131n kar\u015f\u0131s\u0131na \u00e7\u0131k\u0131p da 1940&#8217;l\u0131 y\u0131llar\u0131 hat\u0131rlatt\u0131\u011f\u0131n\u0131z zaman \u00e7\u0131lg\u0131na d\u00f6n\u00fcyorlar, hat\u0131rlatmay\u0131n onlara. Niye hat\u0131rlatmayaca\u011f\u0131z? Siz ta gerilere gidip Cumhuriyet&#8217;in kurulu\u015funa, Atat\u00fcrk&#8217;e bile sahip \u00e7\u0131k\u0131p &#8216;Atat\u00fcrk bizim Atat\u00fcrk&#8217;\u00fcm\u00fcz, Cumhuriyet bizim Cumhuriyetimiz&#8217; havalar\u0131na girmiyor musunuz? B\u00f6yle bir \u015fey olmad\u0131\u011f\u0131 halde, Cumhuriyet bir z\u00fcmrenin, bir partinin mal\u0131 olabilir mi?<\/p>\n<p style=\"text-align: justify;\">Cumhuriyet cumhurun mal\u0131, sizin mal\u0131n\u0131z. Cumhuriyeti bu millet kurmu\u015f, cumhur halk demek. B\u00f6yle bir hakk\u0131n\u0131z yok. Oraya kadar g\u00f6t\u00fcr\u00fcyorsunuz, zorluyorsunuz da o 40&#8217;l\u0131 y\u0131llarda, 40&#8217;la 50 aras\u0131ndaki zulm\u00fc bu millete nas\u0131l unutturacaks\u0131n\u0131z. De\u011ferli Gaziantepliler, Cumhuriyet Halk Partisi ne zaman iktidara geldiyse ya zul\u00fcm olmu\u015ftur ya yokluk olmu\u015ftur ya da k\u0131tl\u0131k olmu\u015ftur.&#8221;<\/p>\n<p style=\"text-align: justify;\">Bakan Akda\u011f, milletin iradesinin b\u00fct\u00fcn iradeler \u00fcst\u00fcnde olmas\u0131 gerekti\u011fini ifade etti. Bunun olmamas\u0131 halinde o y\u00f6netimde ger\u00e7ek \u00f6zg\u00fcrl\u00fcklerin, bireyin hakk\u0131n\u0131n geli\u015femeyece\u011fini vurgulayan Akda\u011f, \u015funlar\u0131 s\u00f6yledi:<\/p>\n<p style=\"text-align: justify;\">&#8220;Milletten korkanlar, vesayetin milletin \u00fcst\u00fcnde olmas\u0131n\u0131 isteyenler, ki bunlar Cumhuriyet Halk Partisi y\u00f6neticileri, Milliyet Hareket Partisi&#8217;nin y\u00f6neticileri, Bar\u0131\u015f ve Demokrasi Partisi&#8217;nin y\u00f6neticileridir. Bunlar bu de\u011fi\u015fikliklerin (Anayasa de\u011fi\u015fikli\u011fi) sizin huzurunuza gelmesini bile istemiyorlar. Biz istiyoruz ki art\u0131k b\u00fcrokratik Cumhuriyet&#8217;ten demokratik Cumhuriyet&#8217;e ge\u00e7elim.<\/p>\n<p style=\"text-align: justify;\">Biz art\u0131k istiyoruz ki milletin vicdan terazisi, milletin vicdan mahkemesi Anayasa Mahkemesi&#8217;nin de \u00fcst\u00fcnde olsun. Sak\u0131n yanl\u0131\u015f anla\u015f\u0131lmas\u0131n, biz h\u00fck\u00fcmetin iradesi Anayasa Mahkemesi&#8217;nin \u00fcst\u00fcnde olsun demiyoruz, ama milletin iradesi elbette b\u00fct\u00fcn iradelerin \u00fcst\u00fcnde olmal\u0131d\u0131r. Aksi takdirde o y\u00f6netime demokrasi denmez. Aksi taktirde o y\u00f6netimde ger\u00e7ek \u00f6zg\u00fcrl\u00fckler geli\u015femez, o y\u00f6netimde bireyin hakk\u0131 geli\u015femez.&#8221;<\/p>\n<p style=\"text-align: justify;\">Recep Akda\u011f, \u0130stanbul Belediyesi&#8217;nin \u00f6\u011frencilere burs verdi\u011fini, ba\u015fka belediyelerin de verdi\u011fini, belki Gaziantep&#8217;te de \u00f6\u011frencilere burs verildi\u011fini, ancak bunun Anayasa Mahkemesi&#8217;ne g\u00f6t\u00fcr\u00fcld\u00fc\u011f\u00fcn\u00fc an\u0131msatarak, &#8220;Ya siz bu gen\u00e7li\u011fin d\u00fc\u015fman\u0131 m\u0131s\u0131n\u0131z, siz bu \u00f6\u011frencilerin d\u00fc\u015fman\u0131 m\u0131s\u0131n\u0131z, siz bu halk\u0131n d\u00fc\u015fman\u0131 m\u0131s\u0131n\u0131z?&#8221; dedi.<\/p>\n<p style=\"text-align: justify;\">Akda\u011f, sa\u011fl\u0131k konusunda \u00e7ok mesafe al\u0131nd\u0131\u011f\u0131n\u0131, T\u00fcrkiye ile iftihar ettiklerini belirterek, &#8220;Obama&#8217;n\u0131n \u015fimdi ABD&#8217;de yapmak istediklerini T\u00fcrkiye Cumhuriyeti \u00e7oktan ba\u015fard\u0131&#8221; diye konu\u015ftu.<\/p>\n<p style=\"text-align: justify;\">Bakan Akda\u011f, Anayasa de\u011fi\u015fiklikleri ve AK Parti h\u00fck\u00fcmetinin \u00e7al\u0131\u015fmalar\u0131 hakk\u0131nda bilgi verdi.<\/p>\n<p style=\"text-align: justify;\"><span style=\"color: #888888;\">CNN T\u00dcRK<\/span><\/p>\n","protected":false},"excerpt":{"rendered":"<p style=\"text-align: center;\">\n<p style=\"text-align: justify;\">Sa\u011fl\u0131k Bakan\u0131 Recep Akda\u011f, &#8220;\u015eimdi bu \u00e7akma halk\u00e7\u0131l\u0131k, \u00e7akma yolsuzluk dedektifli\u011fi, \u00e7akma Gandi, bunlarla T\u00fcrk halk\u0131n\u0131 kand\u0131rman\u0131n art\u0131k imkan\u0131 yok&#8221; dedi.<\/p>\n<p style=\"text-align: justify;\">Akda\u011f, \u015eehitkamil Belediyesi konferans salonunda, vatanda\u015flarla bir araya geldi\u011fi toplant\u0131da, CHP Genel Ba\u015fkan\u0131 Kemal K\u0131l\u0131\u00e7daro\u011flu&#8217;nun, sa\u011fl\u0131k alan\u0131nda yapt\u0131klar\u0131 reformlar\u0131 Anayasa Mahkemesi&#8217;ne g\u00f6t\u00fcrd\u00fckleri i\u00e7in halktan \u00f6z\u00fcr dilemesi gerekti\u011fini <\/p>\n","protected":false},"author":1,"featured_media":0,"comment_status":"open","ping_status":"closed","sticky":false,"template":"","format":"standard","meta":{"footnotes":""},"categories":[105],"tags":[],"class_list":["post-23148","post","type-post","status-publish","format-standard","hentry","category-gundem","odd"],"_links":{"self":[{"href":"http:\/\/www.korhanyilmaz.com\/index.php?rest_route=\/wp\/v2\/posts\/23148","targetHints":{"allow":["GET"]}}],"collection":[{"href":"http:\/\/www.korhanyilmaz.com\/index.php?rest_route=\/wp\/v2\/posts"}],"about":[{"href":"http:\/\/www.korhanyilmaz.com\/index.php?rest_route=\/wp\/v2\/types\/post"}],"author":[{"embeddable":true,"href":"http:\/\/www.korhanyilmaz.com\/index.php?rest_route=\/wp\/v2\/users\/1"}],"replies":[{"embeddable":true,"href":"http:\/\/www.korhanyilmaz.com\/index.php?rest_route=%2Fwp%2Fv2%2Fcomments&post=23148"}],"version-history":[{"count":0,"href":"http:\/\/www.korhanyilmaz.com\/index.php?rest_route=\/wp\/v2\/posts\/23148\/revisions"}],"wp:attachment":[{"href":"http:\/\/www.korhanyilmaz.com\/index.php?rest_route=%2Fwp%2Fv2%2Fmedia&parent=23148"}],"wp:term":[{"taxonomy":"category","embeddable":true,"href":"http:\/\/www.korhanyilmaz.com\/index.php?rest_route=%2Fwp%2Fv2%2Fcategories&post=23148"},{"taxonomy":"post_tag","embeddable":true,"href":"http:\/\/www.korhanyilmaz.com\/index.php?rest_route=%2Fwp%2Fv2%2Ftags&post=23148"}],"curies":[{"name":"wp","href":"https:\/\/api.w.org\/{rel}","templated":true}]}}