{"id":23137,"date":"2010-05-30T08:12:54","date_gmt":"2010-05-30T05:12:54","guid":{"rendered":"http:\/\/www.korhanyilmaz.com\/?p=23137"},"modified":"2015-08-22T10:56:43","modified_gmt":"2015-08-22T07:56:43","slug":"26-mayis%e2%80%99taki-durum","status":"publish","type":"post","link":"http:\/\/www.korhanyilmaz.com\/?p=23137","title":{"rendered":"26 May\u0131s\u2019taki durum"},"content":{"rendered":"<div id=\"attachment_22466\" style=\"width: 87px\" class=\"wp-caption alignleft\"><img loading=\"lazy\" decoding=\"async\" aria-describedby=\"caption-attachment-22466\" class=\"size-full wp-image-22466\" style=\"margin-left: 10px; margin-right: 10px;\" title=\"Oktay Ek\u015fi - H\u00fcrriyet Gazetesi\" src=\"http:\/\/www.korhanyilmaz.com\/wp-content\/uploads\/2010\/05\/oktayeksi.jpg\" alt=\"\" width=\"77\" height=\"111\" \/><p id=\"caption-attachment-22466\" class=\"wp-caption-text\">Oktay Ek\u015fi<\/p><\/div>\n<p style=\"text-align: justify;\">MADEM \u201cdemokrasi\u201d hayranl\u0131\u011f\u0131n\u0131 kimseye kapt\u0131rmayan, \u201cliberal\u201dli\u011finden ge\u00e7ilmeyen arkada\u015flar 26 May\u0131s 1960 g\u00fcn\u00fc herkesin mutlu, \u00f6zg\u00fcrl\u00fc\u011f\u00fcn sonsuz, hukukun egemen, iktidar\u0131n ger\u00e7ekten \u201cdemokrat\u201d oldu\u011fu bir T\u00fcrkiye\u2019de ya\u015fad\u0131\u011f\u0131na inan\u0131yormu\u015f\u00e7as\u0131na konu\u015fup yaz\u0131yorlar, askeri m\u00fcdahalenin buna ra\u011fmen yap\u0131ld\u0131\u011f\u0131 g\u00f6r\u00fc\u015f\u00fcn\u00fc savunuyorlar&#8230; <!--more--><\/p>\n<p style=\"text-align: justify;\">Gelin birlikte o g\u00fcnlere gidelim.<\/p>\n<p style=\"text-align: justify;\">O g\u00fcnlere gitmenin 27 May\u0131s m\u00fcdahalesini onaylamak anlam\u0131na gelmedi\u011fini belirtelim. Ama T\u00fcrkiye\u2019yi o noktaya getiren ger\u00e7ekleri g\u00f6rmek gerekti\u011fini de unutmayal\u0131m.<\/p>\n<p style=\"text-align: justify;\">O d\u00f6nemin ger\u00e7eklerini kendi haf\u0131zam\u0131zdan de\u011fil, Dr. Sedef Bulut\u2019un \u201c\u00dc\u00e7\u00fcnc\u00fc D\u00f6nem Demokrat Parti (DP) \u0130ktidar\u0131 (1957-1960): Siyasi Bask\u0131lar ve Tahkikat Komisyonu\u201d ba\u015fl\u0131kl\u0131 makalesinden \u00f6zetleyerek aktaraca\u011f\u0131z:<\/p>\n<p style=\"text-align: justify;\">? DP muhalefete tahamm\u00fcls\u00fczl\u00fc\u011f\u00fcn\u00fc, daha 1953 sonunda bir yasa \u00e7\u0131kartarak CHP\u2019nin t\u00fcm mallar\u0131na el koymakla g\u00f6sterdi.<\/p>\n<p style=\"text-align: justify;\">? 1950\u2019den \u00f6nce \u201cradyonun iktidar\u0131n sesi\u201d olmas\u0131n\u0131 ele\u015ftirdi\u011fi halde kendi d\u00f6neminde radyoyu daha k\u00f6t\u00fc kulland\u0131.<\/p>\n<p style=\"text-align: justify;\">? \u00d6nce 1954\u2019te sonra 1956\u2019da \u00e7\u0131kard\u0131\u011f\u0131 yasalarla \u201cbas\u0131n\u0131\u201d ve \u201c\u00fcniversiteyi\u201d ses \u00e7\u0131karamaz hale getirdi.<\/p>\n<p style=\"text-align: justify;\">? Muhalif bir milletvekili olan Osman B\u00f6l\u00fckba\u015f\u0131\u2019n\u0131 1954 se\u00e7iminde milletvekili se\u00e7ti\u011fi i\u00e7in K\u0131r\u015fehir\u2019i cezaland\u0131rarak \u201cil\u201dlikten \u201cil\u00e7e\u201dli\u011fe indirdi. Eski il\u00e7esi Nev\u015fehir\u2019i il yapt\u0131. K\u0131r\u015fehir\u2019i Nev\u015fehir\u2019e ba\u011flad\u0131.<\/p>\n<p style=\"text-align: justify;\">? Muhalif gazetelere yaz\u0131 yazan H\u00fcseyin Cahit Yal\u00e7\u0131n, Bedii Faik, Metin Toker, \u015einasi Nahit Berker, Ahmet Emin Yalman gibi yazarlar\u0131 ve Sorumlu Yaz\u0131 \u0130\u015fleri M\u00fcd\u00fcrl\u00fc\u011f\u00fc yapan Cemal Sa\u011flam, C\u00fcneyt Arcay\u00fcrek, \u00dclk\u00fc Arman, Beyhan Cenk\u00e7i, Kurtul Altu\u011f, Yusuf Ziya Ademhan, Cemalettin \u00dcnl\u00fc, Tar\u0131k Halulu dahil pek \u00e7ok gazeteciyi hapse att\u0131.<\/p>\n<p style=\"text-align: justify;\">? Yarg\u0131y\u0131 ve \u00fcniversiteyi kendi buyru\u011fu alt\u0131na alabilmek i\u00e7in, h\u00fck\u00fcmetin istedi\u011fi ki\u015fiyi hi\u00e7bir gerek\u00e7e g\u00f6stermeden emekliye ay\u0131rmas\u0131na izin verecek \u015fekilde, ilgili yasay\u0131 de\u011fi\u015ftirdi. Nitekim bir defada Yarg\u0131tay Birinci Ba\u015fkan\u0131 dahil 23 \u00fcyesini emekliye sevk etti.<\/p>\n<p style=\"text-align: justify;\">? Toplant\u0131 ve G\u00f6steri Y\u00fcr\u00fcy\u00fc\u015fleri Yasas\u0131\u2019n\u0131 de\u011fi\u015ftirerek \u201cmuhalefetin\u201d soka\u011fa \u00e7\u0131k\u0131p g\u00f6steri y\u00fcr\u00fcy\u00fc\u015f\u00fc yapmas\u0131n\u0131, miting d\u00fczenlemesini fiilen imk\u00e2ns\u0131z hale getirdi. Hatta CHP Genel Sekreteri Kas\u0131m G\u00fclek, gitti\u011fi Rize\u2019de, \u00e7ar\u015f\u0131daki esnaf\u0131n elini s\u0131karak bu yasay\u0131 \u00e7i\u011fnedi\u011fi i\u00e7in tutuklanmakla kalmad\u0131, 6 ay hapse mahk\u00fbm edildi.<\/p>\n<p style=\"text-align: justify;\">? CHP\u2019nin, kendi Genel Ba\u015fkan\u0131 \u0130smet \u0130n\u00f6n\u00fc \u015ferefine verece\u011fi ziyafet yasakland\u0131.<\/p>\n<p style=\"text-align: justify;\">? Osman B\u00f6l\u00fckba\u015f\u0131 Meclis k\u00fcrs\u00fcs\u00fcnden yapt\u0131\u011f\u0131 ve Anayasa\u2019ya g\u00f6re hi\u00e7bir \u015fekilde sorumlu tutulamayaca\u011f\u0131 bir konu\u015fmada Meclis\u2019e hakaret etti\u011fi iddias\u0131yla tutuklan\u0131p hapse at\u0131ld\u0131.<\/p>\n<p style=\"text-align: justify;\">? 1957 se\u00e7imlerinden sonra DP iktidar\u0131 TBMM \u0130\u00e7t\u00fcz\u00fc\u011f\u00fc\u2019n\u00fc de\u011fi\u015ftirerek muhalefetin Meclis i\u00e7indeki sesini de k\u0131st\u0131.<\/p>\n<p style=\"text-align: justify;\">? \u0130nsanlar\u0131n \u201c\u00f6zg\u00fcrl\u00fck\u201d talebini k\u0131smaya hi\u00e7biri yetmeyince CHP\u2019yi kapatmay\u0131, bas\u0131n\u0131 tamamen susturmay\u0131 ama\u00e7layan Meclis Tahkikat Komisyonu\u2019nu kurdu.<\/p>\n<p style=\"text-align: justify;\">T\u00fcm yollar t\u0131kan\u0131nca 27 May\u0131s oldu ve bir tek insan bile kar\u015f\u0131 \u00e7\u0131kmad\u0131.<\/p>\n<p style=\"text-align: justify;\">\u201c\u00c7\u0131kt\u0131\u201d diyen konu\u015fsun da boyunu hep birlikte g\u00f6relim.<\/p>\n<p style=\"text-align: justify;\"><a href=\"http:\/\/www.hurriyet.com.tr\/yazarlar\/14879443.asp?yazarid=1&amp;gid=61\" target=\"_blank\"><span style=\"color: #888888;\">oeksi@hurriyet.com.tr<\/span><\/a><\/p>\n","protected":false},"excerpt":{"rendered":"<p id=\"caption-attachment-22466\" class=\"wp-caption-text\">Oktay Ek\u015fi<\/p>\n<p style=\"text-align: justify;\">MADEM \u201cdemokrasi\u201d hayranl\u0131\u011f\u0131n\u0131 kimseye kapt\u0131rmayan, \u201cliberal\u201dli\u011finden ge\u00e7ilmeyen arkada\u015flar 26 May\u0131s 1960 g\u00fcn\u00fc herkesin mutlu, \u00f6zg\u00fcrl\u00fc\u011f\u00fcn sonsuz, hukukun egemen, iktidar\u0131n ger\u00e7ekten \u201cdemokrat\u201d oldu\u011fu bir T\u00fcrkiye\u2019de ya\u015fad\u0131\u011f\u0131na inan\u0131yormu\u015f\u00e7as\u0131na konu\u015fup yaz\u0131yorlar, askeri m\u00fcdahalenin buna ra\u011fmen yap\u0131ld\u0131\u011f\u0131 g\u00f6r\u00fc\u015f\u00fcn\u00fc savunuyorlar&#8230; <\/p>\n","protected":false},"author":1,"featured_media":0,"comment_status":"open","ping_status":"closed","sticky":false,"template":"","format":"standard","meta":{"footnotes":""},"categories":[16],"tags":[28],"class_list":["post-23137","post","type-post","status-publish","format-standard","hentry","category-kose-yazilari","tag-oktay-eksi","odd"],"_links":{"self":[{"href":"http:\/\/www.korhanyilmaz.com\/index.php?rest_route=\/wp\/v2\/posts\/23137","targetHints":{"allow":["GET"]}}],"collection":[{"href":"http:\/\/www.korhanyilmaz.com\/index.php?rest_route=\/wp\/v2\/posts"}],"about":[{"href":"http:\/\/www.korhanyilmaz.com\/index.php?rest_route=\/wp\/v2\/types\/post"}],"author":[{"embeddable":true,"href":"http:\/\/www.korhanyilmaz.com\/index.php?rest_route=\/wp\/v2\/users\/1"}],"replies":[{"embeddable":true,"href":"http:\/\/www.korhanyilmaz.com\/index.php?rest_route=%2Fwp%2Fv2%2Fcomments&post=23137"}],"version-history":[{"count":0,"href":"http:\/\/www.korhanyilmaz.com\/index.php?rest_route=\/wp\/v2\/posts\/23137\/revisions"}],"wp:attachment":[{"href":"http:\/\/www.korhanyilmaz.com\/index.php?rest_route=%2Fwp%2Fv2%2Fmedia&parent=23137"}],"wp:term":[{"taxonomy":"category","embeddable":true,"href":"http:\/\/www.korhanyilmaz.com\/index.php?rest_route=%2Fwp%2Fv2%2Fcategories&post=23137"},{"taxonomy":"post_tag","embeddable":true,"href":"http:\/\/www.korhanyilmaz.com\/index.php?rest_route=%2Fwp%2Fv2%2Ftags&post=23137"}],"curies":[{"name":"wp","href":"https:\/\/api.w.org\/{rel}","templated":true}]}}