{"id":23131,"date":"2010-05-29T21:57:26","date_gmt":"2010-05-29T18:57:26","guid":{"rendered":"http:\/\/www.korhanyilmaz.com\/?p=23131"},"modified":"2010-05-29T21:57:26","modified_gmt":"2010-05-29T18:57:26","slug":"erzincan-akp-dosyasinda","status":"publish","type":"post","link":"http:\/\/www.korhanyilmaz.com\/?p=23131","title":{"rendered":"&#8216;Erzincan&#8217;, AKP dosyas\u0131nda"},"content":{"rendered":"<p><a href=\"http:\/\/www.korhanyilmaz.com\/wp-content\/uploads\/2010\/05\/0082.jpg\"  class=\"lightview\"><img loading=\"lazy\" decoding=\"async\" class=\"aligncenter size-full wp-image-23133\" src=\"http:\/\/www.korhanyilmaz.com\/wp-content\/uploads\/2010\/05\/0082.jpg\" alt=\"\" width=\"397\" height=\"236\" \/><\/a><\/p>\n<p style=\"text-align: justify;\">Cumhuriyet Ba\u015fsavc\u0131s\u0131 \u0130lhan Cihaner\u2019in y\u00fcr\u00fctt\u00fc\u011f\u00fc \u2018Mehmet Salih G\u00fcne\u015f ve 234 arkada\u015f\u0131\u2019 hakk\u0131ndaki soru\u015fturman\u0131n, Yarg\u0131tay taraf\u0131ndan AKP\u2019nin sicil dosyas\u0131na eklendi\u011fi ortaya \u00e7\u0131kt\u0131. AKP\u2019lilerle ilgili bir dizi su\u00e7laman\u0131n yer ald\u0131\u011f\u0131 dosyada Meclis Ba\u015fkan\u0131 Mehmet Ali \u015eahin de var.<!--more--><\/p>\n<p style=\"text-align: justify;\">Erzincan Cumhuriyet Ba\u015fsavc\u0131s\u0131 \u0130lhan Cihaner taraf\u0131ndan y\u00fcr\u00fct\u00fclen \u2018Mehmet Salih G\u00fcne\u015f ve 234 arkada\u015f\u0131\u2019 hakk\u0131ndaki soru\u015fturman\u0131n, Yarg\u0131tay taraf\u0131ndan AKP\u2019nin sicil dosyas\u0131na eklendi\u011fi ortaya \u00e7\u0131kt\u0131.<\/p>\n<p style=\"text-align: justify;\">Erzincan Cumhuriyet Ba\u015fsavc\u0131s\u0131 \u0130lhan Cihaner\u2019in y\u00fcr\u00fctt\u00fc\u011f\u00fc  \u201cMehmet Salih G\u00fcne\u015f ve 234 arkada\u015f\u0131\u201d hakk\u0131ndaki soru\u015fturma, Yarg\u0131tay\u2019\u0131n AKP hakk\u0131nda tuttu\u011fu dosyaya girdi. \u0130lhan Cihaner taraf\u0131ndan y\u00fcr\u00fct\u00fclen soru\u015fturmada, aralar\u0131nda bakanlar, milletvekilleri ve belediye ba\u015fkanlar\u0131n\u0131n da bulundu\u011fu baz\u0131 AKP y\u00f6neticilerinin soru\u015fturmaya konu ki\u015fi ve olaylarla ili\u015fkisinin belirlendi\u011fi iddia edilmi\u015fti.<\/p>\n<p style=\"text-align: justify;\"><strong>Yarg\u0131tay\u2019dan Erzurum\u2019a yaz\u0131<\/strong><\/p>\n<p style=\"text-align: justify;\">Yarg\u0131tay Cumhuriyet Ba\u015fsavc\u0131l\u0131\u011f\u0131 Siyasi Partiler Soru\u015fturma B\u00fcrosu\u2019nun Erzurum 2\u2019nci A\u011f\u0131r Ceza Mahkemesi\u2019ne yazd\u0131\u011f\u0131 17 \u015eubat tarihli yaz\u0131da, dosyan\u0131n t\u00fcm ekleriyle g\u00f6nderilmesi isteniyor. Konuyla ilgili yaz\u0131\u015fmalar Erzincan soru\u015fturmas\u0131 dosyas\u0131n\u0131n ek klas\u00f6rlerinde yer al\u0131yor. Yarg\u0131tay Cumhuriyet Ba\u015fsavc\u0131l\u0131\u011f\u0131 Siyasi Partiler Sorusturma B\u00fcrosunda ilgili konuyla g\u00f6revli ba\u015fsavc\u0131 vekilinin, \u00f6zel yetkili Erzurum Cumhuriyet Ba\u015fsavc\u0131l\u0131\u011f\u0131na yazd\u0131\u011f\u0131 yaz\u0131da \u015f\u00f6yle denildi: \u201cErzincan Cumhuriyet Ba\u015fsavc\u0131l\u0131\u011f\u0131 taraf\u0131ndan Mehmet Salih G\u00fcne\u015f ve 234 arkada\u015f\u0131 hakk\u0131nda Erzurum \u00d6zel Yetkili Cumhuriyet Ba\u015fsavc\u0131l\u0131\u011f\u0131\u2019na g\u00f6nderilen soru\u015fturma dosyas\u0131n\u0131n, iddianame d\u00fczenlenerek dava a\u00e7\u0131lm\u0131\u015fsa dava dosyas\u0131n\u0131n t\u00fcm ekleriyle birlikte incelenmek \u00fczere onayl\u0131 bir suretinin ivedilikle g\u00f6nderilmesi \u00f6nemle rica olunur.\u201d<\/p>\n<p style=\"text-align: justify;\"><strong>\u00dcst d\u00fczey y\u00f6neticilere su\u00e7lama<\/strong><\/p>\n<p style=\"text-align: justify;\">Yarg\u0131tay\u2019dan Erzurum\u2019a g\u00f6nderilen 24 Mart tarihli yaz\u0131da, Anayasa\u2019n\u0131n 68. ve 69. maddeleri ile Siyasi Partiler Kanunu\u2019nun 98. maddeleri gere\u011fince dosyan\u0131n onayl\u0131 bir \u00f6rne\u011finin g\u00f6nderilmesi isteniyor. Dosya, Erzurum 2. A\u011f\u0131r Ceza Mahkemesi\u2019nce 31 Mart\u2019ta Yarg\u0131tay\u2019a ula\u015ft\u0131r\u0131ld\u0131. Yarg\u0131tay Siyasi Partiler Soru\u015fturma B\u00fcrosu\u2019nun AKP\u2019nin sicil dosyas\u0131na katt\u0131\u011f\u0131 bu dosyada AKP\u2019lilerle ilgili su\u00e7lamalar\u0131n yer ald\u0131\u011f\u0131 iddia ediliyor. \u0130lhan Cihaner\u2019in y\u00fcr\u00fctt\u00fc\u011f\u00fc soru\u015fturmada, Meclis Ba\u015fkan\u0131 Mehmet Ali \u015eahin, eski \u00c7evre ve Orman Bakan\u0131 Osman Pepe, \u0130stanbul Milletvekili ve AKP Genel Sekreteri \u0130dris Naim \u015eahin, Erzincan Milletvekili Sebahattin Karakelle, \u0130stanbul B\u00fcy\u00fck\u015fehir Belediye Ba\u015fkan\u0131 Kadir Topba\u015f ve Erzincan\u2019daki AKP y\u00f6neticilerinin adlar\u0131n\u0131n ge\u00e7ti\u011fi iddialar aras\u0131nda yer al\u0131yor.<\/p>\n<p style=\"text-align: justify;\"><strong>Savc\u0131ya \u2018gizli tan\u0131k\u2019 iddias\u0131<\/strong><\/p>\n<p style=\"text-align: justify;\">Erzincan Cumhuriyet Ba\u015fsavc\u0131s\u0131 \u0130lhan Cihaner\u2019in avukat\u0131 Turgut Kazan, Cihaner\u2019in Yarg\u0131tay\u2019da yarg\u0131lanmas\u0131na neden olan ifadeyi veren \u0130li\u00e7 Cumhuriyet Savc\u0131s\u0131 Bayram Bozkurt\u2019un imzas\u0131 ile Erzurum\u2019daki \u00dcmraniye davas\u0131n\u0131n gizli tan\u0131\u011f\u0131 \u201cEfe\u201d nin imzas\u0131n\u0131n ayn\u0131 oldu\u011funu savundu. Milliyet gazetesindeki habere g\u00f6re, Kazan, \u00f6nceki g\u00fcn Yarg\u0131tay\u2019daki duru\u015fmada, iki ifadedeki imzalar\u0131n bulundu\u011fu belgeyi g\u00f6sterdi. Adalet Bakanl\u0131\u011f\u0131\u2019n\u0131n, Cihaner hakk\u0131nda g\u00f6rev su\u00e7undan soru\u015fturma a\u00e7mas\u0131na neden olan ve bu yolla Yarg\u0131tay\u2019da yarg\u0131lanmas\u0131 s\u00fcrecini ba\u015flatan \u015fikayetin alt\u0131nda \u0130li\u00e7 Savc\u0131s\u0131 Bozkurt\u2019un imzas\u0131 bulunuyor.<\/p>\n<p style=\"text-align: justify;\"><strong>\u0130mzalar\u0131n benzerli\u011fi dikkat \u00e7ekti<\/strong><\/p>\n<p style=\"text-align: justify;\">Bozkurt, \u015fikayet dilek\u00e7esinin ard\u0131ndan Adalet Bakanl\u0131\u011f\u0131 m\u00fcfetti\u015flerine bu konuda ifade de verdi. Bu \u015fikayet dilek\u00e7esinin alt\u0131ndaki imza ile \u00dcmraniye dosyas\u0131ndaki \u2019Gizli tan\u0131k Efe\u2019nin imzalad\u0131\u011f\u0131, \u2019te\u015fhis tutana\u011f\u0131\u2019belgesindeki imzan\u0131n benzerli\u011fi dikkat \u00e7ekiyor. Kazan \u00f6nceki g\u00fcnk\u00fc duru\u015fmada \u015f\u00f6yle konu\u015ftu: \u201cBu da oynanan oyunu ortaya koyuyor. Delillerin ayn\u0131 oldu\u011funu g\u00f6steriyor. Erzincan\u2019da ise hala gizli tan\u0131k aran\u0131yor. Birle\u015ftirme talebinin hakl\u0131l\u0131\u011f\u0131n\u0131 g\u00f6stermek i\u00e7in o \u00f6rne\u011fi verdim. \u0130ki dava aras\u0131nda ba\u011f varsa birle\u015ftirilir. Bir tan\u0131k ifadesi var. Ba\u015fka bir ifade daha var. \u0130ki imzay\u0131 kar\u015f\u0131la\u015ft\u0131r\u0131yorsunuz, ayn\u0131. Bu ba\u011flant\u0131y\u0131 apa\u00e7\u0131k ortaya koyuyor. A\u00e7\u0131klayan da biz de\u011filiz o ki\u015fi. \u0130mzalar ayn\u0131 ise ayn\u0131 adam olduklar\u0131 da anla\u015f\u0131l\u0131yor.\u201d Ergenekon dosyas\u0131ndaki \u00f6zel yetkili savc\u0131 Osman \u015eanal\u2019\u0131n imzas\u0131n\u0131 ta\u015f\u0131yan 21 Aral\u0131k 2009 tarihli \u201cTe\u015fhis tutana\u011f\u0131na\u201d g\u00f6re tan\u0131k Efe, g\u00f6sterilen 25 foto\u011fraftan      4 no\u2019lu foto\u011fraf \u00fczerine bu ki\u015finin Albay Dursun \u00c7i\u00e7ek oldu\u011funu s\u00f6ylemi\u015fti.<\/p>\n<p style=\"text-align: justify;\"><a href=\"http:\/\/www.yg.yenicaggazetesi.com.tr\/habergoster.php?haber=35214\" target=\"_blank\"><span style=\"color: #888888;\">Haber Kayna\u011f\u0131 : Salim YAVA\u015eO\u011eLU &#8211; Yenica\u011f Gazetesi<\/span><\/a><\/p>\n","protected":false},"excerpt":{"rendered":"<\/p>\n<p style=\"text-align: justify;\">Cumhuriyet Ba\u015fsavc\u0131s\u0131 \u0130lhan Cihaner\u2019in y\u00fcr\u00fctt\u00fc\u011f\u00fc \u2018Mehmet Salih G\u00fcne\u015f ve 234 arkada\u015f\u0131\u2019 hakk\u0131ndaki soru\u015fturman\u0131n, Yarg\u0131tay taraf\u0131ndan AKP\u2019nin sicil dosyas\u0131na eklendi\u011fi ortaya \u00e7\u0131kt\u0131. AKP\u2019lilerle ilgili bir dizi su\u00e7laman\u0131n yer ald\u0131\u011f\u0131 dosyada Meclis Ba\u015fkan\u0131 Mehmet Ali \u015eahin de var.<\/p>\n","protected":false},"author":1,"featured_media":0,"comment_status":"open","ping_status":"closed","sticky":false,"template":"","format":"standard","meta":{"footnotes":""},"categories":[105],"tags":[],"class_list":["post-23131","post","type-post","status-publish","format-standard","hentry","category-gundem","odd"],"_links":{"self":[{"href":"http:\/\/www.korhanyilmaz.com\/index.php?rest_route=\/wp\/v2\/posts\/23131","targetHints":{"allow":["GET"]}}],"collection":[{"href":"http:\/\/www.korhanyilmaz.com\/index.php?rest_route=\/wp\/v2\/posts"}],"about":[{"href":"http:\/\/www.korhanyilmaz.com\/index.php?rest_route=\/wp\/v2\/types\/post"}],"author":[{"embeddable":true,"href":"http:\/\/www.korhanyilmaz.com\/index.php?rest_route=\/wp\/v2\/users\/1"}],"replies":[{"embeddable":true,"href":"http:\/\/www.korhanyilmaz.com\/index.php?rest_route=%2Fwp%2Fv2%2Fcomments&post=23131"}],"version-history":[{"count":0,"href":"http:\/\/www.korhanyilmaz.com\/index.php?rest_route=\/wp\/v2\/posts\/23131\/revisions"}],"wp:attachment":[{"href":"http:\/\/www.korhanyilmaz.com\/index.php?rest_route=%2Fwp%2Fv2%2Fmedia&parent=23131"}],"wp:term":[{"taxonomy":"category","embeddable":true,"href":"http:\/\/www.korhanyilmaz.com\/index.php?rest_route=%2Fwp%2Fv2%2Fcategories&post=23131"},{"taxonomy":"post_tag","embeddable":true,"href":"http:\/\/www.korhanyilmaz.com\/index.php?rest_route=%2Fwp%2Fv2%2Ftags&post=23131"}],"curies":[{"name":"wp","href":"https:\/\/api.w.org\/{rel}","templated":true}]}}