{"id":23119,"date":"2010-05-29T16:14:46","date_gmt":"2010-05-29T13:14:46","guid":{"rendered":"http:\/\/www.korhanyilmaz.com\/?p=23119"},"modified":"2010-05-29T16:14:46","modified_gmt":"2010-05-29T13:14:46","slug":"osmanli-turkiyeyi-fethetti","status":"publish","type":"post","link":"http:\/\/www.korhanyilmaz.com\/?p=23119","title":{"rendered":"Osmanl\u0131, T\u00fcrkiye&#8217;yi fethetti"},"content":{"rendered":"<p style=\"text-align: center;\"><a href=\"http:\/\/www.korhanyilmaz.com\/wp-content\/uploads\/2010\/05\/FET\u0130H.jpg\"  class=\"lightview\"><img loading=\"lazy\" decoding=\"async\" class=\"aligncenter size-full wp-image-23120\" src=\"http:\/\/www.korhanyilmaz.com\/wp-content\/uploads\/2010\/05\/FET\u0130H.jpg\" alt=\"\" width=\"420\" height=\"210\" \/><\/a><\/p>\n<p style=\"text-align: justify;\">\u0130STANBUL\u2018un fethinin 557. y\u0131ld\u00f6n\u00fcm\u00fc kutlamalar\u0131 Fatih Sultan Mehmet Han\u2018\u0131n t\u00fcrbesinde t\u00f6renle ba\u015flad\u0131.<\/p>\n<p style=\"text-align: justify;\">Dualarla ba\u015flayan fetih kutlamalar\u0131 \u00e7er\u00e7evesinde Belgrad Kap\u0131\u2019da yap\u0131lan t\u00f6rende ise askerler mehteran b\u00f6l\u00fc\u011f\u00fcn\u00fcn m\u00fczi\u011fi e\u015fli\u011finde surlara huc\u00fcm etti. Bu y\u0131l ilk defa \u0130stanbul\u2019u fetheden b\u00fcy\u00fck kumandan Fatih Sultan Mehmet at\u0131yla, arkas\u0131nda Fatih\u2019in hocas\u0131 Ak\u015femsettin ve 20 atl\u0131 askerlerle birlikte surlardan \u0130stanbul\u2019a giri\u015fi canland\u0131r\u0131ld\u0131. <!--more--><\/p>\n<p style=\"text-align: justify;\">Ancak Osmanl\u0131lar&#8217;\u0131n sald\u0131rd\u0131\u011f\u0131 surlarda T\u00fcrkiye bayra\u011f\u0131 as\u0131l\u0131yd\u0131. Bu da ilgin\u00e7 bir g\u00f6r\u00fcnt\u00fc olu\u015fturdu&#8230;<\/p>\n<p style=\"text-align: justify;\">\u0130stanbul\u2018un fethinin 557. y\u0131ld\u00f6n\u00fcm\u00fc kutlamalar\u0131 \u00e7er\u00e7evesinde ilk t\u00f6ren Fatih Sultan Mehmet Han\u2019\u0131n t\u00fcrbesinde t\u00f6ren d\u00fczenlendi. Burada yap\u0131lan dualarla fetih kutlamas\u0131 ba\u015flad\u0131. Fatih Camii avlusundaki Fatih Sultan Mehmet\u2018in t\u00fcrbesinde ger\u00e7ekle\u015ftirilen programa, \u0130stanbul Valisi Muammer G\u00fcler, \u0130stanbul B\u00fcy\u00fck\u015fehir Belediye Ba\u015fkan (\u0130BB) Vekili Ahmet Selamet, \u0130stanbul Garnizon Komutanl\u0131\u011f\u0131n\u0131 temsilen 23. Motorlu Piyade T\u00fcmen Komutan\u0131 T\u00fcmgeneral B\u00fclent Da\u011fsal\u0131, Fatih Belediye Ba\u015fkan\u0131 Mustafa Demir ve di\u011fer yetkiler kat\u0131ld\u0131.<\/p>\n<p style=\"text-align: justify;\">Fatih Sultan Mehmet&#8217;in t\u00fcrbesine \u00e7i\u00e7eklerin konulmas\u0131n\u0131n ard\u0131ndan Fatih Camii Ba\u015fimam\u0131 Osman \u015eahin taraf\u0131ndan Kur\u2018an-\u0131 Kerim okundu. Duan\u0131n ard\u0131ndan, Vali G\u00fcler ve beraberindekiler bir s\u00fcre t\u00fcrbeyi gezdi. G\u00fcler \u00e7\u0131k\u0131\u015fta \u0130stanbul B\u00fcy\u00fck\u015fehir Belediyesi\u2019ne ba\u011fl\u0131 izci \u00f6\u011frencilerle sohbet etti. T\u00fcrbedeki program\u0131n ard\u0131ndan Vali G\u00fcler, \u0130BB Ba\u015fkan Vekili Selamet ve di\u011fer yetkililer, Sara\u00e7hane\u2018deki Fatih An\u0131t\u0131\u2019na do\u011fru y\u00fcr\u00fcd\u00fc. Muammer G\u00fcler, Ahmet Selamet ve B\u00fclent Da\u011fsal\u0131\u2019n\u0131n \u00e7elenk b\u0131rakmas\u0131yla ba\u015flayan t\u00f6ren, sayg\u0131 duru\u015fu ve \u0130stiklal Mar\u015f\u0131&#8217;n\u0131n okunmas\u0131n\u0131n ard\u0131ndan sona erdi. Vali G\u00fcler ve beraberindeki heyet buradan Belgrat Kap\u0131\u2019da yap\u0131lacak olan t\u00f6renlere ge\u00e7ti.<\/p>\n<p style=\"text-align: justify;\"><strong>20 ATLI ASKERLE FET\u0130H CANLANDIRILDI <\/strong><\/p>\n<p style=\"text-align: justify;\">\u0130stiklal Mar\u015f\u0131\u2019n\u0131n okunmas\u0131 ve bayra\u011f\u0131n g\u00f6ndere \u00e7ekilmesinin ard\u0131ndan ba\u015flayan Belgrat Kap\u0131\u2019da yap\u0131lan t\u00f6rende askerler mehteran b\u00f6l\u00fc\u011f\u00fcn\u00fcn m\u00fczi\u011fi e\u015fli\u011finde surlara h\u00fccum etti. Vatanda\u015flar\u0131n \u00e7ocuklar\u0131yla birlikte ilgiyle izledikleri t\u00f6rende, bu y\u0131l giri\u015f kap\u0131s\u0131 kapat\u0131lan surlar askerler taraf\u0131ndan y\u0131k\u0131ld\u0131. Ayn\u0131 anda top at\u0131\u015f\u0131 ile Cenk Mar\u015f\u0131 \u00e7al\u0131narak h\u00fccum d\u00f6rt bir koldan yap\u0131ld\u0131. Baz\u0131 askerler ellerinde ko\u00e7 kafalar\u0131 ile surlar\u0131n kap\u0131s\u0131n\u0131 y\u0131kt\u0131. Ve surlar\u0131 ele ge\u00e7iren asker, Fetih Mar\u015f\u0131 e\u015fli\u011finde sanca\u011f\u0131 surlara dikti. Bu y\u0131l ilk defa \u0130stanbul\u2019u fetheden b\u00fcy\u00fck kumandan Fatih Sultan Mehmet&#8217;in at\u0131yla, arkas\u0131nda hocas\u0131 Ak\u015femsettin ve askerlerle birlikte surlardan \u0130stanbul\u2019a giri\u015fi canland\u0131r\u0131ld\u0131. \u0130stanbul\u2019un fethi t\u00f6renleri i\u00e7in bu y\u0131l ilk defa 20 at ve Osmanl\u0131 askerini temsilen 20 at binicisi g\u00f6rev yapt\u0131.<\/p>\n<p style=\"text-align: justify;\"><strong>L\u0130SE \u00d6\u011eRENC\u0130S\u0130NDEN FET\u0130H MAR\u015eI \u015e\u0130\u0130R\u0130 <\/strong><\/p>\n<p style=\"text-align: justify;\">\u0130stanbul fethinin temsili olarak canland\u0131r\u0131lmas\u0131n\u0131n ard\u0131ndan devlet b\u00fcy\u00fcklerinden gelen mesajlar okundu. G\u00fcn\u00fcn anlam ve \u00f6nemini belirten konu\u015fmalar\u0131n yap\u0131lmas\u0131n\u0131n ard\u0131ndan Fatih Gelenbevi Anadolu Lisesi \u00f6\u011frencilerinden \u015eeyma Nur Ayd\u0131n Fetih Mar\u015f\u0131 \u015fiirini okudu. T\u00f6rende \u0130stanbul birincisi olan Pendik Atat\u00fcrk \u0130lk\u00f6\u011fretim Okulu Halk oyunlar\u0131 ekibi Ayd\u0131n y\u00f6resine ait g\u00f6sterilerini sundu. \u0130stanbul\u2019un fethinin 557. y\u0131ld\u00f6n\u00fcm\u00fc sebebiyle resim, kompozisyon ve \u015fiir dallar\u0131nda d\u00fczenlenen yar\u0131\u015fmalarda dereceye giren \u00f6\u011frencilere \u00f6d\u00fcllerini \u0130stanbul Valisi Muammer G\u00fcler, \u0130BB Ba\u015fkan Vekili Ahmet Selamet ve 23. Motorlu Piyade T\u00fcmen Komutan\u0131 T\u00fcmgeneral B\u00fclent Da\u011fsal\u0131 verdi. T\u00f6ren halk oyunlar\u0131 g\u00f6sterileri ve t\u00f6ren ge\u00e7i\u015flerinin ard\u0131ndan sona erdi.<\/p>\n<p style=\"text-align: justify;\"><strong>\u0130STANBULLULAR&#8217;LA G\u00d6N\u00dcL BA\u011eIMIZ VAR <\/strong><\/p>\n<p style=\"text-align: justify;\">\u00c7\u0131k\u0131\u015fta bas\u0131n mensuplar\u0131n\u0131n sorular\u0131n\u0131 yan\u0131tlayan \u0130stanbul Vali Muammer G\u00fcler, 7, 5 y\u0131l s\u00fcrd\u00fcrd\u00fc\u011f\u00fcn \u0130stanbul Valili\u011fi g\u00f6revcinden pazartesi g\u00fcn\u00fc ayr\u0131laca\u011f\u0131n\u0131 belirtti. G\u00fcler \u015funlar\u0131 s\u00f6yledi:<\/p>\n<p style=\"text-align: justify;\">\u201cBu kat\u0131ld\u0131\u011f\u0131m son t\u00f6ren oldu. \u0130stanbul\u2019un fethinin 557. y\u0131ld\u00f6n\u00fcm\u00fc g\u00f6rkemli bir t\u00f6renle kutlad\u0131k. Bu sene format biraz daha de\u011fi\u015fikti atlar vard\u0131 ve \u00e7ok daha g\u00fczel bir program sergilendi. Eme\u011fi ge\u00e7enleri kutluyorum.Bu fetih g\u00fcn\u00fc m\u00fcnasebetiyle \u0130stanbul B\u00fcy\u00fck\u015fehir Belediyesi&#8217;nin yapt\u0131\u011f\u0131 ve ger\u00e7ekten de d\u00fcnya panoramik m\u00fczeleri i\u00e7erisinde \u00f6nemli bir yer i\u015fgal eden panoramik m\u00fczeyi \u0130stanbullular mutlaka o g\u00f6rkemi gezip g\u00f6rs\u00fcnler. \u0130stanbullular&#8217;\u0131n bu t\u00f6renlere daha \u00e7ok ilgi g\u00f6stermelerini tavsiye ediyorum. G\u00fczel hizmetlerim oldu. Benden sonra g\u00f6revi alacak \u00e7al\u0131\u015fma arkada\u015f\u0131ma, meslekta\u015f\u0131ma ba\u015far\u0131lar diliyorum. Bir n\u00f6bettir bu. Sevgili \u0130stanbullularla bir g\u00f6n\u00fcl ba\u011f\u0131m\u0131z var. \u0130stanbul sevdas\u0131 i\u00e7imizdedir. \u0130stanbul\u2019a hizmeti her zaman her yerde s\u00fcrd\u00fcrece\u011fimi ifade ediyorum. Sizlere de \u00e7ok te\u015fekk\u00fcr ediyorum\u201d dedi.<\/p>\n<p style=\"text-align: justify;\"><span style=\"color: #888888;\">Vatan<\/span><\/p>\n","protected":false},"excerpt":{"rendered":"<p style=\"text-align: center;\">\n<p style=\"text-align: justify;\">\u0130STANBUL\u2018un fethinin 557. y\u0131ld\u00f6n\u00fcm\u00fc kutlamalar\u0131 Fatih Sultan Mehmet Han\u2018\u0131n t\u00fcrbesinde t\u00f6renle ba\u015flad\u0131.<\/p>\n<p style=\"text-align: justify;\">Dualarla ba\u015flayan fetih kutlamalar\u0131 \u00e7er\u00e7evesinde Belgrad Kap\u0131\u2019da yap\u0131lan t\u00f6rende ise askerler mehteran b\u00f6l\u00fc\u011f\u00fcn\u00fcn m\u00fczi\u011fi e\u015fli\u011finde surlara huc\u00fcm etti. Bu y\u0131l ilk defa \u0130stanbul\u2019u fetheden b\u00fcy\u00fck kumandan Fatih Sultan Mehmet at\u0131yla, arkas\u0131nda Fatih\u2019in hocas\u0131 Ak\u015femsettin ve 20 <\/p>\n","protected":false},"author":1,"featured_media":0,"comment_status":"open","ping_status":"closed","sticky":false,"template":"","format":"standard","meta":{"footnotes":""},"categories":[105],"tags":[],"class_list":["post-23119","post","type-post","status-publish","format-standard","hentry","category-gundem","odd"],"_links":{"self":[{"href":"http:\/\/www.korhanyilmaz.com\/index.php?rest_route=\/wp\/v2\/posts\/23119","targetHints":{"allow":["GET"]}}],"collection":[{"href":"http:\/\/www.korhanyilmaz.com\/index.php?rest_route=\/wp\/v2\/posts"}],"about":[{"href":"http:\/\/www.korhanyilmaz.com\/index.php?rest_route=\/wp\/v2\/types\/post"}],"author":[{"embeddable":true,"href":"http:\/\/www.korhanyilmaz.com\/index.php?rest_route=\/wp\/v2\/users\/1"}],"replies":[{"embeddable":true,"href":"http:\/\/www.korhanyilmaz.com\/index.php?rest_route=%2Fwp%2Fv2%2Fcomments&post=23119"}],"version-history":[{"count":0,"href":"http:\/\/www.korhanyilmaz.com\/index.php?rest_route=\/wp\/v2\/posts\/23119\/revisions"}],"wp:attachment":[{"href":"http:\/\/www.korhanyilmaz.com\/index.php?rest_route=%2Fwp%2Fv2%2Fmedia&parent=23119"}],"wp:term":[{"taxonomy":"category","embeddable":true,"href":"http:\/\/www.korhanyilmaz.com\/index.php?rest_route=%2Fwp%2Fv2%2Fcategories&post=23119"},{"taxonomy":"post_tag","embeddable":true,"href":"http:\/\/www.korhanyilmaz.com\/index.php?rest_route=%2Fwp%2Fv2%2Ftags&post=23119"}],"curies":[{"name":"wp","href":"https:\/\/api.w.org\/{rel}","templated":true}]}}