{"id":23115,"date":"2010-05-29T16:37:48","date_gmt":"2010-05-29T13:37:48","guid":{"rendered":"http:\/\/www.korhanyilmaz.com\/?p=23115"},"modified":"2010-05-29T16:37:48","modified_gmt":"2010-05-29T13:37:48","slug":"23115","status":"publish","type":"post","link":"http:\/\/www.korhanyilmaz.com\/?p=23115","title":{"rendered":"Bozda\u011f, Ha\u015fim K\u0131l\u0131\u00e7&#8217;a sert \u00e7\u0131kt\u0131"},"content":{"rendered":"<p style=\"text-align: center;\"><a href=\"http:\/\/www.korhanyilmaz.com\/wp-content\/uploads\/2010\/05\/BOZDAG.jpg\"  class=\"lightview\"><img loading=\"lazy\" decoding=\"async\" class=\"aligncenter size-full wp-image-23114\" src=\"http:\/\/www.korhanyilmaz.com\/wp-content\/uploads\/2010\/05\/BOZDAG.jpg\" alt=\"\" width=\"346\" height=\"266\" \/><\/a><\/p>\n<p style=\"text-align: justify;\">AK Parti Grup Ba\u015fkanvekili Bekir Bozda\u011f, Anayasa Mahkemesi Ba\u015fkan\u0131 Ha\u015fim K\u0131l\u0131\u00e7&#8217;\u0131n Anayasa de\u011fi\u015fiklik paketi i\u00e7in &#8220;4-5 madde de\u011ferlendirilecek, paketin esas\u0131na girip girmemeye kurul karar verecek&#8221; a\u00e7\u0131klamas\u0131na tepki g\u00f6sterdi. Bozda\u011f, &#8220;\u0130hsas\u0131 rey&#8217;de bulunmu\u015f, su\u00e7 i\u015flemi\u015ftir&#8221; dedi.<!--more--><\/p>\n<p style=\"text-align: justify;\">AK Parti&#8217;den Anayasa Mahkemesi Ba\u015fkan\u0131 K\u0131l\u0131\u00e7&#8217;a a\u011f\u0131r ele\u015ftiri geldi.<\/p>\n<p style=\"text-align: justify;\">AK Parti Grup Ba\u015fkanvekili Bekir Bozda\u011f, Anayasa de\u011fi\u015fikli\u011fiyle ilgili Anayasa Mahkemesi Ba\u015fkan\u0131 Ha\u015fim K\u0131l\u0131\u00e7&#8217;\u0131n g\u00f6r\u00fc\u015f beyan etmesinin ihsas\u0131 rey oldu\u011funu \u00f6ne s\u00fcrerek, &#8220;Ha\u015fim K\u0131l\u0131\u00e7, ihsas\u0131 reyde bulunmu\u015f ve su\u00e7 i\u015flemi\u015ftir. Burada b\u00fcy\u00fck bir hukuk skandal\u0131 var. Anayasa Mahkemesi hukuka en fazla riayet etmesi gereken kurum&#8221; dedi.<\/p>\n<p style=\"text-align: justify;\">Bursa&#8217;da Olay Televizyonu&#8217;na canl\u0131 yay\u0131n konu\u011fu olan Bekir Bozda\u011f, Anayasa Mahkemesi Ba\u015fkan\u0131 Ha\u015fim K\u0131l\u0131\u00e7&#8217;\u0131n mahkemede g\u00f6r\u00fc\u015f\u00fclecek de\u011fi\u015fiklik paketiyle ilgili a\u00e7\u0131klamalar\u0131n\u0131 de\u011ferlendirdi. Bozda\u011f, Anayasa Mahkemesi&#8217;nin siyasi bir kurum olmad\u0131\u011f\u0131n\u0131 belirterek, &#8220;Say\u0131n Ha\u015fim K\u0131l\u0131\u00e7 bu mahkemenin ba\u015fkan\u0131d\u0131r. Mahkeme ba\u015fkanlar\u0131, kendi \u00f6n\u00fcne gelen konularda g\u00f6r\u00fc\u015f belirtmezler. \u00c7\u00fcnk\u00fc oy verecektir. M\u00fczakereye kat\u0131lacakt\u0131r, birbirini etkileyecektir. G\u00f6r\u00fc\u015f beyan etmesi ihsas\u0131 reydir. \u015eu anda Say\u0131n Ha\u015fim K\u0131l\u0131\u00e7 ihsas\u0131 reyde bulunmu\u015f ve su\u00e7 i\u015flemi\u015ftir. Kabul edilebilir bir \u015fey mi?&#8221; dedi.<\/p>\n<p style=\"text-align: justify;\">&#8220;Ceza reisinin \u00f6n\u00fcne gelecek \u00fc\u00e7 san\u0131\u011f\u0131 cezaland\u0131racam, di\u011ferini beraat ettirecem&#8221; demesinin yanl\u0131\u015f oldu\u011funu kaydeden Bekir Bozda\u011f s\u00f6zlerini \u015f\u00f6yle s\u00fcrd\u00fcrd\u00fc:<\/p>\n<p style=\"text-align: justify;\">&#8220;Burada b\u00fcy\u00fck bir hukuk skandal\u0131 var. Anayasa Mahkemesi bu hukuka en fazla riayet etmesi gereken kurum. Ba\u015fkan\u0131 da bunu hassasiyetle g\u00f6zetmesi gereken ki\u015fi. \u0130hsas\u0131 reyde bulunuyor. \u015eimdi art\u0131k anayasa de\u011fi\u015fikli\u011fi halka gidiyor. Anayasa Mahkemesi bir de\u011fi\u015fiklik halk\u0131n huzuruna gidecekse; halktan onay alacaksa, uzla\u015fmay\u0131 vatanda\u015f temin edecekse, Anayasa Mahkemesi&#8217;nin g\u00f6revi bunun halka gitmesini temin etmektir, yol kesmek de\u011fildir. Anayasa Mahkemeleri yol kesmez, yolu ba\u015fkalar\u0131 keser ama hukuka uyar.&#8221;<\/p>\n<p style=\"text-align: justify;\"><span style=\"color: #888888;\">CNN T\u00dcRK<\/span><\/p>\n","protected":false},"excerpt":{"rendered":"<p style=\"text-align: center;\">\n<p style=\"text-align: justify;\">AK Parti Grup Ba\u015fkanvekili Bekir Bozda\u011f, Anayasa Mahkemesi Ba\u015fkan\u0131 Ha\u015fim K\u0131l\u0131\u00e7&#8217;\u0131n Anayasa de\u011fi\u015fiklik paketi i\u00e7in &#8220;4-5 madde de\u011ferlendirilecek, paketin esas\u0131na girip girmemeye kurul karar verecek&#8221; a\u00e7\u0131klamas\u0131na tepki g\u00f6sterdi. Bozda\u011f, &#8220;\u0130hsas\u0131 rey&#8217;de bulunmu\u015f, su\u00e7 i\u015flemi\u015ftir&#8221; dedi.<\/p>\n","protected":false},"author":1,"featured_media":0,"comment_status":"open","ping_status":"closed","sticky":false,"template":"","format":"standard","meta":{"footnotes":""},"categories":[105],"tags":[],"class_list":["post-23115","post","type-post","status-publish","format-standard","hentry","category-gundem","odd"],"_links":{"self":[{"href":"http:\/\/www.korhanyilmaz.com\/index.php?rest_route=\/wp\/v2\/posts\/23115","targetHints":{"allow":["GET"]}}],"collection":[{"href":"http:\/\/www.korhanyilmaz.com\/index.php?rest_route=\/wp\/v2\/posts"}],"about":[{"href":"http:\/\/www.korhanyilmaz.com\/index.php?rest_route=\/wp\/v2\/types\/post"}],"author":[{"embeddable":true,"href":"http:\/\/www.korhanyilmaz.com\/index.php?rest_route=\/wp\/v2\/users\/1"}],"replies":[{"embeddable":true,"href":"http:\/\/www.korhanyilmaz.com\/index.php?rest_route=%2Fwp%2Fv2%2Fcomments&post=23115"}],"version-history":[{"count":0,"href":"http:\/\/www.korhanyilmaz.com\/index.php?rest_route=\/wp\/v2\/posts\/23115\/revisions"}],"wp:attachment":[{"href":"http:\/\/www.korhanyilmaz.com\/index.php?rest_route=%2Fwp%2Fv2%2Fmedia&parent=23115"}],"wp:term":[{"taxonomy":"category","embeddable":true,"href":"http:\/\/www.korhanyilmaz.com\/index.php?rest_route=%2Fwp%2Fv2%2Fcategories&post=23115"},{"taxonomy":"post_tag","embeddable":true,"href":"http:\/\/www.korhanyilmaz.com\/index.php?rest_route=%2Fwp%2Fv2%2Ftags&post=23115"}],"curies":[{"name":"wp","href":"https:\/\/api.w.org\/{rel}","templated":true}]}}