{"id":23109,"date":"2010-05-29T17:39:31","date_gmt":"2010-05-29T14:39:31","guid":{"rendered":"http:\/\/www.korhanyilmaz.com\/?p=23109"},"modified":"2010-05-29T17:39:31","modified_gmt":"2010-05-29T14:39:31","slug":"bakan-dincer-gaf-yapti-isciler-guzel-oldu","status":"publish","type":"post","link":"http:\/\/www.korhanyilmaz.com\/?p=23109","title":{"rendered":"Bakan Din\u00e7er gaf yapt\u0131: &#8220;\u0130\u015f\u00e7iler g\u00fczel \u00f6ld\u00fc&#8221;"},"content":{"rendered":"<p style=\"text-align: justify;\"><a href=\"http:\/\/www.korhanyilmaz.com\/wp-content\/uploads\/2010\/05\/SKG.jpg\"  class=\"lightview\"><img loading=\"lazy\" decoding=\"async\" class=\"aligncenter size-full wp-image-23110\" src=\"http:\/\/www.korhanyilmaz.com\/wp-content\/uploads\/2010\/05\/SKG.jpg\" alt=\"\" width=\"346\" height=\"266\" \/><\/a><\/p>\n<p style=\"text-align: justify;\">Madendeki patlamayla ilgili Zonguldak&#8217;ta bir yerel televizyonda konu\u015fan \u00c7al\u0131\u015fma ve Sosyal G\u00fcvenlik Bakan\u0131 \u00d6mer Din\u00e7er gaf yapt\u0131. Ocaktan \u00e7\u0131kart\u0131lan 28 cenazenin 20&#8217;sinde yan\u0131k ve ezilme olmad\u0131\u011f\u0131n\u0131 belirten Bakan Din\u00e7er, &#8220;G\u00fczel \u00f6ld\u00fcler. O konuda ben ac\u0131 \u00e7ekmediklerini ve fizik olarak da g\u00fczel \u00f6ld\u00fcklerini rahatl\u0131kla s\u00f6yleyebilirim&#8221; dedi.<!--more--><\/p>\n<p style=\"text-align: justify;\">Ge\u00e7en per\u015fembe ak\u015fam\u0131 Zonguldak&#8217;ta yerel yay\u0131n yapan 67 TV&#8217;deki &#8216;Analiz \u00d6zel&#8217; program\u0131na konuk olan Bakan \u00d6mer Din\u00e7er, T\u00fcrkiye Ta\u015fk\u00f6m\u00fcr\u00fc Kurumu (TTK) Karadon M\u00fcessese M\u00fcd\u00fcrl\u00fc\u011f\u00fc&#8217;ne ait maden oca\u011f\u0131nda 17 May\u0131s&#8217;ta meydana gelen grizu facias\u0131 ve sonras\u0131nda ya\u015fananlar\u0131 de\u011ferlendirdi.<\/p>\n<p style=\"text-align: justify;\">&#8220;Cesetlere bak\u0131ld\u0131\u011f\u0131nda yanma, par\u00e7alanma var m\u0131yd\u0131?&#8221; sorusu \u00fczerine Bakan Din\u00e7er, &#8220;\u0130lk 19- 20 cesedimizde bahsetti\u011finiz t\u00fcrden herhangi bir \u015fey yoktu. G\u00fczel \u00f6ld\u00fcler. O konuda ben ac\u0131 \u00e7ekmediklerini ve fizik olarak da g\u00fczel \u00f6ld\u00fcklerini buradan rahatl\u0131kla s\u00f6yleyebilirim&#8221; yan\u0131t\u0131n\u0131 verdi.<\/p>\n<p style=\"text-align: justify;\">Di\u011fer 8 cesette de g\u00f6\u00e7\u00fck alt\u0131nda kalmad\u0131klar\u0131 i\u00e7in ezilmenin s\u00f6z konusu olmad\u0131\u011f\u0131n\u0131 anlatan Bakan Din\u00e7er, &#8220;8 i\u015f\u00e7imizde hafif yan\u0131klar vard\u0131. Kimlik tespitinde baz\u0131 sorunlar ya\u015fayaca\u011f\u0131m\u0131z kadar bir sorun vard\u0131. Ama di\u011ferleri gayet iyiydi. Nitekim ilk \u00e7\u0131kard\u0131\u011f\u0131m\u0131z 20 ki\u015finin kimlik tespitinde sorun \u00e7\u0131kmad\u0131. Di\u011ferleriyle ilgili DNA testine ba\u015fvurmak zorunda kald\u0131k. B\u00fct\u00fcn i\u015f\u00e7ilerimizi ailelerine teslim ettik. Hepsi defnedildi. Hepsi huzur i\u00e7indeler&#8221; dedi.<\/p>\n<p style=\"text-align: justify;\">Bakan Din\u00e7er, \u00f6len 30 madenciden 2&#8217;sine hen\u00fcz ula\u015famad\u0131klar\u0131n\u0131 s\u00f6ylerken, &#8220;G\u00f6\u00e7\u00fck alt\u0131nda olduklar\u0131n\u0131 tahmin ediyoruz. Onlara da ula\u015fabilmek i\u00e7in \u00e7aba harc\u0131yoruz&#8221; diye konu\u015ftu.<\/p>\n<p style=\"text-align: justify;\"><strong>Gaz maskesi ve \u0131slak mendil <\/strong><\/p>\n<p style=\"text-align: justify;\">Grizu facias\u0131 s\u0131ras\u0131nda gaz maskesi bulunup bulunmad\u0131\u011f\u0131 sorulunca da Bakan \u00d6mer Din\u00e7er, &#8220;Orada maskeler bulundu. Ama o s\u0131rada i\u015f\u00e7ilerimizin \u00fczerinde de\u011fildi. Tahminimize g\u00f6re patlaman\u0131n etkisiyle savrulmu\u015ftu, bir\u00e7ok \u015fey bildi\u011finiz gibi. Bildi\u011fim kadar\u0131yla maske vard\u0131 diye tahmin ediyoruz&#8221; dedi.<\/p>\n<p style=\"text-align: justify;\">\u00d6len madencilerin a\u011f\u0131zlar\u0131n\u0131 \u0131slak mendille kapat\u0131klar\u0131 hat\u0131rlat\u0131l\u0131nca da Bakan Din\u00e7er, &#8220;Evet bu bilgi do\u011fru. O esnada arkadalar\u0131m\u0131z maskelerini kullanm\u0131yordu. \u00c7\u00fcnk\u00fc gaz de\u011ferleri normalle\u015fmeye ba\u015flam\u0131\u015ft\u0131. Ama o maskelerin olmad\u0131\u011f\u0131 anlam\u0131na gelmiyor&#8221; diye konu\u015ftu.<\/p>\n<p style=\"text-align: justify;\">Patlaman\u0131n acemi i\u015f\u00e7ilerden dolay\u0131 ya\u015fanmad\u0131\u011f\u0131n\u0131 vurgulayan Bakan Din\u00e7er, &#8220;\u00d6lenlerin i\u00e7inde TTK&#8217;dan emekli 5 ki\u015fi var. Yine bunlar\u0131n d\u0131\u015f\u0131nda 5-6 y\u0131ld\u0131r \u00e7al\u0131\u015fanlar var. En az \u00e7al\u0131\u015fanlar\u0131n 261, 712, 836 ve 908 g\u00fcnl\u00fck \u00f6denmi\u015f primleri var&#8221; dedi.<\/p>\n<p style=\"text-align: justify;\"><strong>&#8220;Kazan\u0131n nedeni tespit edilemedi&#8221; <\/strong><\/p>\n<p style=\"text-align: justify;\">Kazan\u0131n neden kaynakland\u0131\u011f\u0131n\u0131n tespitinin hen\u00fcz yap\u0131lmad\u0131\u011f\u0131n\u0131 ifade eden Bakan Din\u00e7er, yerin 540 metre alt\u0131ndaki 2 i\u015f\u00e7iye ula\u015fmak i\u00e7in g\u00f6\u00e7\u00fck a\u00e7ma \u00e7al\u0131\u015fmalar\u0131n\u0131n devam etti\u011fini belirtti.<\/p>\n<p style=\"text-align: justify;\">Patlaman\u0131n hemen \u00f6ncesinde saat 13.03&#8217;te ocakta metan gaz\u0131 tespit edildi\u011fini vurgulayan Bakan Din\u00e7er, &#8220;Saat 13.24&#8217;te gaz normal de\u011fere d\u00fc\u015fmeye ba\u015fl\u0131yor. Fakat 13.28&#8217;de patlama meydana gelmi\u015f. Gaz \u00f6l\u00e7\u00fcmlerinin hepsi bilgisayar kay\u0131tlar\u0131nda var. Patlamadan sonra da gaz de\u011ferleri y\u00fcksekti&#8221; diye konu\u015ftu.<\/p>\n<p style=\"text-align: justify;\">T\u00fcrkiye&#8217;de i\u015f kazalar\u0131yla ilgili ulusal bir sorun bulundu\u011funu kaydeden Din\u00e7er, &#8220;\u00d6nce te\u015fhisi do\u011fru koymak laz\u0131m. \u00d6zellikle muhalefet edenler sorunu genelliyor. \u015eunu s\u00f6ylerseniz insanlar\u0131 yanl\u0131\u015f bilgilendirirsiniz; &#8216;Buray\u0131 ta\u015ferona verdiniz, kaza oldu.&#8217; Bu kesinlikle yanl\u0131\u015f bir tespittir. T\u00fcrkiye&#8217;de sendikalar, \u00f6zel sekt\u00f6rde \u00f6rg\u00fctlenemedikleri i\u00e7in ta\u015feronluk sistemine kar\u015f\u0131 \u00e7\u0131k\u0131yor. 5 y\u0131l\u0131 a\u015fk\u0131n s\u00fcredir galeri a\u00e7ma i\u015fini ta\u015feron yapmaktayd\u0131. Kuyu a\u00e7ma i\u015fi bile ta\u015ferona verilmi\u015fti&#8221; dedi.<\/p>\n<p style=\"text-align: justify;\"><strong>&#8220;\u00d6zel sekt\u00f6rde daha az kaza oluyor&#8221; <\/strong><\/p>\n<p style=\"text-align: justify;\">\u00d6zel sekt\u00f6rde meydana gelen kazalar\u0131n kamudan daha d\u00fc\u015f\u00fck oldu\u011fu g\u00f6r\u00fc\u015f\u00fcn\u00fc savunan Bakan Din\u00e7er, \u00f6nlem al\u0131nmas\u0131 konusunda sadece bakanl\u0131\u011f\u0131n sorumlu olmad\u0131\u011f\u0131n\u0131 da s\u00f6yledi.<\/p>\n<p style=\"text-align: justify;\">Bakan Din\u00e7er, &#8220;Sadece bakanl\u0131\u011f\u0131m\u0131z sorumlu olamaz. Meslek odalar\u0131 ne i\u015f yap\u0131yor. Sendika, sadece i\u015fverenlerle \u00fccret pazarl\u0131\u011f\u0131 yapmamal\u0131. Kamu da bu i\u015f \u00fczerinden siyaset yapmamal\u0131. Konuyla ilgili b\u00fct\u00fcn akt\u00f6rler sorumluluk almal\u0131. Ben koordinasyon konusunda \u00fczerime d\u00fc\u015feni yapmaya haz\u0131r\u0131m&#8221; diye konu\u015ftu.<\/p>\n<p style=\"text-align: justify;\">\u0130\u015f g\u00fcvenli\u011fi uzmanlar\u0131n\u0131 yeterince yeti\u015ftiremediklerini de belirten Bakan Din\u00e7er, &#8220;Ben bakan olduktan sonra i\u015f g\u00fcvenli uzman\u0131 yeti\u015ftirmek i\u00e7in y\u00f6netmelik \u00e7\u0131kard\u0131m. \u00dcniversitelerde i\u015f g\u00fcvenli\u011fiyle ilgili e\u011fitim verilmesi i\u00e7in. Bize T\u00fcrk Tabipler Birli\u011fi kar\u015f\u0131 \u00e7\u0131kt\u0131. Mahkemeye verdiler, kar\u015f\u0131m\u0131za yarg\u0131 \u00e7\u0131kt\u0131, &#8216;yapamazs\u0131n\u0131z&#8217; dediler. Gerek\u00e7e ise stat\u00fckoyu korumakla alakal\u0131. Asl\u0131nda bu tav\u0131r ideolojiktir&#8221; dedi.<\/p>\n<p style=\"text-align: justify;\"><span style=\"color: #888888;\">CNN T\u00dcRK<\/span><\/p>\n","protected":false},"excerpt":{"rendered":"<p style=\"text-align: justify;\">\n<p style=\"text-align: justify;\">Madendeki patlamayla ilgili Zonguldak&#8217;ta bir yerel televizyonda konu\u015fan \u00c7al\u0131\u015fma ve Sosyal G\u00fcvenlik Bakan\u0131 \u00d6mer Din\u00e7er gaf yapt\u0131. Ocaktan \u00e7\u0131kart\u0131lan 28 cenazenin 20&#8217;sinde yan\u0131k ve ezilme olmad\u0131\u011f\u0131n\u0131 belirten Bakan Din\u00e7er, &#8220;G\u00fczel \u00f6ld\u00fcler. O konuda ben ac\u0131 \u00e7ekmediklerini ve fizik olarak da g\u00fczel \u00f6ld\u00fcklerini rahatl\u0131kla s\u00f6yleyebilirim&#8221; dedi.<\/p>\n","protected":false},"author":1,"featured_media":0,"comment_status":"open","ping_status":"closed","sticky":false,"template":"","format":"standard","meta":{"footnotes":""},"categories":[105],"tags":[],"class_list":["post-23109","post","type-post","status-publish","format-standard","hentry","category-gundem","odd"],"_links":{"self":[{"href":"http:\/\/www.korhanyilmaz.com\/index.php?rest_route=\/wp\/v2\/posts\/23109","targetHints":{"allow":["GET"]}}],"collection":[{"href":"http:\/\/www.korhanyilmaz.com\/index.php?rest_route=\/wp\/v2\/posts"}],"about":[{"href":"http:\/\/www.korhanyilmaz.com\/index.php?rest_route=\/wp\/v2\/types\/post"}],"author":[{"embeddable":true,"href":"http:\/\/www.korhanyilmaz.com\/index.php?rest_route=\/wp\/v2\/users\/1"}],"replies":[{"embeddable":true,"href":"http:\/\/www.korhanyilmaz.com\/index.php?rest_route=%2Fwp%2Fv2%2Fcomments&post=23109"}],"version-history":[{"count":0,"href":"http:\/\/www.korhanyilmaz.com\/index.php?rest_route=\/wp\/v2\/posts\/23109\/revisions"}],"wp:attachment":[{"href":"http:\/\/www.korhanyilmaz.com\/index.php?rest_route=%2Fwp%2Fv2%2Fmedia&parent=23109"}],"wp:term":[{"taxonomy":"category","embeddable":true,"href":"http:\/\/www.korhanyilmaz.com\/index.php?rest_route=%2Fwp%2Fv2%2Fcategories&post=23109"},{"taxonomy":"post_tag","embeddable":true,"href":"http:\/\/www.korhanyilmaz.com\/index.php?rest_route=%2Fwp%2Fv2%2Ftags&post=23109"}],"curies":[{"name":"wp","href":"https:\/\/api.w.org\/{rel}","templated":true}]}}