{"id":23104,"date":"2010-05-29T18:38:09","date_gmt":"2010-05-29T15:38:09","guid":{"rendered":"http:\/\/www.korhanyilmaz.com\/?p=23104"},"modified":"2010-05-29T18:38:09","modified_gmt":"2010-05-29T15:38:09","slug":"chp-myk-listesinde-gursel-tekin-yok","status":"publish","type":"post","link":"http:\/\/www.korhanyilmaz.com\/?p=23104","title":{"rendered":"CHP MYK listesinde G\u00fcrsel Tekin yok"},"content":{"rendered":"<p><a href=\"http:\/\/www.korhanyilmaz.com\/wp-content\/uploads\/2010\/05\/0033.jpg\"  class=\"lightview\"><img loading=\"lazy\" decoding=\"async\" class=\"aligncenter size-full wp-image-23105\" src=\"http:\/\/www.korhanyilmaz.com\/wp-content\/uploads\/2010\/05\/0033.jpg\" alt=\"\" width=\"292\" height=\"200\" \/><\/a><\/p>\n<p style=\"text-align: justify;\">CHP Parti Meclisi (PM), 22-23 May\u0131s&#8217;ta yap\u0131lan 33. Ola\u011fan Kurultay\u0131&#8217;n\u0131n ard\u0131ndan ilk kez topland\u0131. CHP&#8217;de Merkez Y\u00f6netim Kurulu listesi belli oldu. CHP \u0130stanbul \u0130l Ba\u015fkan\u0131 G\u00fcrsel Tekin haz\u0131rlanan listede yer almad\u0131&#8230;<!--more--><\/p>\n<p style=\"text-align: justify;\">Ad\u0131 kulislerde CHP Merkez Y\u00f6netim Kurulu (MYK) \u00fcyeleri aras\u0131nda ge\u00e7en ancak listeye giremeyen Tekin, Genel Merkeze gelerek, Genel Ba\u015fkan Kemal K\u0131l\u0131\u00e7daro\u011flu ile g\u00f6r\u00fc\u015ft\u00fc.<\/p>\n<p style=\"text-align: justify;\">G\u00f6r\u00fc\u015fmenin ard\u0131ndan gazetecilere a\u00e7\u0131klama yapan Tekin, &#8220;MYK&#8217;da yer almamas\u0131n\u0131n kendisi a\u00e7\u0131s\u0131ndan s\u00fcrpriz olup olmad\u0131\u011f\u0131 ve bundan sonra nas\u0131l bir yol izleyece\u011fi&#8221; sorusu \u00fczerine, &#8220;Elbette Say\u0131n Genel Ba\u015fkan\u0131m\u0131z\u0131n haz\u0131rlam\u0131\u015f oldu\u011fu bir liste vard\u0131, kendisinin \u00e7al\u0131\u015fabilece\u011fi bir ekiptir, buna da sayg\u0131 duyar\u0131z. B\u00fct\u00fcn arkada\u015flar\u0131m\u0131z son derece beceriklidir, hi\u00e7bir sorun yok. Takdir Genel Ba\u015fkan\u0131m\u0131z\u0131nd\u0131r. Kendisine ve arkada\u015flar\u0131m\u0131za da ba\u015far\u0131lar diledik. Say\u0131n Genel Ba\u015fkan\u0131m\u0131zla veya arkada\u015flar\u0131m\u0131zla bizim ki\u015fisel bir sorunumuz olmaz. Biz, hayat\u0131m\u0131z\u0131n her alan\u0131nda partimizin bir an \u00f6nce iktidar olmas\u0131 i\u00e7in m\u00fccadele etmi\u015fizdir. Ben, bir nefer olarak da olsam herhangi bir makam, mevki olmadan da Say\u0131n Genel Ba\u015fkan\u0131n yan\u0131nda her zaman duraca\u011f\u0131m, bunu herkesin bilmesi gerekiyor. \u015eimdi Say\u0131n Genel Ba\u015fkan ile g\u00f6r\u00fc\u015ft\u00fcm, \u0130stanbul&#8217;a d\u00f6n\u00fcyorum&#8221; dedi.<\/p>\n<p style=\"text-align: justify;\">Tekin, &#8220;\u0130stanbul&#8217;a d\u00f6n\u00fcyorum derken, \u0130stanbul \u0130l Ba\u015fkanl\u0131\u011f\u0131na devam edecek misiniz&#8221; sorusunu yan\u0131tlarken, kendisinin her t\u00fcrl\u00fc g\u00f6reve haz\u0131r oldu\u011funu ifade etti.<\/p>\n<p style=\"text-align: justify;\">&#8220;Parti Meclisinden istifa edecek misiniz&#8221; sorusuna Tekin, &#8220;Say\u0131n Genel Ba\u015fkan\u0131m\u0131z uygun g\u00f6r\u00fcrse yapar\u0131m&#8221; kar\u015f\u0131l\u0131\u011f\u0131n\u0131 verdi.<\/p>\n<p style=\"text-align: justify;\">Tekin, CHP Genel Sekreteri \u00d6nder Sav ile aralar\u0131nda herhangi bir k\u0131rg\u0131nl\u0131k olup olmad\u0131\u011f\u0131 sorusu \u00fczerine de &#8220;Hay\u0131r, hi\u00e7 kimseyle&#8230; 25 y\u0131ld\u0131r siyaset yap\u0131yorum, hayat\u0131m\u0131n hi\u00e7bir alan\u0131nda, hi\u00e7bir partili arkada\u015f\u0131mla k\u0131rg\u0131nl\u0131\u011f\u0131m olmam\u0131\u015ft\u0131r. Yar\u0131n da olmayacakt\u0131r, bu bir siyasi yar\u0131\u015ft\u0131r, gayet normaldir. Benim hi\u00e7 kimseyle bir k\u0131rg\u0131nl\u0131\u011f\u0131m s\u00f6z konusu de\u011fil. Say\u0131n Genel Ba\u015fkan\u0131mla ben b\u00fct\u00fcn d\u00fc\u015f\u00fcncelerimi payla\u015ft\u0131m, Say\u0131n Genel Ba\u015fkan\u0131m benim \u0130stanbul&#8217;a gitmemi \u00f6nerdi, \u0130stanbul&#8217;a gidiyorum&#8221; diye konu\u015ftu.<\/p>\n<p style=\"text-align: justify;\">Tekin, gazetecilerin &#8220;\u0130stanbul&#8217;a gidi\u015fi, \u0130stanbul \u0130l Ba\u015fkanl\u0131\u011f\u0131na devam edeceksiniz diye yorumlad\u0131k&#8221; s\u00f6zleri \u00fczerine, &#8220;Nas\u0131l yorumlarsan\u0131z, bilmiyorum&#8221; kar\u015f\u0131l\u0131\u011f\u0131n\u0131 verdi.<\/p>\n<p style=\"text-align: justify;\"><strong>CHP&#8217;de g\u00f6rev da\u011f\u0131l\u0131m\u0131 <\/strong><\/p>\n<p style=\"text-align: justify;\">CHP Merkez Y\u00f6netim Kurulu&#8217;nun (MYK) ilk toplant\u0131s\u0131nda g\u00f6rev da\u011f\u0131l\u0131m\u0131 yap\u0131ld\u0131.<\/p>\n<p style=\"text-align: justify;\">Hakk\u0131 Suha Okay toplant\u0131n\u0131n ard\u0131ndan d\u00fczenledi\u011fi bas\u0131n toplant\u0131s\u0131nda, MYK&#8217;n\u0131n PM \u00fcyelerinin oy birli\u011fiyle se\u00e7ildi\u011fini, Genel Sekreterli\u011fe getirilen \u00d6nder Sav&#8217;\u0131n 75, Genel Saymanl\u0131\u011fa se\u00e7ilen Faik \u00d6ztrak&#8217;\u0131n ise 74 oy ald\u0131\u011f\u0131n\u0131, Sav&#8217;a 6, \u00d6ztrak&#8217;a ise 7 ge\u00e7ersiz oy \u00e7\u0131kt\u0131\u011f\u0131n\u0131 kaydetti. Buna g\u00f6re MYK \u015fu isimlerden olu\u015ftu:<\/p>\n<p style=\"text-align: justify;\">&#8220;\u00d6nder Sav, S\u00fcheyl Batum, G\u00fcls\u00fcn Bilgehan, Gaye Erbatur, Mevl\u00fct Co\u015fkuner, Turgut Dibek, Mahmut Duyman, G\u00f6khan G\u00fcnayd\u0131n, H\u00fcseyin Karako\u00e7, Ali Ko\u00e7al, Abdullah \u00d6zer, Berhan \u015eim\u015fek, \u0130zzet \u00c7etin, Tekin Bing\u00f6l, Haluk Ko\u00e7, \u015eahin Meng\u00fc, Hakk\u0131 Suha Okay, Umut Oran, Faik \u00d6ztrak, Abd\u00fclrezzak Erten&#8221;.<\/p>\n<p style=\"text-align: justify;\">G\u00fcrsel Tekin&#8217;in yorumu<\/p>\n<p style=\"text-align: justify;\">G\u00fcrsel Tekin, MYK&#8217;da yer almamas\u0131yla ilgili olarak &#8220;Say\u0131n Genel Ba\u015fkan b\u00f6yle takdir buyurdu. Bize de destek vermek d\u00fc\u015fer&#8221; dedi.<\/p>\n<p style=\"text-align: justify;\">&#8220;PM&#8217;den istifan\u0131z s\u00f6z konusu mu&#8221; sorusuna Tekin, &#8220;\u015eu an bir \u015fey yok&#8221; yan\u0131t\u0131n\u0131 verdi.<\/p>\n<p style=\"text-align: justify;\">MYK&#8217;daki g\u00f6revlendirme \u015f\u00f6yle:<\/p>\n<p style=\"text-align: justify;\">Hakk\u0131 Suha Okay &#8211; \u00d6rg\u00fct, TBMM ve Bas\u0131nla \u0130li\u015fkilerden Sorumlu Genel Ba\u015fkan Yard\u0131mc\u0131s\u0131<\/p>\n<p style=\"text-align: justify;\">Haluk Ko\u00e7 &#8211; Sivil Toplum Kurulu\u015flar\u0131, Meslek Odalar\u0131 ve Yurtd\u0131\u015f\u0131 \u0130li\u015fkilerden Sorumlu Genel Ba\u015fkan Yard\u0131mc\u0131s\u0131<\/p>\n<p style=\"text-align: justify;\">Nevin Gaye Erbatur &#8211; Parti \u0130\u00e7i E\u011fitim ve Yard\u0131mc\u0131 Kollardan Sorumlu Genel Ba\u015fkan Yard\u0131mc\u0131s\u0131<\/p>\n<p style=\"text-align: justify;\">Umut Oran &#8211; \u0130\u015f, \u00c7al\u0131\u015fma Hayat\u0131 ve Halkla \u0130li\u015fkilerden Sorumlu Genel Ba\u015fkan Yard\u0131mc\u0131s\u0131<\/p>\n<p style=\"text-align: justify;\">Tekin Bing\u00f6l &#8211; \u00dcye Yaz\u0131m Birimi ve \u00d6rg\u00fct \u0130li\u015fkilerinden Sorumlu Genel Sekreter Yard\u0131mc\u0131s\u0131<\/p>\n<p style=\"text-align: justify;\">G\u00f6khan G\u00fcnayd\u0131n &#8211; MYK Sekreteryas\u0131, Meslek Kurulu\u015flar\u0131yla \u0130li\u015fkiler ve MYK Raport\u00f6rl\u00fc\u011f\u00fcnden Sorumulu Genel Sekreter Yard\u0131mc\u0131s\u0131<\/p>\n<p style=\"text-align: justify;\">G\u00fcls\u00fcn Bilgehan &#8211; Yurtd\u0131\u015f\u0131 ili\u015fkiler, Yurtd\u0131\u015f\u0131 CHP B\u00fcrolar\u0131 ile \u0130li\u015fkiler, Yurti\u00e7i Siyaset \u0130zlenmesinden Sorumlu Genel Sekreter Yard\u0131mc\u0131s\u0131<\/p>\n<p style=\"text-align: justify;\">Abd\u00fclrezzak Erten &#8211; Halkla \u0130li\u015fkiler ve Yard\u0131mc\u0131 Kollardan Sorumlu Genel Sekreter Yard\u0131mc\u0131s\u0131<\/p>\n<p style=\"text-align: justify;\">Okay, PM \u00fcyesi Prof. Dr. Sencer Ayata&#8217;n\u0131n Bilim, Y\u00f6netim, K\u00fclt\u00fcr Platformu Ba\u015fkanl\u0131\u011f\u0131&#8217;na, Orhan Eraslan&#8217;\u0131n Y\u00fcksek Disiplin Kurulu Ba\u015fkanl\u0131\u011f\u0131&#8217;na, Orhan Akbulut&#8217;un Y\u00fcksek Disiplin Kurulu Ba\u015fkan Yard\u0131mc\u0131l\u0131\u011f\u0131&#8217;na, Selahattin \u00d6cal&#8217;\u0131n da Y\u00fcksek Disiplin Kurulu Sekreterli\u011fi&#8217;ne se\u00e7ildiklerini aktard\u0131.<\/p>\n<p style=\"text-align: justify;\"><strong>\u0130tiraz \u00e7\u0131kmad\u0131, sonu\u00e7 kesinle\u015fti <\/strong><\/p>\n<p style=\"text-align: justify;\">CHP Genel Ba\u015fkan Yard\u0131mc\u0131s\u0131 Hakk\u0131 Suha Okay, CHP Kurultay\u0131&#8217;n\u0131n ard\u0131ndan il\u00e7e se\u00e7im kuruluna s\u00fcresi i\u00e7inde bir itirazda bulunulmad\u0131\u011f\u0131ndan se\u00e7im sonu\u00e7lar\u0131n\u0131n kesinle\u015fti\u011fini belirtti.<\/p>\n<p style=\"text-align: justify;\">CHP Merkez Y\u00f6netim Kurulu&#8217;nun (MYK) ilk toplant\u0131s\u0131nda g\u00f6rev da\u011f\u0131l\u0131m\u0131 yap\u0131ld\u0131. Genel Ba\u015fkan Yard\u0131mc\u0131l\u0131\u011f\u0131na getirilen Hakk\u0131 Suha Okay, toplant\u0131n\u0131n ard\u0131ndan d\u00fczenledi\u011fi bas\u0131n toplant\u0131s\u0131nda gazetecilerin sorular\u0131n\u0131 da yan\u0131tlad\u0131.<\/p>\n<p style=\"text-align: justify;\">Okay, Parti Meclisi \u00fcyesi olan G\u00fcrsel Tekin&#8217;in MYK&#8217;da yer almad\u0131\u011f\u0131n\u0131 hat\u0131rlat\u0131larak y\u00f6neltilen, &#8220;Parti Meclisi \u00fcyesi oldu\u011fu i\u00e7in de il ba\u015fkanl\u0131\u011f\u0131na devam edemeyecek. Nas\u0131l bir \u00e7\u00f6z\u00fcm \u00f6ng\u00f6r\u00fcyorsunuz?&#8221; sorusuna, &#8220;\u015eu an Say\u0131n Tekin Parti Meclisi \u00fcyemizdir. Sizin ifade etti\u011finiz gibi \u00e7\u00f6z\u00fcm\u00fc gerektiren bir sorun da bulunmamaktad\u0131r. Say\u0131n Tekin g\u00f6revinin ba\u015f\u0131ndad\u0131r&#8221; kar\u015f\u0131l\u0131\u011f\u0131n\u0131 verdi.<\/p>\n<p style=\"text-align: justify;\">Okay, G\u00fcrsel Tekin&#8217;in \u0130stanbul il ba\u015fkanl\u0131\u011f\u0131na geri d\u00f6nmesine s\u0131cak bak\u0131p bakmad\u0131\u011f\u0131n\u0131n sorulmas\u0131 \u00fczerine de herkesin partide bir g\u00f6rev \u00fcstlendi\u011fini, Tekin&#8217;in de PM \u00fcyeli\u011fi yapt\u0131\u011f\u0131n\u0131 ve PM&#8217;nin kurultaydan sonra en y\u00fcksek karar organ\u0131 oldu\u011funu belirtti.<\/p>\n<p style=\"text-align: justify;\">PM toplant\u0131s\u0131ndan d\u0131\u015far\u0131ya yans\u0131yan\u0131n &#8220;Tekin&#8217;in tekrar \u0130stanbul \u0130l Ba\u015fkanl\u0131\u011f\u0131&#8217;na d\u00f6nmesi oldu\u011funun&#8221; ifade edilmesi \u00fczerine ise Okay, &#8220;\u015eu an Say\u0131n G\u00fcrsel Tekin Parti Meclisi \u00fcyemizdir&#8221; dedi.<\/p>\n<p style=\"text-align: justify;\">Okay, baz\u0131 PM \u00fcyelerinin \u00fcyeliklerine yap\u0131lan itiraz\u0131n an\u0131msat\u0131lmas\u0131 \u00fczerine ise \u015funlar\u0131 s\u00f6yledi:<\/p>\n<p style=\"text-align: justify;\">&#8220;\u00d6nceki Merkez Y\u00f6netim Kurulu taraf\u0131ndan bir tasarruf ger\u00e7ekle\u015ftirilmi\u015ftir. Daha sonra bu tasarrufla ilgili kimi de\u011ferlendirmeler bas\u0131na yans\u0131m\u0131\u015ft\u0131r, ancak CHP kurultay\u0131 \u00c7ankaya \u0130l\u00e7e 4. Se\u00e7im Kurulu taraf\u0131ndan yap\u0131lm\u0131\u015f ve il\u00e7e se\u00e7im kuruluna s\u00fcresi i\u00e7inde herhangi bir itiraz gelmemi\u015ftir. Bu haliyle se\u00e7im sonu\u00e7lar\u0131 kesinle\u015fmi\u015ftir ve kesinle\u015fmi\u015f olan bu se\u00e7im sonu\u00e7lar\u0131na g\u00f6re art\u0131k \u00fcyeliklerin tart\u0131\u015f\u0131lmas\u0131 s\u00f6z konusu de\u011fildir.&#8221;<\/p>\n<p style=\"text-align: justify;\"><strong>G\u00f6lge kabine kurulacak <\/strong><\/p>\n<p style=\"text-align: justify;\">Okay, bir ba\u015fka soruyu yan\u0131tlarken de &#8220;g\u00f6lge kabine olu\u015fturulmas\u0131&#8221; y\u00f6n\u00fcnde bir \u00e7al\u0131\u015fmalar\u0131 olaca\u011f\u0131n\u0131 belirtti. PM \u00fcyeleri, milletvekilleri ve katk\u0131 vermek isteyen CHP&#8217;lilerden olu\u015facak bir kadronun b\u00f6yle bir sorumluluk \u00fcstlenece\u011fini a\u00e7\u0131klayan Okay, bu ki\u015filerin ilgi ve ihtisas alanlar\u0131na g\u00f6re \u00e7al\u0131\u015facaklar\u0131n\u0131 ifade etti.<\/p>\n<p style=\"text-align: justify;\">Genel Ba\u015fkan Kemal K\u0131l\u0131\u00e7daro\u011flu&#8217;nun &#8220;yak\u0131n zamanda yeni dosyalar a\u00e7\u0131klayaca\u011f\u0131n\u0131&#8221; s\u00f6yledi\u011fini ifade eden bir gazetecinin &#8220;Yar\u0131n \u00c7orum&#8217;a gidiyorsunuz, b\u00f6yle bir \u015fey beklemeli miyiz?&#8221; sorusunu da Okay, &#8220;Bu t\u00fcr ziyaretlerde dosya a\u00e7\u0131klam\u0131yoruz&#8221; diye yan\u0131tlad\u0131.<\/p>\n<p style=\"text-align: justify;\">Okay, K\u0131l\u0131\u00e7daro\u011flu&#8217;nun yar\u0131n \u00c7orum&#8217;a gidece\u011fini, gelecek hafta ise Tekirda\u011f, Edirne ve \u00c7anakkale illerini kapsayan bir ziyaret ger\u00e7ekle\u015ftirece\u011fini s\u00f6yledi.<\/p>\n<p style=\"text-align: justify;\"><strong>Sav&#8217;\u0131n yorumu <\/strong><\/p>\n<p style=\"text-align: justify;\">Sav, Parti Meclisi&#8217;nin (PM) ilk toplant\u0131s\u0131n\u0131n ard\u0131ndan gazetecilerin sorular\u0131n\u0131 yan\u0131tlad\u0131.<\/p>\n<p style=\"text-align: justify;\">Bir CHP&#8217;linin PM&#8217;ye se\u00e7ilen d\u00f6rt \u00fcyenin parti \u00fcyesi olmad\u0131klar\u0131 iddias\u0131yla Yarg\u0131tay Cumhuriyet Ba\u015fsavc\u0131l\u0131\u011f\u0131 ve \u00c7ankaya \u0130l\u00e7e Se\u00e7im Kuruluna yapt\u0131\u011f\u0131 itiraza ili\u015fkin soru \u00fczerine Sav, itiraz\u0131n yasal s\u00fcrenin tamamlanmas\u0131n\u0131n ard\u0131ndan yap\u0131ld\u0131\u011f\u0131n\u0131, mahiyeti konusunda ayr\u0131nt\u0131l\u0131 bilgisi olmad\u0131\u011f\u0131n\u0131 kaydetti.<\/p>\n<p style=\"text-align: justify;\">Sav, 31 May\u0131s Pazartesi g\u00fcn\u00fcnden sonra konuya ili\u015fkin daha ayr\u0131nt\u0131l\u0131 bilgi sahibi olabilece\u011fini s\u00f6yledi.<\/p>\n<p style=\"text-align: justify;\">Sav, ad\u0131 kulislerde MYK \u00fcyeleri aras\u0131nda ge\u00e7en ancak listede yer alamayan G\u00fcrsel Tekin&#8217;e ili\u015fkin bir soruyu yan\u0131tlarken de &#8220;Parti Meclisi de\u011ferlendirmesini yapt\u0131. Merkez Y\u00f6netim Kurulu&#8217;nu se\u00e7ti. Her bir arkada\u015f\u0131m\u0131z bizim i\u00e7in de\u011ferlidir. 80 arkada\u015f\u0131m\u0131z\u0131n i\u00e7inde 20 ki\u015finin aras\u0131nda yer alacak pek \u00e7ok arkada\u015f\u0131m\u0131z var. Bireylere indirgenerek CHP&#8217;de siyaset olmaz. CHP k\u00f6kl\u00fc ve y\u00f6n\u00fcn\u00fc \u00e7a\u011fda\u015fl\u0131\u011fa d\u00f6nm\u00fc\u015f bir partidir. Ki\u015filere y\u00f6nelik sorular\u0131 kabul etmek istemem&#8221; dedi.<\/p>\n<p style=\"text-align: justify;\">\u00d6nder Sav, G\u00fcrsel Tekin&#8217;in PM \u00fcyesi olmas\u0131 nedeniyle il ba\u015fkanl\u0131\u011f\u0131n\u0131n bo\u015fald\u0131\u011f\u0131n\u0131n hat\u0131rlat\u0131lmas\u0131 \u00fczerine ise g\u00f6rev b\u00f6l\u00fcm\u00fc yapacak olan MYK&#8217;n\u0131n il ba\u015fkanl\u0131klar\u0131na ili\u015fkin gerekli d\u00fczenlemeleri gelecek s\u00fcre\u00e7te yapaca\u011f\u0131n\u0131 ifade etti.<\/p>\n<p style=\"text-align: justify;\"><strong>\u00d6ncesinde An\u0131tkabir ziyaret edildi <\/strong><\/p>\n<p style=\"text-align: justify;\">CHP Genel Ba\u015fkan\u0131 Kemal K\u0131l\u0131\u00e7daro\u011flu ba\u015fkanl\u0131\u011f\u0131ndaki yeni Parti Meclisi ve Y\u00fcksek Disiplin Kurulu \u00fcyeleri An\u0131tkabir&#8217;i ziyaret etti.<\/p>\n<p style=\"text-align: justify;\">K\u0131l\u0131\u00e7daro\u011flu ve beraberindekiler Atat\u00fcrk&#8217;\u00fcn mozolesine \u00e7elenk koyarak, sayg\u0131 duru\u015funda bulundu.<\/p>\n<p style=\"text-align: justify;\">Heyetin Misak-\u0131 Milli Kulesi&#8217;ne ge\u00e7i\u015finin ard\u0131ndan K\u0131l\u0131\u00e7daro\u011flu, An\u0131tkabir \u00f6zel defterini imzalad\u0131.<\/p>\n<p style=\"text-align: justify;\"><span style=\"text-decoration: underline;\">K\u0131l\u0131\u00e7daro\u011flu, deftere \u015funlar\u0131 yazd\u0131: <\/span><\/p>\n<p style=\"text-align: justify;\">&#8220;Birinci ve kurucu genel ba\u015fkan\u0131m\u0131z Aziz Atat\u00fcrk, 22-23 May\u0131s 2010 tarihinde yap\u0131lan 33. Ola\u011fan Kurultay\u0131m\u0131zda Parti Meclisi ve Y\u00fcksek Disiplin Kuruluna se\u00e7ilenler olarak huzurunuzday\u0131z. Ayd\u0131nlanma devrimindeki y\u00fcr\u00fcy\u00fc\u015f\u00fcm\u00fcz\u00fc s\u00fcrd\u00fcrme kararl\u0131l\u0131\u011f\u0131 i\u00e7inde, hukukun egemenli\u011fine, demokratik laik cumhuriyete, ilke ve devrimlerine sahip \u00e7\u0131kaca\u011f\u0131m\u0131za, \u00fclkemizi, hedefledi\u011fin \u00e7a\u011fda\u015f uygarl\u0131k d\u00fczeyine \u00e7\u0131karaca\u011f\u0131m\u0131za s\u00f6z veriyoruz. Eksilmeyen sayg\u0131 ve sevgimizle.&#8221;<\/p>\n<p style=\"text-align: justify;\">Heyet daha sonra \u0130kinci Cumhurba\u015fkan\u0131 \u0130smet \u0130n\u00f6n\u00fc&#8217;n\u00fcn kabrine de \u00e7elenk koyarak, sayg\u0131 duru\u015funda bulundu.<\/p>\n<p style=\"text-align: justify;\"><span style=\"color: #888888;\">CNN T\u00dcRK<\/span><\/p>\n","protected":false},"excerpt":{"rendered":"<\/p>\n<p style=\"text-align: justify;\">CHP Parti Meclisi (PM), 22-23 May\u0131s&#8217;ta yap\u0131lan 33. Ola\u011fan Kurultay\u0131&#8217;n\u0131n ard\u0131ndan ilk kez topland\u0131. CHP&#8217;de Merkez Y\u00f6netim Kurulu listesi belli oldu. CHP \u0130stanbul \u0130l Ba\u015fkan\u0131 G\u00fcrsel Tekin haz\u0131rlanan listede yer almad\u0131&#8230;<\/p>\n","protected":false},"author":1,"featured_media":0,"comment_status":"open","ping_status":"closed","sticky":false,"template":"","format":"standard","meta":{"footnotes":""},"categories":[105],"tags":[],"class_list":["post-23104","post","type-post","status-publish","format-standard","hentry","category-gundem","odd"],"_links":{"self":[{"href":"http:\/\/www.korhanyilmaz.com\/index.php?rest_route=\/wp\/v2\/posts\/23104","targetHints":{"allow":["GET"]}}],"collection":[{"href":"http:\/\/www.korhanyilmaz.com\/index.php?rest_route=\/wp\/v2\/posts"}],"about":[{"href":"http:\/\/www.korhanyilmaz.com\/index.php?rest_route=\/wp\/v2\/types\/post"}],"author":[{"embeddable":true,"href":"http:\/\/www.korhanyilmaz.com\/index.php?rest_route=\/wp\/v2\/users\/1"}],"replies":[{"embeddable":true,"href":"http:\/\/www.korhanyilmaz.com\/index.php?rest_route=%2Fwp%2Fv2%2Fcomments&post=23104"}],"version-history":[{"count":0,"href":"http:\/\/www.korhanyilmaz.com\/index.php?rest_route=\/wp\/v2\/posts\/23104\/revisions"}],"wp:attachment":[{"href":"http:\/\/www.korhanyilmaz.com\/index.php?rest_route=%2Fwp%2Fv2%2Fmedia&parent=23104"}],"wp:term":[{"taxonomy":"category","embeddable":true,"href":"http:\/\/www.korhanyilmaz.com\/index.php?rest_route=%2Fwp%2Fv2%2Fcategories&post=23104"},{"taxonomy":"post_tag","embeddable":true,"href":"http:\/\/www.korhanyilmaz.com\/index.php?rest_route=%2Fwp%2Fv2%2Ftags&post=23104"}],"curies":[{"name":"wp","href":"https:\/\/api.w.org\/{rel}","templated":true}]}}