{"id":23101,"date":"2010-05-29T19:03:14","date_gmt":"2010-05-29T16:03:14","guid":{"rendered":"http:\/\/www.korhanyilmaz.com\/?p=23101"},"modified":"2010-05-29T19:03:14","modified_gmt":"2010-05-29T16:03:14","slug":"arinc-kilicdaroglunu-cahillikle-sucladi","status":"publish","type":"post","link":"http:\/\/www.korhanyilmaz.com\/?p=23101","title":{"rendered":"Ar\u0131n\u00e7 K\u0131l\u0131\u00e7daro\u011flu&#8217;nu &#8220;cahillik&#8221;le su\u00e7lad\u0131"},"content":{"rendered":"<p style=\"text-align: center;\"><a href=\"http:\/\/www.korhanyilmaz.com\/wp-content\/uploads\/2010\/05\/AR\u0130NC2.jpg\"  class=\"lightview\"><img loading=\"lazy\" decoding=\"async\" class=\"aligncenter size-full wp-image-23102\" src=\"http:\/\/www.korhanyilmaz.com\/wp-content\/uploads\/2010\/05\/AR\u0130NC2.jpg\" alt=\"\" width=\"346\" height=\"266\" \/><\/a><\/p>\n<p style=\"text-align: justify;\">Ba\u015fbakan Erdo\u011fan&#8217;\u0131 ekonomi bilmemekle ele\u015ftiren CHP lideri Kemal K\u0131l\u0131\u00e7daro\u011flu&#8217;nu cahillikle su\u00e7layan Devlet Bakan\u0131 ve Ba\u015fbakan Yard\u0131mc\u0131s\u0131 B\u00fclent Ar\u0131n\u00e7, &#8220;Birisi ge\u00e7enlerde &#8216;Recep Bey ekonomi bilmiyor&#8217; diyor. D\u00fcnyadan habersiz bir konu\u015fma bu. Bunu Yunanistan&#8217;da s\u00f6ylerseniz ba\u015f\u0131na ta\u015f ya\u011fd\u0131r\u0131rlar. \u0130spanya&#8217;da bunu konu\u015farsan\u0131z surat\u0131na tokat vururlar. H\u00fck\u00fcmete &#8216;Ekonomi bilmiyor&#8217; demek cehaletin ifadesi olur&#8221; dedi. <!--more--><\/p>\n<p style=\"text-align: justify;\">Ar\u0131n\u00e7, Alanya Siyaset Akademisi Koordinat\u00f6rl\u00fc\u011f\u00fcnce d\u00fczenlenen AK Parti Siyaset Akademisi Sertifika T\u00f6reni&#8217;ne kat\u0131ld\u0131.<\/p>\n<p style=\"text-align: justify;\">B\u00fct\u00fcn d\u00fcnyan\u0131n art\u0131k AK Parti&#8217;nin ba\u015far\u0131s\u0131n\u0131 takip etti\u011fini belirten B\u00fclent Ar\u0131n\u00e7, K\u0131l\u0131\u00e7daro\u011flu&#8217;nu ele\u015ftirdi.<\/p>\n<p style=\"text-align: justify;\">Ar\u0131n\u00e7, &#8220;Birisi ge\u00e7enlerde &#8216;Recep Bey ekonomi bilmiyor&#8217; diyor. D\u00fcnyadan habersiz bir konu\u015fma bu. &#8216;Recep Bey ekonomi bilmiyor&#8217; derseniz, Yunanistan&#8217;da bunu s\u00f6ylerseniz ba\u015f\u0131na ta\u015f ya\u011fd\u0131r\u0131rlar. \u0130spanya&#8217;da bunu konu\u015farsan\u0131z surat\u0131na tokat vururlar. 1 trilyon bor\u00e7la Avrupa&#8217;dan para dilenen, maa\u015f \u00f6deyemez noktaya gelen eksi 10&#8217;lara imza atan ve hatta 5 ay sonras\u0131n\u0131 g\u00f6remeyen bir \u00fclke daha yan\u0131ba\u015f\u0131m\u0131zda dururken bug\u00fcn t\u0131k\u0131r t\u0131k\u0131r maa\u015f \u00f6deyen, art\u0131\u015flar yapan, reel sekt\u00f6re 4 y\u0131lda 40 milyar katk\u0131 sa\u011flayan T\u00fcrkiye&#8217;yi \u00e7ok g\u00fczel destekleyen bir h\u00fck\u00fcmete &#8216;Ekonomi bilmiyor&#8217; demek cehaletin ifadesi olur. Bu \u00e7ok yanl\u0131\u015f \u015feyler. Bug\u00fcn T\u00fcrkiye aksakl\u0131\u011fa u\u011framad\u0131. \u00c7ok b\u00fcy\u00fck s\u0131k\u0131nt\u0131lar \u00e7ektik, H\u00fck\u00fcmet bu s\u0131k\u0131nt\u0131lar\u0131 ya\u015fad\u0131 ama vatanda\u015f\u0131na ya\u015fatmad\u0131&#8221; dedi.<\/p>\n<p style=\"text-align: justify;\">Ar\u0131n\u00e7, &#8220;Felaket tellal\u0131 olan siyaset\u00e7iler vard\u0131 T\u00fcrkiye&#8217;de, bir tanesi nihayet veda etmek zorunda kald\u0131. Her konu\u015fmas\u0131 felaket tellall\u0131\u011f\u0131, (\u00d6ld\u00fck, bittik, laiklik tehlikede, rejim mahvoldu, bitiyoruz, karanl\u0131k g\u00fcnler, yerin dibine girdik, batt\u0131k, \u00e7\u0131kt\u0131k)&#8230; Allah Allah&#8230; D\u0131\u015far\u0131 \u00e7\u0131k\u0131yorsunuz hi\u00e7 \u00f6yle bir \u015fey yok. Adam kendi d\u00fcnyas\u0131nda bunu yaratm\u0131\u015f. Sonunda ne oldu? \u00d6yle bir \u015fey yok, hadi bakal\u0131m sen kendi d\u00fcnyana, biz kendi i\u015fimize&#8230;&#8221; diye konu\u015ftu.<\/p>\n<p style=\"text-align: justify;\">Ar\u0131n\u00e7, siyaset\u00e7inin \u00fcmit verdi\u011fini, toplumun \u00f6n\u00fcnde gitti\u011fini, ac\u0131s\u0131n\u0131 payla\u015ft\u0131\u011f\u0131n\u0131 hat\u0131rlatarak, &#8220;Ancak b\u00f6yle lider olabilirsiniz. Yoksa arkas\u0131na takt\u0131\u011f\u0131 toplumu u\u00e7urumdan atmaya g\u00f6t\u00fcren insanlara lider de denmez, siyaset\u00e7i de denmez. Biz iyi bir noktaday\u0131z. \u00c7ok \u015f\u00fck\u00fcr 8 y\u0131ld\u0131r ayakta kalmak bile muhte\u015fem bir ba\u015far\u0131d\u0131r. Bizi devirmek, yok etmek, yok farzetmek d\u00fc\u015f\u00fcncesinde olanlar \u015fimdi nerede, biz neredeyiz. Allah&#8217;a hamdetmemiz laz\u0131m Alanyal\u0131lar, bir de millete te\u015fekk\u00fcr etmemiz laz\u0131m&#8221; dedi.<\/p>\n<p style=\"text-align: justify;\"><strong>&#8220;Darbecilere selam verilmemeli&#8221; <\/strong><\/p>\n<p style=\"text-align: justify;\">B\u00fclent Ar\u0131n\u00e7, &#8220;Halk iradesi kimi istiyorsa, se\u00e7imin sonunda kime yetki veriyorsa o gelmeli ve bar\u0131\u015f\u00e7\u0131 yollarla iktidarlar el de\u011fi\u015ftirmelidir. Art\u0131k darbe, muht\u0131ra, cuntala\u015fmak T\u00fcrk siyasetinde hi\u00e7bir zaman konu\u015fulmamal\u0131d\u0131r, hi\u00e7bir zaman yer etmemelidir. Kimse ba\u015f\u0131n\u0131 \u00e7evirip de bunlara selam bile vermemelidir&#8221; dedi.<\/p>\n<p style=\"text-align: justify;\">&#8220;Toplumda 70 milyonun sesini \u00e7\u0131karanlara bakarsak hepsi art\u0131k bu darbeyi lanetliyor&#8221; deiyen Ar\u0131n\u00e7, &#8220;T\u00fcrkiye bu noktaya geldi. Ne zaman geldi? 50 sene sonra geldi. Darbeden 50 g\u00fcn sonra gelmedi. \u015eimdi art\u0131k inan\u0131yoruz ki demokrasiler halk\u0131n iradesidir, se\u00e7imdir, sand\u0131kt\u0131r. \u0130ktidarlar\u0131n el de\u011fi\u015ftirmesi darbelerle, ihtilallerle, adam kand\u0131rmakla olmamal\u0131d\u0131r. Halk iradesi kimi istiyorsa, se\u00e7imin sonunda kime yetki veriyorsa o gelmeli ve bar\u0131\u015f\u00e7\u0131 yollarla iktidarlar el de\u011fi\u015ftirmelidir. Art\u0131k darbe, art\u0131k muht\u0131ra, art\u0131k cuntala\u015fmak T\u00fcrk siyasetinde hi\u00e7bir zaman konu\u015fulmamal\u0131d\u0131r, hi\u00e7bir zaman yer etmemelidir, kimse ba\u015f\u0131n\u0131 \u00e7evirip de bunlara selam bile vermemelidir. Bug\u00fcn geldi\u011fimiz nokta bu&#8221; dedi.<\/p>\n<p style=\"text-align: justify;\">Ar\u0131n\u00e7, &#8220;Ama 70 milyonda 70 ki\u015fi \u00e7\u0131kar, Taksim An\u0131t\u0131&#8217;na gider, &#8216;O darbe ne kadar g\u00fczeldi&#8217; diyerek i\u00e7 ge\u00e7irebilir. Bunu dikkate almamak laz\u0131m. \u00c7ok \u015f\u00fck\u00fcr 70 milyonun, 70 milyon \u015fu kadar\u0131 art\u0131k T\u00fcrkiye&#8217;de darbeyi d\u00fc\u015f\u00fcnmek bile istemiyor. Bu, demokraside geldi\u011fimiz noktad\u0131r. Demokrasi \u00e7o\u011fulculuk ve kat\u0131l\u0131mc\u0131l\u0131k demektir. Farkl\u0131l\u0131klar olacak ve bu farkl\u0131 g\u00f6r\u00fc\u015fler karar mekanizmalar\u0131nda yer edecek. Herkes fikrini s\u00f6yleyebilecek, ifade \u00f6zg\u00fcrl\u00fc\u011f\u00fc olacak, onlar\u0131 dinleyece\u011fiz, sayg\u0131 g\u00f6sterece\u011fiz, sonra olu\u015fan karara g\u00f6re \u00fclke y\u00f6netilecek&#8221; dedi.<\/p>\n<p style=\"text-align: justify;\"><strong>&#8220;Yarg\u0131 kararlar\u0131 idarenin eylemlerinin \u00fczerinde&#8221;<\/strong><\/p>\n<p style=\"text-align: justify;\">B\u00fclent Ar\u0131n\u00e7, T\u00fcrkiye&#8217;de yarg\u0131 kararlar\u0131n\u0131n, idarenin eylemlerinin \u00fcst\u00fcnde oldu\u011funu belirterek, &#8220;Birisini al\u0131yorsunuz g\u00f6revden, Alanya&#8217;dan Antalya&#8217;ya memursa e\u011fer tayin ediyorsunuz. \u0130dare Mahkemesi iki g\u00fcn sonra y\u00fcr\u00fctmeyi durdurma karar\u0131 veriyor, 5 g\u00fcn sonra da iptal edip geriye d\u00f6nd\u00fcrebiliyor&#8221; dedi.<\/p>\n<p style=\"text-align: justify;\">TBMM&#8217;nin 23 Nisan 1920&#8217;de a\u00e7\u0131ld\u0131\u011f\u0131n\u0131 hat\u0131rlatan Ar\u0131n\u00e7, B\u00fcy\u00fck Atat\u00fcrk ve milli m\u00fccadeleyi yapanlar\u0131n 1921 y\u0131l\u0131nda Ankara&#8217;da halk\u0131n temsilcilerini toplayarak 8-10 maddelik k\u00fc\u00e7\u00fck bir anayasa haz\u0131rlad\u0131klar\u0131n\u0131 kaydetti.<\/p>\n<p style=\"text-align: justify;\">Parlamentonun 1924 y\u0131l\u0131nda daha b\u00fcy\u00fck bir Anayasa yapt\u0131\u011f\u0131n\u0131 belirten Ar\u0131n\u00e7, bu Anayasa&#8217;n\u0131n 1960 Darbesine kadar y\u00fcr\u00fcrl\u00fckte kald\u0131\u011f\u0131n\u0131 vurgulad\u0131. Ar\u0131n\u00e7, &#8220;60 darbesinden sonra art\u0131k T\u00fcrkiye&#8217;de darbeler sonucu Anayasa yap\u0131lmaya ba\u015fland\u0131. \u0130ki tane sivil Anayasam\u0131z oldu, 1921 ve 1924. \u0130ki tane de darbe anayasas\u0131 oldu ki bir tanesi hala elimizde. Tamam\u0131n\u0131 de\u011fi\u015ftiremiyoruz, hi\u00e7 olmazsa par\u00e7a par\u00e7a de\u011fi\u015ftirmeye kalk\u0131yoruz. Bakal\u0131m 12 Eyl\u00fcl&#8217;de halk ne karar verecek. Ama 1961 ve 1982 anayasalar\u0131 askeri darbelerin \u00fcr\u00fcn\u00fc olarak atanm\u0131\u015f kurucu meclis veya dan\u0131\u015fma meclisi eliyle ve sonra referandumla ger\u00e7ekle\u015fti. Biz bug\u00fcn art\u0131k darbe \u00fcr\u00fcn\u00fc olan anayasalara de\u011fil, sivil, demokrat, \u00e7a\u011fda\u015f, hukuk ve demokrasi standard\u0131 y\u00fckselmi\u015f bir anayasaya ihtiyac\u0131m\u0131z oldu\u011funu d\u00fc\u015f\u00fcn\u00fcyoruz. Bunlar\u0131n hepsi bir geli\u015fimdir, hepsi d\u00f6n\u00fc\u015f\u00fcmd\u00fcr, T\u00fcrkiye art\u0131k bug\u00fcn ko\u015fan ad\u0131mlarla demokrasiye ve \u00f6zg\u00fcrl\u00fc\u011fe gidiyor&#8221; dedi.<\/p>\n<p style=\"text-align: justify;\"><span style=\"color: #888888;\">CNN T\u00dcRK<\/span><\/p>\n","protected":false},"excerpt":{"rendered":"<p style=\"text-align: center;\">\n<p style=\"text-align: justify;\">Ba\u015fbakan Erdo\u011fan&#8217;\u0131 ekonomi bilmemekle ele\u015ftiren CHP lideri Kemal K\u0131l\u0131\u00e7daro\u011flu&#8217;nu cahillikle su\u00e7layan Devlet Bakan\u0131 ve Ba\u015fbakan Yard\u0131mc\u0131s\u0131 B\u00fclent Ar\u0131n\u00e7, &#8220;Birisi ge\u00e7enlerde &#8216;Recep Bey ekonomi bilmiyor&#8217; diyor. D\u00fcnyadan habersiz bir konu\u015fma bu. Bunu Yunanistan&#8217;da s\u00f6ylerseniz ba\u015f\u0131na ta\u015f ya\u011fd\u0131r\u0131rlar. \u0130spanya&#8217;da bunu konu\u015farsan\u0131z surat\u0131na tokat vururlar. H\u00fck\u00fcmete &#8216;Ekonomi bilmiyor&#8217; demek cehaletin ifadesi olur&#8221; dedi. <\/p>\n","protected":false},"author":1,"featured_media":0,"comment_status":"open","ping_status":"closed","sticky":false,"template":"","format":"standard","meta":{"footnotes":""},"categories":[105],"tags":[],"class_list":["post-23101","post","type-post","status-publish","format-standard","hentry","category-gundem","odd"],"_links":{"self":[{"href":"http:\/\/www.korhanyilmaz.com\/index.php?rest_route=\/wp\/v2\/posts\/23101","targetHints":{"allow":["GET"]}}],"collection":[{"href":"http:\/\/www.korhanyilmaz.com\/index.php?rest_route=\/wp\/v2\/posts"}],"about":[{"href":"http:\/\/www.korhanyilmaz.com\/index.php?rest_route=\/wp\/v2\/types\/post"}],"author":[{"embeddable":true,"href":"http:\/\/www.korhanyilmaz.com\/index.php?rest_route=\/wp\/v2\/users\/1"}],"replies":[{"embeddable":true,"href":"http:\/\/www.korhanyilmaz.com\/index.php?rest_route=%2Fwp%2Fv2%2Fcomments&post=23101"}],"version-history":[{"count":0,"href":"http:\/\/www.korhanyilmaz.com\/index.php?rest_route=\/wp\/v2\/posts\/23101\/revisions"}],"wp:attachment":[{"href":"http:\/\/www.korhanyilmaz.com\/index.php?rest_route=%2Fwp%2Fv2%2Fmedia&parent=23101"}],"wp:term":[{"taxonomy":"category","embeddable":true,"href":"http:\/\/www.korhanyilmaz.com\/index.php?rest_route=%2Fwp%2Fv2%2Fcategories&post=23101"},{"taxonomy":"post_tag","embeddable":true,"href":"http:\/\/www.korhanyilmaz.com\/index.php?rest_route=%2Fwp%2Fv2%2Ftags&post=23101"}],"curies":[{"name":"wp","href":"https:\/\/api.w.org\/{rel}","templated":true}]}}