{"id":23097,"date":"2010-05-29T20:09:38","date_gmt":"2010-05-29T17:09:38","guid":{"rendered":"http:\/\/www.korhanyilmaz.com\/?p=23097"},"modified":"2010-05-29T20:09:38","modified_gmt":"2010-05-29T17:09:38","slug":"ak-partililerin-kilicdaroglu-rahatsizligi","status":"publish","type":"post","link":"http:\/\/www.korhanyilmaz.com\/?p=23097","title":{"rendered":"AK Partililerin K\u0131l\u0131\u00e7daro\u011flu rahats\u0131zl\u0131\u011f\u0131!"},"content":{"rendered":"<p style=\"text-align: center;\"><a href=\"http:\/\/www.korhanyilmaz.com\/wp-content\/uploads\/2010\/05\/kemal1.jpg\"  class=\"lightview\"><img loading=\"lazy\" decoding=\"async\" class=\"aligncenter size-full wp-image-23098\" src=\"http:\/\/www.korhanyilmaz.com\/wp-content\/uploads\/2010\/05\/kemal1.jpg\" alt=\"\" width=\"346\" height=\"266\" \/><\/a><\/p>\n<p style=\"text-align: justify;\">CHP&#8217;nin yeni genel ba\u015fkan\u0131 Kemal K\u0131l\u0131\u00e7daro\u011flu&#8217;na AK Partililerin \u00f6fkesi dinmek bilmiyor. AK Parti Grup Ba\u015fkanvekili Suat K\u0131l\u0131\u00e7, K\u0131l\u0131\u00e7daro\u011flu&#8217;nun ba\u015far\u0131y\u0131 yakalayamayaca\u011f\u0131n\u0131 savunarak, &#8220;Soyad\u0131 K\u0131l\u0131\u00e7dar bir kere&#8230; Soyad\u0131nda darl\u0131k var. Yapamayacak, y\u00fcr\u00fctemeyecek g\u00f6receksiniz&#8221; derken, Sa\u011fl\u0131k Bakan\u0131 Recep Akda\u011f, &#8220;Gaziantep&#8217;ten Say\u0131n K\u0131l\u0131\u00e7daro\u011flu&#8217;na sesleniyorum: Halk\u00e7\u0131l\u0131k ba\u015f\u0131na kasket takmayla olmaz&#8221; ifadesini kulland\u0131. <!--more--><\/p>\n<p style=\"text-align: justify;\">Suat K\u0131l\u0131\u00e7, partisince d\u00fczenlenen &#8220;T\u00fcrkiye Bulu\u015fmalar\u0131&#8221; etkinli\u011finde konu\u015ftu.<\/p>\n<p style=\"text-align: justify;\">Konu\u015fmas\u0131nda K\u0131l\u0131\u00e7daro\u011flu&#8217;nun giydi\u011fi &#8220;Etro&#8221; marka g\u00f6mlek ile ilgili tart\u0131\u015fmalar\u0131 hat\u0131rlatan K\u0131l\u0131\u00e7, &#8220;Say\u0131n Genel Ba\u015fkan, daha giydi\u011fi g\u00f6mle\u011fin bile arkas\u0131nda duram\u0131yor. Kendilerinin memleketi olan Tunceli&#8217;de vakti zaman\u0131nda CHP&#8217;nin ya\u015fatt\u0131\u011f\u0131 dramlar ve k\u0131y\u0131mlar var. Dersim \u0130syan\u0131&#8217;n\u0131 bast\u0131rmak i\u00e7in insanlar\u0131m\u0131z yarg\u0131lanmadan infaz edilmi\u015f, CHP&#8217;nin Eski Genel Ba\u015fkan Yard\u0131mc\u0131s\u0131 Onur \u00d6ymen de diyor ki, &#8216;Ey h\u00fck\u00fcmet ter\u00f6rle m\u00fccadelede Dersim&#8217;de CHP ne yapt\u0131 ise sen de onu yap&#8217;. Bu s\u00f6ylendi\u011finde, Tunceli halk\u0131n\u0131n, hukukunu arayamayan, bir g\u00f6mle\u011fin bile arkas\u0131nda duramayan bir adam, bizim rakibimiz olamaz&#8221; dedi.<\/p>\n<p style=\"text-align: justify;\">&#8220;G\u00f6receksiniz 3 aya kalmaz s\u0131k\u0131nt\u0131lar ba\u015flayacak&#8221; diyen K\u0131l\u0131\u00e7, &#8220;Soyad\u0131 K\u0131l\u0131\u00e7dar bir kere&#8230; Soyad\u0131nda darl\u0131k var. Yapamayacak, y\u00fcr\u00fctemeyecek g\u00f6receksiniz. Bizim rakibimiz CHP veya MHP de\u011fil, bizim rakibimiz biziz. Bunlar s\u0131cakta g\u00fcne\u015fe \u00e7\u0131kamazlar, \u00e7amurda y\u00fcr\u00fcyemezler. S\u0131cakta erir, so\u011fukta donarlar. \u00c7\u0131tk\u0131r\u0131ld\u0131md\u0131r bunlar\u0131n yapt\u0131\u011f\u0131 siyaset&#8221; diye konu\u015ftu.<\/p>\n<p style=\"text-align: justify;\"><strong>Recep Akda\u011f&#8217;dan inciler&#8230; <\/strong><\/p>\n<p style=\"text-align: justify;\">Gaziantep&#8217;te bulunan Sa\u011fl\u0131k Bakan\u0131 Recep Akda\u011f ise, &#8220;Say\u0131n K\u0131l\u0131\u00e7daro\u011flu&#8217;na sesleniyorum; &#8220;Halk\u00e7\u0131l\u0131k ba\u015f\u0131na kasket takmayla olmaz. E\u011fer halk\u00e7\u0131l\u0131k yapacaksa de\u011fi\u015fmi\u015f yeni bir genel ba\u015fkan olarak, partisini de de\u011fi\u015ftirmeye karar\u0131 varsa e\u011fer, derhal tam G\u00fcn Yasas\u0131&#8217;na kar\u015f\u0131 yap\u0131lan itiraz\u0131 Anayasa Mahkemesi&#8217;nden geri \u00e7ekmelidir. Ve halktan da \u00f6z\u00fcr dilemelidir. Ayr\u0131ca, daha \u00f6nce hastanelerin birle\u015ftirilmesiyle ilgili kanununda oldu\u011fu gibi onu da mahkemeye g\u00f6t\u00fcrd\u00fckleri i\u00e7in halktan \u00f6z\u00fcr dilemelidir&#8221; dedi.<\/p>\n<p style=\"text-align: justify;\">Akda\u011f, &#8220;Ana muhalefet partisi CHP, maalesef ad\u0131nda halk\u00e7\u0131l\u0131k olmas\u0131na, halk\u00e7\u0131l\u0131k laf\u0131n\u0131n yer almas\u0131na, ilkeleri i\u00e7inde halk\u00e7\u0131l\u0131k ilkesinin bulunmas\u0131na ve en son genel ba\u015fkan de\u011fi\u015fiminden sonra da halk\u00e7\u0131l\u0131k ilkesini \u00f6n plana \u00e7\u0131kar\u0131yor iddias\u0131na ra\u011fmen, bu hususta halka g\u00f6t\u00fcrmeye \u00e7al\u0131\u015ft\u0131\u011f\u0131m\u0131z hizmetlerin ba\u015f\u0131ndan beri kar\u015f\u0131s\u0131nda durmu\u015ftur. Peki bunu neye dayanarak s\u00f6yl\u00fcyorsunuz Say\u0131n Sa\u011fl\u0131k Bakan\u0131 \u00e7ok a\u00e7\u0131kt\u0131r, hastaneleri birle\u015ftirmek \u00fczere yapt\u0131\u011f\u0131m\u0131z kanun s\u0131ras\u0131nda CHP \u015fiddetle buna kar\u015f\u0131 \u00e7\u0131km\u0131\u015f, Mecliste her t\u00fcrl\u00fc engelleme taktiklerine ba\u015fvurmu\u015f. Kanun yap\u0131ld\u0131ktan sonra da Anayasa Mahkemesi&#8217;ne bozdurmak i\u00e7in g\u00f6t\u00fcrm\u00fc\u015ft\u00fcr. \u015e\u00fck\u00fcr ki Anayasa Mahkemesi bu kanunu bozmam\u0131\u015ft\u0131r ve biz vatanda\u015flar\u0131m\u0131za bug\u00fcn Gaziantep \u00c7ocuk Hastanesi gibi hastanelerde hizmet etme imkan\u0131na sahibiz. Yoksa Belediye Ba\u015fkan\u0131m\u0131z\u0131n s\u00f6yledi\u011fi gibi \u00e7ocuklar\u0131m\u0131z da aileleri de \u00e7ile \u00e7ekmeye devam ediyor olacakt\u0131&#8221; dedi.<\/p>\n<p style=\"text-align: justify;\"><span style=\"color: #888888;\">CNN T\u00dcRK<\/span><\/p>\n","protected":false},"excerpt":{"rendered":"<p style=\"text-align: center;\">\n<p style=\"text-align: justify;\">CHP&#8217;nin yeni genel ba\u015fkan\u0131 Kemal K\u0131l\u0131\u00e7daro\u011flu&#8217;na AK Partililerin \u00f6fkesi dinmek bilmiyor. AK Parti Grup Ba\u015fkanvekili Suat K\u0131l\u0131\u00e7, K\u0131l\u0131\u00e7daro\u011flu&#8217;nun ba\u015far\u0131y\u0131 yakalayamayaca\u011f\u0131n\u0131 savunarak, &#8220;Soyad\u0131 K\u0131l\u0131\u00e7dar bir kere&#8230; Soyad\u0131nda darl\u0131k var. Yapamayacak, y\u00fcr\u00fctemeyecek g\u00f6receksiniz&#8221; derken, Sa\u011fl\u0131k Bakan\u0131 Recep Akda\u011f, &#8220;Gaziantep&#8217;ten Say\u0131n K\u0131l\u0131\u00e7daro\u011flu&#8217;na sesleniyorum: Halk\u00e7\u0131l\u0131k ba\u015f\u0131na kasket takmayla olmaz&#8221; ifadesini kulland\u0131. <\/p>\n","protected":false},"author":1,"featured_media":0,"comment_status":"open","ping_status":"closed","sticky":false,"template":"","format":"standard","meta":{"footnotes":""},"categories":[105],"tags":[],"class_list":["post-23097","post","type-post","status-publish","format-standard","hentry","category-gundem","odd"],"_links":{"self":[{"href":"http:\/\/www.korhanyilmaz.com\/index.php?rest_route=\/wp\/v2\/posts\/23097","targetHints":{"allow":["GET"]}}],"collection":[{"href":"http:\/\/www.korhanyilmaz.com\/index.php?rest_route=\/wp\/v2\/posts"}],"about":[{"href":"http:\/\/www.korhanyilmaz.com\/index.php?rest_route=\/wp\/v2\/types\/post"}],"author":[{"embeddable":true,"href":"http:\/\/www.korhanyilmaz.com\/index.php?rest_route=\/wp\/v2\/users\/1"}],"replies":[{"embeddable":true,"href":"http:\/\/www.korhanyilmaz.com\/index.php?rest_route=%2Fwp%2Fv2%2Fcomments&post=23097"}],"version-history":[{"count":0,"href":"http:\/\/www.korhanyilmaz.com\/index.php?rest_route=\/wp\/v2\/posts\/23097\/revisions"}],"wp:attachment":[{"href":"http:\/\/www.korhanyilmaz.com\/index.php?rest_route=%2Fwp%2Fv2%2Fmedia&parent=23097"}],"wp:term":[{"taxonomy":"category","embeddable":true,"href":"http:\/\/www.korhanyilmaz.com\/index.php?rest_route=%2Fwp%2Fv2%2Fcategories&post=23097"},{"taxonomy":"post_tag","embeddable":true,"href":"http:\/\/www.korhanyilmaz.com\/index.php?rest_route=%2Fwp%2Fv2%2Ftags&post=23097"}],"curies":[{"name":"wp","href":"https:\/\/api.w.org\/{rel}","templated":true}]}}