{"id":23080,"date":"2010-05-28T08:01:06","date_gmt":"2010-05-28T05:01:06","guid":{"rendered":"http:\/\/www.korhanyilmaz.com\/?p=23080"},"modified":"2010-05-28T08:01:06","modified_gmt":"2010-05-28T05:01:06","slug":"gazzeye-yardim-konvoyu-antalyadan-ayrildi","status":"publish","type":"post","link":"http:\/\/www.korhanyilmaz.com\/?p=23080","title":{"rendered":"Gazze&#8217;ye yard\u0131m konvoyu Antalya&#8217;dan ayr\u0131ld\u0131"},"content":{"rendered":"<p style=\"text-align: center;\"><a href=\"http:\/\/www.korhanyilmaz.com\/wp-content\/uploads\/2010\/05\/YARD\u0130M.jpg\"  class=\"lightview\"><img loading=\"lazy\" decoding=\"async\" class=\"aligncenter size-full wp-image-23081\" src=\"http:\/\/www.korhanyilmaz.com\/wp-content\/uploads\/2010\/05\/YARD\u0130M.jpg\" alt=\"\" width=\"307\" height=\"236\" \/><\/a><\/p>\n<p style=\"text-align: justify;\">\u0130srail, &#8220;Gazze&#8217;ye ula\u015fmadan gerekirse komandolarla durdururuz&#8221; diyor, ama Filistin&#8217;e yard\u0131m konvoyu h\u0131z kesmiyor. Konvoyun T\u00fcrkiye&#8217;den yola \u00e7\u0131kan b\u00f6l\u00fcm\u00fc Antalya&#8217;dan demir ald\u0131. Do\u011fu Akdeniz&#8217;i gergin g\u00fcnler bekliyor. <!--more--><\/p>\n<p style=\"text-align: justify;\">5.5 ay sonra bir kez daha&#8230; &#8220;Rotam\u0131z Filistin Y\u00fck\u00fcm\u00fcz \u0130nsani Yard\u0131m&#8221; kampanyas\u0131 kapsam\u0131nda Gazze&#8217;ye gidecek &#8220;Mavi Marmara&#8221; adl\u0131 yolcu gemisi, Antalya Liman\u0131&#8217;ndan ayr\u0131ld\u0131.<\/p>\n<p style=\"text-align: justify;\">Gazeteciler ile yabanc\u0131 milletvekillerinin de aralar\u0131nda bulundu\u011fu 560 ki\u015finin g\u00fcmr\u00fckteki i\u015flemlerinin tamamlanmas\u0131n\u0131n ard\u0131ndan gemi, TS\u0130 00.30&#8217;da Antalya Liman\u0131&#8217;ndan ayr\u0131larak Akdeniz&#8217;de yol almaya ba\u015flad\u0131.<\/p>\n<p style=\"text-align: justify;\">Bug\u00fcn TS\u0130 17.00 s\u0131ralar\u0131nda K\u0131br\u0131s&#8217;\u0131n g\u00fcneyinde uluslararas\u0131 sularda olmas\u0131 beklenen gemi, burada, insani yard\u0131m malzemesi ta\u015f\u0131yan 8 gemiyle bulu\u015ftuktan sonra Gazze&#8217;ye do\u011fru hareket edecek.<\/p>\n<p style=\"text-align: justify;\">Gemilerin, 29 May\u0131s Cumartesi g\u00fcn\u00fc Gazze Liman\u0131&#8217;na ula\u015fmas\u0131 bekleniyor.<\/p>\n<p style=\"text-align: justify;\">Ancak bu kez sular ge\u00e7en seferkinden de \u00e7ok \u0131s\u0131nd\u0131. Ge\u00e7en defa M\u0131s\u0131r&#8217;\u0131n sorun \u00e7\u0131kard\u0131\u011f\u0131 konvoy konusunda, \u0130srail&#8217;de tansiyon y\u00fcksek.<\/p>\n<p style=\"text-align: justify;\">G\u00fcvenlik kabinesi topland\u0131, sert kararlar ald\u0131.<\/p>\n<p style=\"text-align: justify;\">\u0130srail 9 gemiden olu\u015fan konvoya \u00f6nce &#8220;geri d\u00f6n\u00fcn&#8221; \u00e7a\u011fr\u0131s\u0131 yapacak, ard\u0131ndan gerekirse komandolar\u0131n\u0131 gemilere \u00e7\u0131kartacak.<\/p>\n<p style=\"text-align: justify;\">Ama\u00e7, konvoyu A\u015fdod liman\u0131na y\u00f6nlendirmek.<\/p>\n<p style=\"text-align: justify;\">\u0130srail, &#8220;Yard\u0131m\u0131 buradan biz da\u011f\u0131tal\u0131m, konvoydakileri gerekirse \u00fclkelerine g\u00f6nderelim&#8221; diyor.<\/p>\n<p style=\"text-align: justify;\">A\u015fdod&#8217;da konvoyu kar\u015f\u0131lamak, hatta belki al\u0131koymak i\u00e7in gerekli \u00f6nlemler al\u0131n\u0131rken, konvoydaki aktivistler, geri ad\u0131m atmamakta kararl\u0131: &#8220;Buras\u0131 uluslararas\u0131 sular, \u0130srail&#8217;in m\u00fcdahale hakk\u0131 yok. Zaten insani yard\u0131m g\u00f6t\u00fcr\u00fcyoruz.&#8221;<\/p>\n<p style=\"text-align: justify;\">T\u00fcrkiye&#8217;den \u0130nsani Yard\u0131m Vakf\u0131&#8217;n\u0131n liderlik etti\u011fi g\u00f6n\u00fcll\u00fcler, &#8220;Amac\u0131m\u0131z belli&#8221; diyor, Gazze&#8217;deki insani duruma dikkat \u00e7ekiyor.<\/p>\n<p style=\"text-align: justify;\">CNN T\u00dcRK yay\u0131nlar\u0131na kat\u0131lan \u0130srailli yetkililerse, &#8220;Gazze&#8217;ye insani malzeme ge\u00e7i\u015fi zaten var. Mevcut durumdan da hamas sorumlu&#8221; diyor.<\/p>\n<p style=\"text-align: justify;\">\u0130srail bir yandan da iki koldan, gemide vatanda\u015f\u0131 bulunan \u00fclkelerle temas halinde. Hem Savunma Bakan\u0131 Ehud Barak, hem de \u0130srail D\u0131\u015fi\u015fleri Bakanl\u0131\u011f\u0131 endi\u015felerini T\u00fcrkiye&#8217;nin de aralar\u0131nda bulundu\u011fu \u00fclkelere aktar\u0131yor.<\/p>\n<p style=\"text-align: justify;\"><span style=\"color: #888888;\">CNN T\u00dcRK<\/span><\/p>\n","protected":false},"excerpt":{"rendered":"<p style=\"text-align: center;\">\n<p style=\"text-align: justify;\">\u0130srail, &#8220;Gazze&#8217;ye ula\u015fmadan gerekirse komandolarla durdururuz&#8221; diyor, ama Filistin&#8217;e yard\u0131m konvoyu h\u0131z kesmiyor. Konvoyun T\u00fcrkiye&#8217;den yola \u00e7\u0131kan b\u00f6l\u00fcm\u00fc Antalya&#8217;dan demir ald\u0131. Do\u011fu Akdeniz&#8217;i gergin g\u00fcnler bekliyor. <\/p>\n","protected":false},"author":1,"featured_media":0,"comment_status":"open","ping_status":"closed","sticky":false,"template":"","format":"standard","meta":{"footnotes":""},"categories":[105],"tags":[],"class_list":["post-23080","post","type-post","status-publish","format-standard","hentry","category-gundem","odd"],"_links":{"self":[{"href":"http:\/\/www.korhanyilmaz.com\/index.php?rest_route=\/wp\/v2\/posts\/23080","targetHints":{"allow":["GET"]}}],"collection":[{"href":"http:\/\/www.korhanyilmaz.com\/index.php?rest_route=\/wp\/v2\/posts"}],"about":[{"href":"http:\/\/www.korhanyilmaz.com\/index.php?rest_route=\/wp\/v2\/types\/post"}],"author":[{"embeddable":true,"href":"http:\/\/www.korhanyilmaz.com\/index.php?rest_route=\/wp\/v2\/users\/1"}],"replies":[{"embeddable":true,"href":"http:\/\/www.korhanyilmaz.com\/index.php?rest_route=%2Fwp%2Fv2%2Fcomments&post=23080"}],"version-history":[{"count":0,"href":"http:\/\/www.korhanyilmaz.com\/index.php?rest_route=\/wp\/v2\/posts\/23080\/revisions"}],"wp:attachment":[{"href":"http:\/\/www.korhanyilmaz.com\/index.php?rest_route=%2Fwp%2Fv2%2Fmedia&parent=23080"}],"wp:term":[{"taxonomy":"category","embeddable":true,"href":"http:\/\/www.korhanyilmaz.com\/index.php?rest_route=%2Fwp%2Fv2%2Fcategories&post=23080"},{"taxonomy":"post_tag","embeddable":true,"href":"http:\/\/www.korhanyilmaz.com\/index.php?rest_route=%2Fwp%2Fv2%2Ftags&post=23080"}],"curies":[{"name":"wp","href":"https:\/\/api.w.org\/{rel}","templated":true}]}}