{"id":23076,"date":"2010-05-27T21:30:33","date_gmt":"2010-05-27T18:30:33","guid":{"rendered":"http:\/\/www.korhanyilmaz.com\/?p=23076"},"modified":"2010-05-27T21:30:33","modified_gmt":"2010-05-27T18:30:33","slug":"sirnakta-catisma-1-sehit-3-yarali","status":"publish","type":"post","link":"http:\/\/www.korhanyilmaz.com\/?p=23076","title":{"rendered":"\u015e\u0131rnak&#8217;ta \u00e7at\u0131\u015fma: 1 \u015fehit, 3 yaral\u0131"},"content":{"rendered":"<p><a href=\"http:\/\/www.korhanyilmaz.com\/wp-content\/uploads\/2010\/05\/0012.jpg\"  class=\"lightview\"><img loading=\"lazy\" decoding=\"async\" class=\"aligncenter size-full wp-image-23077\" src=\"http:\/\/www.korhanyilmaz.com\/wp-content\/uploads\/2010\/05\/0012.jpg\" alt=\"\" width=\"263\" height=\"202\" \/><\/a><\/p>\n<p style=\"text-align: justify;\">\u015e\u0131rnak&#8217;\u0131n Uludere il\u00e7esine ba\u011fl\u0131 Anda\u00e7 k\u00f6y\u00fc k\u0131rsal\u0131nda d\u00fcn gece ter\u00f6ristlerle \u00e7\u0131kan \u00e7at\u0131\u015fmada 1 asker \u015fehit oldu, 3 asker de yaraland\u0131.<\/p>\n<p style=\"text-align: justify;\">Anda\u00e7 K\u00f6y\u00fc&#8217;nde d\u00fcn ak\u015fam ge\u00e7 saatlerde tespit edilen kalabal\u0131k ter\u00f6rist grubu ile g\u00fcvenlik g\u00fc\u00e7leri aras\u0131nda \u00e7at\u0131\u015fma \u00e7\u0131kt\u0131. <!--more--><\/p>\n<p style=\"text-align: justify;\">Askeri yetkililerin verdi\u011fi bilgilere g\u00f6re ilk belirlemelere g\u00f6re, 1 asker \u015fehit olurken, 3 asker de yaraland\u0131.<\/p>\n<p style=\"text-align: justify;\">\u015eehit askerin 23 ya\u015f\u0131ndaki Komando Uzman \u00c7avu\u015f Adem Erboyac\u0131 oldu\u011fu \u00f6\u011frenildi.<\/p>\n<p style=\"text-align: justify;\">Karanl\u0131ktan faydalanarak ka\u00e7maya \u00e7al\u0131\u015fan ter\u00f6ristlerin yakalanmas\u0131 i\u00e7in geni\u015f kapsaml\u0131 operasyon ba\u015flat\u0131ld\u0131.<\/p>\n<p style=\"text-align: justify;\"><strong>Aile evine ate\u015f d\u00fc\u015ft\u00fc <\/strong><\/p>\n<p style=\"text-align: justify;\">Erboyac\u0131&#8217;n\u0131n \u00c7orum&#8217;daki baba evine ate\u015f d\u00fc\u015ft\u00fc. Ac\u0131 haber \u00fczerine ailesi g\u00f6zya\u015flar\u0131na bo\u011fularak ter\u00f6r \u00f6rg\u00fct\u00fcne lanet ya\u011fd\u0131rd\u0131.<\/p>\n<p style=\"text-align: justify;\">\u015e\u0131rnak&#8217;\u0131n Uludere \u0130l\u00e7esi Anda\u00e7 K\u00f6y\u00fc k\u0131rsal\u0131nda d\u00fcn gece yar\u0131s\u0131 ter\u00f6r \u00f6rg\u00fct\u00fc taraf\u0131ndan a\u00e7\u0131lan ate\u015f sonucu \u00e7\u0131kan \u00e7at\u0131\u015fmada \u015fehit olan Komando Uzman \u00c7avu\u015f Adem Erboyac\u0131&#8217;n\u0131n ailesi g\u00f6zya\u015flar\u0131na bo\u011fuldu.<\/p>\n<p style=\"text-align: justify;\">\u015eehit Komando Uzman \u00c7avu\u015f Adem Erboyac\u0131&#8217;n\u0131n cenazesi bug\u00fcn havayoluyla Amasya Merzifon Havaalan\u0131&#8217;na getirilip buradan karayoluyla \u00c7orum&#8217;un Ortak\u00f6y il\u00e7esine getirildi.<\/p>\n<p style=\"text-align: justify;\">\u015eehit Erboyac\u0131 i\u00e7in Cumhuriyet Meydan\u0131&#8217;nda t\u00f6ren yap\u0131ld\u0131. T\u00f6rene Vali Mustafa Toprak, Tokat Jandarma B\u00f6lge Komutan\u0131 Tu\u011fgeneral Bulut \u00d6mer Miniro\u011flu, K\u0131r\u0131kkale M\u00fchimmat Komutan\u0131 Tu\u011fgeneral Mustafa G\u00fcler, \u00c7orum Garnizon Komutan\u0131 K\u0131demli Albay Ey\u00fcp B\u00f6l\u00fck, AKP milletvekilleri Agah Kafkas, Murat Y\u0131ld\u0131r\u0131m ve Ahmet Aydo\u011fmu\u015f ile yakla\u015f\u0131k 3 bin ki\u015fi kat\u0131ld\u0131.<\/p>\n<p style=\"text-align: justify;\">Yap\u0131lan t\u00f6renin ard\u0131ndan \u015fehit Komando Uzman \u00c7avu\u015f Adem Erboyac\u0131, ikindi namaz\u0131na m\u00fcteakip k\u0131l\u0131nan cenaze namaz\u0131ndan sonra il\u00e7e mezarl\u0131\u011f\u0131ndaki aile kabristanl\u0131\u011f\u0131nda topra\u011fa verildi.<\/p>\n<p style=\"text-align: justify;\"><strong>Genelkurmay&#8217;dan a\u00e7\u0131klama geldi <\/strong><\/p>\n<p style=\"text-align: justify;\">\u00c7at\u0131\u015fma sonras\u0131nda Genelkurmay&#8217;dan a\u00e7\u0131klama geldi.<\/p>\n<p style=\"text-align: justify;\">Genelkurmay Ba\u015fkanl\u0131\u011f\u0131 internet sitesinden yap\u0131lan a\u00e7\u0131klamada, 21-27 May\u0131s tarihleri aras\u0131nda ter\u00f6r \u00f6rg\u00fct\u00fcyle girilen \u00e7at\u0131\u015fmalarda, 5 ter\u00f6rist \u00f6l\u00fc ge\u00e7irilirken, 3&#8217;\u00fcn\u00fcn sa\u011f yakaland\u0131\u011f\u0131, 1 \u00f6rg\u00fct \u00fcyesinin ise teslim oldu\u011fu bildirildi.<\/p>\n<p style=\"text-align: justify;\">Mardin&#8217;de de 1 ter\u00f6rist yakaland\u0131<\/p>\n<p style=\"text-align: justify;\">Mardin&#8217;in Midyat-Nusaybin il\u00e7eleri aras\u0131ndaki da\u011fl\u0131k kesimde de bir ter\u00f6rist sa\u011f olarak yakaland\u0131.<\/p>\n<p style=\"text-align: justify;\">Edinilen bilgiye g\u00f6re, b\u00f6lgede arazi arama tarama faaliyetleri y\u00fcr\u00fcteng\u00fcvenlik g\u00fc\u00e7leri, bu sabah erken saatlerde bir ter\u00f6risti sa\u011f olarak yakalad\u0131.<\/p>\n<p style=\"text-align: justify;\">Ter\u00f6ristle birlikte 1 Kala\u015fnikof piyade t\u00fcfe\u011fi, el bombalar\u0131, \u00e7ok say\u0131da \u015farj\u00f6rve 1 tabanca ele ge\u00e7irildi. G\u00f6zalt\u0131na al\u0131nan ter\u00f6ristin sorgusu s\u00fcr\u00fcyor.<\/p>\n<p style=\"text-align: justify;\"><span style=\"color: #888888;\">CNN T\u00dcRK<\/span><\/p>\n","protected":false},"excerpt":{"rendered":"<\/p>\n<p style=\"text-align: justify;\">\u015e\u0131rnak&#8217;\u0131n Uludere il\u00e7esine ba\u011fl\u0131 Anda\u00e7 k\u00f6y\u00fc k\u0131rsal\u0131nda d\u00fcn gece ter\u00f6ristlerle \u00e7\u0131kan \u00e7at\u0131\u015fmada 1 asker \u015fehit oldu, 3 asker de yaraland\u0131.<\/p>\n<p style=\"text-align: justify;\">Anda\u00e7 K\u00f6y\u00fc&#8217;nde d\u00fcn ak\u015fam ge\u00e7 saatlerde tespit edilen kalabal\u0131k ter\u00f6rist grubu ile g\u00fcvenlik g\u00fc\u00e7leri aras\u0131nda \u00e7at\u0131\u015fma \u00e7\u0131kt\u0131. <\/p>\n","protected":false},"author":1,"featured_media":0,"comment_status":"open","ping_status":"closed","sticky":false,"template":"","format":"standard","meta":{"footnotes":""},"categories":[105],"tags":[],"class_list":["post-23076","post","type-post","status-publish","format-standard","hentry","category-gundem","odd"],"_links":{"self":[{"href":"http:\/\/www.korhanyilmaz.com\/index.php?rest_route=\/wp\/v2\/posts\/23076","targetHints":{"allow":["GET"]}}],"collection":[{"href":"http:\/\/www.korhanyilmaz.com\/index.php?rest_route=\/wp\/v2\/posts"}],"about":[{"href":"http:\/\/www.korhanyilmaz.com\/index.php?rest_route=\/wp\/v2\/types\/post"}],"author":[{"embeddable":true,"href":"http:\/\/www.korhanyilmaz.com\/index.php?rest_route=\/wp\/v2\/users\/1"}],"replies":[{"embeddable":true,"href":"http:\/\/www.korhanyilmaz.com\/index.php?rest_route=%2Fwp%2Fv2%2Fcomments&post=23076"}],"version-history":[{"count":0,"href":"http:\/\/www.korhanyilmaz.com\/index.php?rest_route=\/wp\/v2\/posts\/23076\/revisions"}],"wp:attachment":[{"href":"http:\/\/www.korhanyilmaz.com\/index.php?rest_route=%2Fwp%2Fv2%2Fmedia&parent=23076"}],"wp:term":[{"taxonomy":"category","embeddable":true,"href":"http:\/\/www.korhanyilmaz.com\/index.php?rest_route=%2Fwp%2Fv2%2Fcategories&post=23076"},{"taxonomy":"post_tag","embeddable":true,"href":"http:\/\/www.korhanyilmaz.com\/index.php?rest_route=%2Fwp%2Fv2%2Ftags&post=23076"}],"curies":[{"name":"wp","href":"https:\/\/api.w.org\/{rel}","templated":true}]}}