{"id":23061,"date":"2010-05-27T10:49:15","date_gmt":"2010-05-27T07:49:15","guid":{"rendered":"http:\/\/www.korhanyilmaz.com\/?p=23061"},"modified":"2010-05-27T10:49:15","modified_gmt":"2010-05-27T07:49:15","slug":"27-mayisi-yapanlar-bugun-utaniyor","status":"publish","type":"post","link":"http:\/\/www.korhanyilmaz.com\/?p=23061","title":{"rendered":"&#8220;27 May\u0131s&#8217;\u0131 yapanlar bug\u00fcn utan\u0131yor&#8221;"},"content":{"rendered":"<p><a href=\"http:\/\/www.korhanyilmaz.com\/wp-content\/uploads\/2010\/05\/k\u0131l\u0131cdaroglu.jpg\"  class=\"lightview\"><img loading=\"lazy\" decoding=\"async\" class=\"aligncenter size-full wp-image-23062\" src=\"http:\/\/www.korhanyilmaz.com\/wp-content\/uploads\/2010\/05\/k\u0131l\u0131cdaroglu.jpg\" alt=\"\" width=\"300\" height=\"200\" \/><\/a><\/p>\n<p style=\"text-align: justify;\">CHP Genel Ba\u015fkan\u0131 Kemal K\u0131l\u0131\u00e7daro\u011flu, 27 May\u0131s 1960 darbesinin 50\u2019nci y\u0131ld\u00f6n\u00fcm\u00fcnde siyasete askeri m\u00fcdahalelere kar\u015f\u0131 \u00f6nemli bir \u00e7\u0131k\u0131\u015fta bulundu.<\/p>\n<p style=\"text-align: justify;\">\u201c27 May\u0131s\u2019\u0131 yapanlar bug\u00fcn utan\u0131yor\u201d diye konu\u015fan K\u0131l\u0131\u00e7daro\u011flu, \u201cAskeri darbelere kar\u015f\u0131y\u0131z, savunulamaz\u201d dedi. Toplumun art\u0131k demokrasi, hukukun \u00fcst\u00fcnl\u00fc\u011f\u00fc, insan haklar\u0131, g\u00fc\u00e7ler ayr\u0131l\u0131\u011f\u0131 ve medya \u00f6zg\u00fcrl\u00fc\u011f\u00fc ortak paydas\u0131nda bulu\u015fmas\u0131 gerekti\u011fini s\u00f6yleyen K\u0131l\u0131\u00e7daro\u011flu, askeri harcamalar\u0131n \u015feffaf denetime a\u00e7\u0131lmas\u0131, askeri y\u00fcksek yarg\u0131n\u0131n da kald\u0131r\u0131lmas\u0131ndan yana oldu\u011funu a\u00e7\u0131klad\u0131. <!--more--><\/p>\n<p style=\"text-align: justify;\"><strong>\u2018Darbelere kar\u015f\u0131y\u0131z\u2019<\/strong><\/p>\n<p style=\"text-align: justify;\">Yar\u0131n (bug\u00fcn) 27 May\u0131s\u2019\u0131n 50. y\u0131l d\u00f6n\u00fcm\u00fc. Size, kurultay konu\u015fmas\u0131nda, askerlerin siyasete m\u00fcdahalesine kar\u015f\u0131 bir tutum sergilemedi ele\u015ftirisi yap\u0131ld\u0131. Darbelere, darbe giri\u015fimlerine kar\u015f\u0131 bir \u015fey s\u00f6ylemedi\u011finize vurgu yap\u0131l\u0131yor. Bu konuda ne d\u00fc\u015f\u00fcn\u00fcyorsunuz?<\/p>\n<p style=\"text-align: justify;\">Darbeler hep CHP iktidara yak\u0131n oldu\u011fu d\u00f6nemlerde yap\u0131lm\u0131\u015ft\u0131r ama fatura CHP\u2019ye \u00e7\u0131kar\u0131lm\u0131\u015ft\u0131r. 27 May\u0131s\u2019\u0131 yapanlar bug\u00fcn utan\u0131yorlar. Askeri darbelere kar\u015f\u0131y\u0131z. Askeri darbe kesinlikle savunulamaz. Ortak paydada uzla\u015fmam\u0131z laz\u0131m. Belli do\u011frular ortak payda olmal\u0131. \u00d6rne\u011fin demokrasi, hukukun \u00fcst\u00fcnl\u00fc\u011f\u00fc, g\u00fc\u00e7ler ayr\u0131l\u0131\u011f\u0131, insan haklar\u0131, medya \u00f6zg\u00fcrl\u00fc\u011f\u00fc gibi. Art\u0131k bunu sa\u011flamal\u0131y\u0131z. Siyaset halka d\u00f6n\u00fck yap\u0131lmal\u0131.<\/p>\n<p style=\"text-align: justify;\"><strong>Asker de hesap vermeli<\/strong><\/p>\n<p style=\"text-align: justify;\">T\u00fcrkiye\u2019de h\u00e2l\u00e2 askeri vesayet oldu\u011fu s\u00f6yleniyor. Siz ne d\u00fc\u015f\u00fcn\u00fcyorsunuz?<\/p>\n<p style=\"text-align: justify;\">\u015eu anda bir askeri vesayet de\u011fil, sivil dikta anlay\u0131\u015f\u0131 \u00fcrk\u00fct\u00fcyor bizi. Bununla beraber askerlerin de saydam olmas\u0131 gerekir. Askeri harcamalar\u0131n da saydam olmas\u0131 gerekir. Toplumun her kesimi nas\u0131l hesap veriyorsa, askeri kesimin de hesap vermesi gerekir. Kamu paras\u0131 harcayan her kurum \u015feffaf olmal\u0131, hesap verebilmeli. Askeri harcamalar konusunda yan\u0131t aranan sorular varsa orada sorun var demektir. Kesin Hesap komisyonu kurulmal\u0131 ki her \u015fey denetlenebilsin.<\/p>\n<p style=\"text-align: justify;\">Askeri y\u00fcksek mahkemelerin kald\u0131r\u0131lmas\u0131 gerekti\u011fini savununlar da var. Sizin d\u00fc\u015f\u00fcnceniz nedir?<\/p>\n<p style=\"text-align: justify;\">Biz yarg\u0131n\u0131n siville\u015fmesinden yanay\u0131z. Askeri Y\u00fcksek \u0130dare Mahkemesi kald\u0131r\u0131labilir. \u00c7\u00fcnk\u00fc Dan\u0131\u015ftay var. Dan\u0131\u015ftay varken buna gerek yok. Ama askeri mahkemeler d\u00fcnyan\u0131n her yerinde var. Onlar\u0131n kendine \u00f6zg\u00fc \u00e7al\u0131\u015fma mekanizmalar\u0131 ve kurallar\u0131 var.<\/p>\n<p style=\"text-align: justify;\"><strong>\u2018Hukuku savunuyorum\u2019<\/strong><\/p>\n<p style=\"text-align: justify;\">Baykal\u2019\u0131n s\u00f6ylemini devam ettirdi\u011finiz, Ergenekon\u2019un avukatl\u0131\u011f\u0131n\u0131 yapanlar\u0131 y\u00f6netime ald\u0131\u011f\u0131n\u0131z ele\u015ftirilerine ne diyorsunuz?<\/p>\n<p style=\"text-align: justify;\">O ele\u015ftirileri okuyorum. Bir yerde bir hukuksuzluk varsa onu ele\u015ftirmek g\u00f6re-vimizdir. Tutukluluk hali infaza d\u00f6n\u00fc\u015fm\u00fc\u015f durumda. \u015eimdi o ele\u015ftirileri yazanlar\u0131n ba\u015f\u0131na da ayn\u0131 i\u015f gelse, o zaman \u2018Bize yap\u0131lan iyi oldu, oh oldu\u2019 diyecekler mi? Hukuk devletini savunman\u0131n avukatl\u0131kla, savc\u0131l\u0131kla ilgisi yok. Biz \u00f6zel yekili mahkemeleri kald\u0131raca\u011f\u0131m\u0131z\u0131 s\u00f6yl\u00fcyoruz.<\/p>\n<p style=\"text-align: justify;\"><strong>\u2018K\u0131rg\u0131nl\u0131k yanl\u0131\u015f\u2019<\/strong><\/p>\n<p style=\"text-align: justify;\">Ba\u015fbakan Tayyip Erdo\u011fan, CHP Kurultay\u0131\u2019na davet edilmedikleri i\u00e7in sizi aramayaca\u011f\u0131n\u0131 s\u00f6yledi. Ba\u015fbakan Yard\u0131mc\u0131s\u0131 Cemil \u00c7i\u00e7ek de CHP\u2019nin iade-i ziyaret yapmad\u0131\u011f\u0131n\u0131 belirtti. Siz ziyaret edecek misiniz?<\/p>\n<p style=\"text-align: justify;\">Cemil beyin atlad\u0131\u011f\u0131 bir \u015fey var; say\u0131n Ba\u015fbakan, cumhurba\u015fkan\u0131 se\u00e7iminden \u00f6nce, say\u0131n Deniz Baykal\u2019\u0131 ziyaret edece\u011fini s\u00f6ylemi\u015fti. Ama etmedi. Kar\u015f\u0131l\u0131kl\u0131 ziyaretler de aksamalar oldu. Kald\u0131 ki, say\u0131n Ba\u015fbakan, telefon a\u00e7ar veya a\u00e7maz, ziyaret eder veya etmez, kendi takdiridir. Toplumumuzda de\u011fer yarg\u0131lar\u0131 var, gelene\u011fimiz var. Bir g\u00f6reve yeni gelen birine ba\u015far\u0131lar dilemek, hay\u0131rl\u0131 olsun demek gibi, toplumsal bir gelene\u011fimiz var. Topluma sayg\u0131n\u0131n gere\u011fi bunun yap\u0131lmas\u0131 gerekir. Say\u0131n Ba\u015fbakan telefon etmeyecekse, ona da sayg\u0131m\u0131z var.<\/p>\n<p style=\"text-align: justify;\">Ba\u015fbakan aramasa ve gelmese de siz g\u00f6r\u00fc\u015f\u00fcr, ziyaret eder misiniz?<\/p>\n<p style=\"text-align: justify;\">Ziyaret ko\u015fullar\u0131 olu\u015fursa niye gitmeyeyim? Siyaseti k\u0131rg\u0131nl\u0131k \u00fczerine kurmak do\u011fru de\u011fil. Siyaset\u00e7ilerin, liderlerin birbirlerine k\u0131r\u0131lmamalar\u0131 gerekir. Bu k\u0131rg\u0131nl\u0131\u011f\u0131n k\u0131rlara, kahvelere yay\u0131ld\u0131\u011f\u0131n\u0131 ve daha sert ya\u015fand\u0131\u011f\u0131n\u0131 bilmemiz gerek.<\/p>\n<p style=\"text-align: justify;\">Say\u0131n Baykal d\u0131\u015f politika konular\u0131 d\u0131\u015f\u0131nda K\u00f6\u015fk\u2019e de \u00e7\u0131km\u0131yordu, CHP grubu da TBMM\u2019de Cumhurba\u015fkan\u0131 gelince aya\u011fa kalkm\u0131yordu. Bu tutum devam edecek mi? Bir partide yeni y\u00f6netim olu\u015funca, An\u0131tkabir\u2019i ve Cumhurba\u015fkan\u0131\u2019n\u0131 ziyaret etme gelene\u011fi var. B\u00f6yle bir ziyaret planlad\u0131n\u0131z m\u0131?<\/p>\n<p style=\"text-align: justify;\">An\u0131tkabir\u2019e cumartesi g\u00fcn\u00fc gidece\u011fiz. Ama K\u00f6\u015fk\u2019\u00fc hen\u00fcz konu\u015fmad\u0131k. Zamanla de\u011fi\u015fti\u011fi g\u00f6r\u00fcl\u00fcr. O sayg\u0131 toplumun beklentilerine uygun olarak g\u00f6sterilir. CHP\u2019nin belli bir politikas\u0131 var. Say\u0131n Cumhurba\u015fkan\u0131\u2019n\u0131n se\u00e7ilme y\u00f6ntemine biz kar\u015f\u0131 \u00e7\u0131kt\u0131k. Ama se\u00e7ildikten sonra, elbette  Cumhurba\u015fkan\u0131d\u0131r, davet geldi\u011fi zaman da gideriz.<\/p>\n<p style=\"text-align: justify;\">Size y\u00f6neltilen ele\u015ftirilerden biri kurultay konu\u015fman\u0131zda \u2018K\u00fcrt\u2019 s\u00f6zc\u00fc\u011f\u00fcn\u00fc kullanmam\u0131\u015f olman\u0131z. K\u00fcrt demekten \u00f6zellikle mi ka\u00e7\u0131nd\u0131n\u0131z?<\/p>\n<p style=\"text-align: justify;\">K\u00fcrt s\u00f6zc\u00fc\u011f\u00fcn\u00fc kullanmak bir maharetse, kullan\u0131r\u0131z. Ben K\u00fcrt demedim, ama T\u00fcrk de demedim, \u00c7erkez de demedim. Etnik kimli\u011fi ve inan\u00e7lar\u0131 siyasetin merkezine koymay\u0131 do\u011fru bulmuyorum. Etnik kimlik \u015fereftir diyoruz. Siyaset\u00e7inin g\u00f6revi toplumun tamam\u0131n\u0131n sorunlar\u0131n\u0131 \u00e7\u00f6zmektir.<\/p>\n<p style=\"text-align: justify;\">\u0130nan\u00e7 da insanla Allah aras\u0131nda mahrem bir ili\u015fkidir. \u0130nan\u00e7lara sayg\u0131 g\u00f6stereceksiniz. Ama toplumun \u00f6z\u00fcnde bir insan oldu\u011funu unutmayacaks\u0131n\u0131z. Ki\u015fi anne ve babas\u0131n\u0131 se\u00e7emedi\u011fine g\u00f6re, etnik kimlik veya inan\u00e7 siyasetin merkezinde olmamal\u0131. Bu nedenle kimse \u00f6tekile\u015ftirilmemeli. \u0130badetin yerine getirilmesi \u00f6n\u00fcnde yasal engeller varsa onu kald\u0131rmak siyaset\u00e7inin g\u00f6revidir. K\u00fclt\u00fcrel alanda da aksakl\u0131klar varsa, onlar\u0131 da giderece\u011fiz.<\/p>\n<p style=\"text-align: justify;\"><strong>\u2018Man\u015fetle gelmedim\u2019<\/strong><\/p>\n<p style=\"text-align: justify;\">Ba\u015fbakan sizin i\u00e7in \u2018Man\u015fetle gelen, man\u015fetle gider\u2019, \u2018Tenekeyi alt\u0131n sar\u0131s\u0131na boyasasan\u0131z da alt\u0131n olmaz\u2019 demesine ne yan\u0131t vereceksiniz?<\/p>\n<p style=\"text-align: justify;\">Ben man\u015fetle gelmedim. Delgelerin oyuyla geldim. Delegelerin \u00f6zg\u00fcr iradeleriyle geldim. Medya halk\u0131n nabz\u0131n\u0131 tutuyorsa bunu man\u015fetlerine yans\u0131t\u0131r. Bu bazen olumlu olur, bazen olumsuz olur. Medya medyad\u0131r. Medyan\u0131n iktidar yanl\u0131s\u0131 veya kar\u015f\u0131t\u0131 diye b\u00f6l\u00fcnmesini do\u011fru bulmuyorum. Ama \u00fcz\u00fclerek s\u00f6yl\u00fcyorum baz\u0131 medya organlar\u0131n\u0131n ko\u015fulsuz iktidar destek\u00e7isi olmas\u0131 bizi \u00fcz\u00fcyor, bunlar\u0131n ba\u015f\u0131nda da TRT geliyor.<\/p>\n<p style=\"text-align: justify;\">Say\u0131n Ba\u015fbakan\u2019\u0131n bu s\u00f6zlerini anlamakta zorlan\u0131yorum. \u0130lk konu\u015fmas\u0131nda bu kadar sertle\u015fmesi bir pani\u011fin ifadesi. Ama bu panik burada kalmayacak. CHP geni\u015f halk kitleleriyle kucakla\u015f\u0131nca daha da artacak. Korkum, panikle birlikte despot bir anlay\u0131\u015f\u0131n h\u00e2kim olmas\u0131. Recep bey de bunu g\u00f6r\u00fcyorum. Teneke-alt\u0131n s\u00f6ylemi de bu pani\u011fin somut bir g\u00f6stergesi.<\/p>\n<p style=\"text-align: justify;\">Ba\u015fbakan\u2019a neden \u00f6zellikle Recep bey diye hitap ediyorsunuz?<\/p>\n<p style=\"text-align: justify;\">\u00c7\u00fcnk\u00fc Recep bey, eski Tayyip bey de\u011fil. Tayyip bey, \u0130stanbul\u2019a y\u0131rt\u0131k ayakkab\u0131 ile gelen, okula y\u0131rt\u0131k ayakkab\u0131 ile giden, asgari \u00fccretle \u00e7al\u0131\u015fan, futbol ayakkab\u0131s\u0131n\u0131 bile arkada\u015flar\u0131n\u0131n yard\u0131m\u0131yla alabilen biriydi. Ama siyasetle birlikte m\u00fcthi\u015f bir zenginli\u011fe kavu\u015ftu. Tayyipli\u011fi, b\u0131rakt\u0131 Recep bey oldu. Recep bey baz\u0131 mal varl\u0131\u011f\u0131 a\u00e7\u0131klamalar\u0131 yapt\u0131 ama kayna\u011f\u0131n\u0131 a\u00e7\u0131klamad\u0131. \u0130ddia ediyorum \u00e7al\u0131\u015fma ya\u015fam\u0131m boyunca ben Recep beyin ald\u0131\u011f\u0131 ayl\u0131ktan daha fazla ayl\u0131k ald\u0131m. Bir sene de yurtd\u0131\u015f\u0131nda \u00e7al\u0131\u015ft\u0131m. Bu olanaklara ra\u011fmen Recep Bey\u2019in mal varl\u0131\u011f\u0131na ula\u015famad\u0131m. Benim beceremedi\u011fim neyi becermi\u015f Recep bey? \u00c7\u0131k\u0131p, maharetini millete anlatmas\u0131 laz\u0131m.<\/p>\n<p style=\"text-align: justify;\">Aile sigortas\u0131 uygulamas\u0131na ge\u00e7ece\u011finizi s\u00f6ylediniz. Ne yapacaks\u0131n\u0131z, hangi kaynakla yapacaks\u0131n\u0131z?<\/p>\n<p style=\"text-align: justify;\">ILO\u2019nun (Uluslararas\u0131 \u00c7al\u0131\u015fma \u00d6rg\u00fct\u00fc) kabul etti\u011fi dokuz sigortadan biri aile sigortas\u0131d\u0131r. T\u00fcrkiye\u2019nin bu sigortaya ge\u00e7mek i\u00e7in taahh\u00fcd\u00fc vard\u0131r. \u00d6nce yoksulluk envanteri yap\u0131lacak. Sonra ailede kad\u0131n\u0131n hesab\u0131na belli bir para yat\u0131r\u0131lacak.  Bu para asgari \u00fccretin bir par\u00e7a alt\u0131nda olacak. Kamuya i\u015f\u00e7i al\u0131n\u0131rken de \u00f6nce bu ailelerden al\u0131nacak. Kaynak konusuna gelince, bu t\u00fcr yard\u0131mlar\u0131 yapan 10 kadar kurulu\u015f var. Sosyal Yard\u0131mla\u015fma Fonu, K\u0131z\u0131lay, belediyeler gibi. Bu kaynaklar birle\u015ftirilecek ve objektif kriterlere g\u00f6re \u00f6deme yap\u0131lacak. Bu mercimek, k\u00f6m\u00fcr da\u011f\u0131tmakla ve bu yoksul insanlar\u0131 te\u015fhir etmekle, bunun \u00fczerinden siyaset yapmakla, onlar\u0131 siyasi olarak istismar etmekle olmaz.  Bu \u00f6deme \u00f6m\u00fcr boyu olmayacak. Aile yoksulluk envanterinden \u00e7\u0131k\u0131nca, \u00f6deme de kesilecek. Vatanda\u015f sosyal devletten hakk\u0131n\u0131 isteyecek. Sadaka devleti de\u011fil sosyal devlet olacak. Vatanda\u015f sosyal devlete \u2018Benim yoksullu\u011fumu gider\u2019 diyebilecek.<\/p>\n<p style=\"text-align: justify;\">AKP\u2019nin acil eylem plan\u0131nda \u00fc\u00e7 ay i\u00e7inde yoksulluk envanteri \u00e7\u0131karmak vard\u0131, y\u0131l 2010 h\u00e2l\u00e2 yok. \u00c7\u00fcnk\u00fc AKP yoksulluk \u00fczerinden siyaset yap\u0131yor. Biz sosyal devleti g\u00fc\u00e7l\u00fc hale getirecek.<\/p>\n<p style=\"text-align: justify;\"><strong>\u2018Se\u00e7im baraj\u0131 inmeli\u2019<\/strong><\/p>\n<p style=\"text-align: justify;\">Y\u00fczde 10 se\u00e7im baraj\u0131n\u0131 indirece\u011finizi s\u00f6ylediniz. Kafan\u0131zdaki oran nedir?<\/p>\n<p style=\"text-align: justify;\">Y\u00fczde 10 \u00e7ok y\u00fcksek. \u015eu anda bir oran s\u00f6yleyemem ama Avrupa\u2019daki oranlardan yararlan\u0131labilir. \u00c7\u00fcnk\u00fc parlamentoda milli irade gasp\u0131na yol a\u00e7\u0131yor. Y\u00fczde 47 oyla parlamentoda y\u00fczde 63 \u00e7o\u011funlu\u011fu al\u0131yorsunuz.Bu g\u00fc\u00e7 ger\u00e7ekten milli iradeyi yans\u0131tm\u0131yor. \u0130ktidar o oylar\u0131 temsil etmiyor. 16 puan art\u0131 olarak kendi cebinize koymu\u015f oluyorsunuz. Bu g\u00fc\u00e7 ger\u00e7ekten milli iradeyi yans\u0131tm\u0131yor. Bu nedenle iktidara gelince indirece\u011fiz. Say\u0131n ba\u015fbakan nedense bunu duymamazl\u0131ktan geliyor. Di\u011fer s\u00f6ylediklerimi duyuyor, \u2018Nas\u0131l yapacakm\u0131\u015f, kayna\u011f\u0131 neymi\u015f?\u2019 diye soruyor, ama bu konuyu duymuyor. Bu konuda kanun teklifi de verilebilir tabi, ama uygulamak i\u00e7in iktidar olmak laz\u0131m. \u0130ktidar b\u00f6yle bir \u00f6neri getirirse elbette destekleriz.<\/p>\n<p style=\"text-align: justify;\">CHP\u2019nin Parti Meclisi\u2019ne se\u00e7ilen baz\u0131 isimlerin parti \u00fcyesi olmad\u0131\u011f\u0131 belirtildi. Say\u0131n Algan Hacalo\u011flu\u2019nun a\u00e7\u0131klamalar\u0131na ne diyorsunuz?<\/p>\n<p style=\"text-align: justify;\">Ben parti y\u00f6netiminde de\u011fildim, bilmiyorum. Olaca\u011f\u0131n\u0131 sanm\u0131yorum ama e\u011fer b\u00f6yle bir durum varsa, o zaman itiraz etmeleri gerekirdi. San\u0131yorum itiraz s\u00fcresi ge\u00e7ti. \u00d6zellikle y\u0131llar\u0131n\u0131 partiye vermi\u015f arkada\u015flar\u0131n partiyi y\u0131pratacak konularda daha dikkatli olmalar\u0131n\u0131 beklerim.<\/p>\n<p style=\"text-align: justify;\">Kurultay konu\u015fmas\u0131n\u0131zda parti i\u00e7i demokrasiye vurgu yapt\u0131n\u0131z. Bu konuda ne yapacaks\u0131n\u0131z?<\/p>\n<p style=\"text-align: justify;\">Genel ba\u015fkan adayl\u0131\u011f\u0131 i\u00e7in gerekli g\u00f6r\u00fclen y\u00fczde 20\u2019lik baraj\u0131 y\u00fczde 5\u2019e indirmeyi d\u00fc\u015f\u00fcn\u00fcyoruz. Ayr\u0131ca delegelerin divan\u0131n \u00f6n\u00fcnde imza atmalar\u0131 uygulamas\u0131n\u0131 da kald\u0131rmay\u0131 d\u00fc\u015f\u00fcn\u00fcyoruz. Gen\u00e7lik ve kad\u0131n kollar\u0131n\u0131 da g\u00fc\u00e7lendimmeyi hedefliyoruz. Partiye \u00fcye olmay\u0131 da kolayla\u015ft\u0131raca\u011f\u0131z. Anadolu\u2019da CHP\u2019ye \u00fcye olmak isteyen yurtta\u015flar var. Parti i\u00e7i b\u00fcrokrasinin parti i\u00e7i demokrasi \u00f6n\u00fcnde engel olarak konulmamas\u0131 laz\u0131m. Biraz daha saydam olunmas\u0131 gerekiyor.<\/p>\n<p style=\"text-align: justify;\"><strong>\u2018604 ruhsats\u0131z  maden \u015firketi\u2019<\/strong><\/p>\n<p style=\"text-align: justify;\">\u0130lk yurti\u00e7i seyahati grizu facias\u0131n\u0131n ya\u015fand\u0131\u011f\u0131 Zonguldak\u2019a yapt\u0131n\u0131z. Maden kazalar\u0131na dair d\u00fc\u015f\u00fcn\u00fcyorsunuz?<\/p>\n<p style=\"text-align: justify;\">\u00d6ncelikle Uluslararas\u0131 \u00c7al\u0131\u015fma \u00d6rg\u00fct\u00fc ILO\u2019nun 176 numaral\u0131 i\u015f sa\u011fl\u0131\u011f\u0131 ve g\u00fcvenli\u011fi s\u00f6zle\u015fmesinin kabul edilmesi gerekiyor. ILO, bunu 1995\u2019de kabul etmi\u015f. 1998\u2019de de T\u00fcrkiye\u2019deki b\u00fcrokratik mekanizma h\u00fck\u00fcmete bunun kabulun\u00fc \u00f6nermi\u015f. Y\u0131l 2010, bunu iktidar\u0131n mutlaka Meclis\u2019e getirmesi gerekiyor.  Biz takip\u00e7isi olaca\u011f\u0131z. Sendikalardan da rica ediyorum, onlar da takip\u00e7isi olsunlar.<\/p>\n<p style=\"text-align: justify;\">\u00c7al\u0131\u015fma Bakanl\u0131\u011f\u0131\u2019\u0131n 2008 Ocak tarihli raporu var \u00f6n\u00fcmde; Maden \u0130\u015fletmelerinde \u0130\u015f Sa\u011fl\u0131\u011f\u0131 ve G\u00fcvenli\u011fi Raporu. \u0130\u015f Yasas\u0131 gere\u011fince i\u015fletme belgesi olan 87 i\u015fletme var. \u0130\u015fletme belgesi olmayan i\u015fletme say\u0131s\u0131 ise 604. \u0130\u015fte bu tablo maden kazalar\u0131n\u0131n nedenini ortaya koyuyor. Bu rapor do\u011fruysa neden gere\u011fi yap\u0131lm\u0131yor, do\u011fru de\u011filse niye yay\u0131mlan\u0131yor?<\/p>\n<p style=\"text-align: justify;\"><span style=\"color: #888888;\">Murat Yetkin &#8211; Radikal<\/span><\/p>\n","protected":false},"excerpt":{"rendered":"<\/p>\n<p style=\"text-align: justify;\">CHP Genel Ba\u015fkan\u0131 Kemal K\u0131l\u0131\u00e7daro\u011flu, 27 May\u0131s 1960 darbesinin 50\u2019nci y\u0131ld\u00f6n\u00fcm\u00fcnde siyasete askeri m\u00fcdahalelere kar\u015f\u0131 \u00f6nemli bir \u00e7\u0131k\u0131\u015fta bulundu.<\/p>\n<p style=\"text-align: justify;\">\u201c27 May\u0131s\u2019\u0131 yapanlar bug\u00fcn utan\u0131yor\u201d diye konu\u015fan K\u0131l\u0131\u00e7daro\u011flu, \u201cAskeri darbelere kar\u015f\u0131y\u0131z, savunulamaz\u201d dedi. Toplumun art\u0131k demokrasi, hukukun \u00fcst\u00fcnl\u00fc\u011f\u00fc, insan haklar\u0131, g\u00fc\u00e7ler ayr\u0131l\u0131\u011f\u0131 ve medya \u00f6zg\u00fcrl\u00fc\u011f\u00fc ortak paydas\u0131nda bulu\u015fmas\u0131 gerekti\u011fini s\u00f6yleyen K\u0131l\u0131\u00e7daro\u011flu, <\/p>\n","protected":false},"author":1,"featured_media":0,"comment_status":"open","ping_status":"closed","sticky":false,"template":"","format":"standard","meta":{"footnotes":""},"categories":[105],"tags":[],"class_list":["post-23061","post","type-post","status-publish","format-standard","hentry","category-gundem","odd"],"_links":{"self":[{"href":"http:\/\/www.korhanyilmaz.com\/index.php?rest_route=\/wp\/v2\/posts\/23061","targetHints":{"allow":["GET"]}}],"collection":[{"href":"http:\/\/www.korhanyilmaz.com\/index.php?rest_route=\/wp\/v2\/posts"}],"about":[{"href":"http:\/\/www.korhanyilmaz.com\/index.php?rest_route=\/wp\/v2\/types\/post"}],"author":[{"embeddable":true,"href":"http:\/\/www.korhanyilmaz.com\/index.php?rest_route=\/wp\/v2\/users\/1"}],"replies":[{"embeddable":true,"href":"http:\/\/www.korhanyilmaz.com\/index.php?rest_route=%2Fwp%2Fv2%2Fcomments&post=23061"}],"version-history":[{"count":0,"href":"http:\/\/www.korhanyilmaz.com\/index.php?rest_route=\/wp\/v2\/posts\/23061\/revisions"}],"wp:attachment":[{"href":"http:\/\/www.korhanyilmaz.com\/index.php?rest_route=%2Fwp%2Fv2%2Fmedia&parent=23061"}],"wp:term":[{"taxonomy":"category","embeddable":true,"href":"http:\/\/www.korhanyilmaz.com\/index.php?rest_route=%2Fwp%2Fv2%2Fcategories&post=23061"},{"taxonomy":"post_tag","embeddable":true,"href":"http:\/\/www.korhanyilmaz.com\/index.php?rest_route=%2Fwp%2Fv2%2Ftags&post=23061"}],"curies":[{"name":"wp","href":"https:\/\/api.w.org\/{rel}","templated":true}]}}