{"id":23054,"date":"2010-05-26T15:52:10","date_gmt":"2010-05-26T12:52:10","guid":{"rendered":"http:\/\/www.korhanyilmaz.com\/?p=23054"},"modified":"2010-05-26T15:52:10","modified_gmt":"2010-05-26T12:52:10","slug":"hukuk-kongresinde-adalet-bakani-ile-yargitay-baskani-arasinda-anayasa-polemigi","status":"publish","type":"post","link":"http:\/\/www.korhanyilmaz.com\/?p=23054","title":{"rendered":"Hukuk kongresinde Adalet Bakan\u0131 ile Yarg\u0131tay Ba\u015fkan\u0131 aras\u0131nda anayasa polemi\u011fi"},"content":{"rendered":"<p style=\"text-align: center;\"><a href=\"http:\/\/www.korhanyilmaz.com\/wp-content\/uploads\/2010\/05\/hukukcular.jpg\"  class=\"lightview\"><img loading=\"lazy\" decoding=\"async\" class=\"aligncenter size-full wp-image-23055\" src=\"http:\/\/www.korhanyilmaz.com\/wp-content\/uploads\/2010\/05\/hukukcular.jpg\" alt=\"\" width=\"349\" height=\"231\" \/><\/a><\/p>\n<p style=\"text-align: justify;\">&#8211; Yarg\u0131tay Ba\u015fkan\u0131: &#8220;12 Eyl\u00fcl anayasas\u0131n\u0131n da gerisinde d\u00fczenlemeler yap\u0131ld\u0131&#8221;<\/p>\n<p style=\"text-align: justify;\">&#8211; Adalet Bakan\u0131: &#8220;Yarg\u0131 \u00fczerindeki vesayet\u00e7i anlay\u0131\u015ftan geriye gidi\u015f vard\u0131r&#8221;<\/p>\n<p style=\"text-align: justify;\">\u0130stanbul K\u00fclt\u00fcr \u00dcniversitesi&#8217;nde, T\u00fcrk Ceza Hukukundaki reforlar\u0131n y\u00fcr\u00fcrl\u00fc\u011fe girmesinin 5&#8217;inci y\u0131l\u0131 nedeniyle d\u00fczenlenen &#8221;D\u00fcnyada ve T\u00fcrkiye&#8217;de Ceza Hukuku Reformlar\u0131 Kongresi&#8221;nin ilk g\u00fcn\u00fcne, Adalet Bakan\u0131 Sadullah Ergin ile Yarg\u0131tay Ba\u015fkan\u0131 aras\u0131ndaki anayasa polemi\u011fi damga vurdu. <!--more--><\/p>\n<p style=\"text-align: justify;\">Yarg\u0131tay Ba\u015fkan\u0131&#8217;n\u0131n anayasa de\u011fi\u015fiklik tasar\u0131s\u0131n\u0131 ele\u015ftirerek &#8220;Her zaman ele\u015ftirdi\u011fimiz 12 Eyl\u00fcl anayasas\u0131n\u0131n da gerisinde d\u00fczenlemeler yap\u0131ld\u0131&#8221; s\u00f6zlerine, Bakan Ergin toplant\u0131dan ayr\u0131l\u0131rken gazetecilerin sorular\u0131 \u00fczerine yan\u0131t verdi. Bakan Ergin, &#8220;80 Anayasas\u0131n\u0131n daha gerisine g\u00f6t\u00fcrd\u00fc\u011f\u00fcne ben de kat\u0131l\u0131yorum. Ama yarg\u0131 \u00fczerindeki vesayet\u00e7i anlay\u0131\u015ftan geriye gidi\u015f vard\u0131r. Yarg\u0131n\u0131n aktivist, m\u00fcdahaleci anlay\u0131\u015f\u0131 s\u0131n\u0131rlayacak, kuvvetler ayr\u0131l\u0131\u011f\u0131 s\u0131n\u0131r\u0131nda tutacak bir d\u00fczenleme oldu\u011funu d\u00fc\u015f\u00fcn\u00fcyoruz. Avrupa&#8217;daki \u00f6rneklere bakarsak T\u00fcrkiye&#8217;deki d\u00fczenlemenin son derece yerinde oldu\u011fu Avrupa Birli\u011fi standartlar\u0131na uyumlu oldu\u011fu anla\u015f\u0131lacakt\u0131r&#8221; dedi.<\/p>\n<p style=\"text-align: justify;\">T\u00fcrk Ceza Hukukundaki reforlar\u0131n y\u00fcr\u00fcrl\u00fc\u011fe girmesinin 5&#8217;inci y\u0131l\u0131 nedeniyle d\u00fczenlenen &#8221;D\u00fcnyada ve T\u00fcrkiye&#8217;de Ceza Hukuku Reformlar\u0131 Kongresi&#8221;, \u0130stanbul K\u00fclt\u00fcr \u00dcniversitesi&#8217;nde ba\u015flad\u0131. 38 \u00fclkeden 70 hukuk\u00e7unun kat\u0131ld\u0131\u011f\u0131 kongrenin a\u00e7\u0131l\u0131\u015f konu\u015fmalar\u0131n\u0131 Adalet Bakan\u0131 Sadullah Ergin, Yarg\u0131tay Ba\u015fkan\u0131 Hasan Ger\u00e7eker, \u0130stanbul \u00dcniversitesi Hukuk Fak\u00fcltesi Dekan\u0131 Prof. Dr. Adem S\u00f6z\u00fcer ve Alman Yarg\u0131tay\u0131 Ba\u015fkan\u0131 Prof. Dr Klaus Tolksdorf yapt\u0131. 3 Haziran&#8217;a kadar s\u00fcrecek kongrede 1 Haziran 2005&#8217;te y\u00fcr\u00fcrl\u00fc\u011fe giren yeni T\u00fcrk Ceza Kanunu de\u011ferlendirilecek, di\u011fer hukuk reformu yapan \u00fclkelerle deneyimler payla\u015f\u0131lacak.<\/p>\n<p style=\"text-align: justify;\">A\u00e7\u0131l\u0131\u015f konu\u015fmas\u0131n\u0131 yapan Adalet Bakan\u0131 Sadullah Ergin, 1 Haziran 2005 tarihinde y\u00fcr\u00fcrl\u00fc\u011fe giren yeni T\u00fcrk Ceza Kanunu&#8217;nda getirilen yenilikleri ve AK Parti iktidar\u0131 boyunca yarg\u0131da yapt\u0131klar\u0131 iyile\u015ftirmeler hakk\u0131nda bilgi verdi. &#8220;\u00dclkemiz son 7 y\u0131lda tarihi bir hukuk reformu s\u00fcrecinden ge\u00e7mi\u015ftir&#8221; diyen Ergin, TCK&#8217;y\u0131 T\u00fcrk hukuk\u00e7ular\u0131n\u0131n yapt\u0131\u011f\u0131 \u00f6zg\u00fcn bir eser oldu\u011funu ve toplumsal mutabakatla olu\u015fturuldu\u011funu dile getirdi. Ergin, gelecekte bu d\u00f6nemi inceleyecek tarih\u00e7ilerin &#8220;Cumhuriyet ve kurulu\u015ftan sonra \u0130kinci Hukuk ve Adalet Devrimini bu d\u00f6nemde ger\u00e7ekle\u015fti\u011fini y\u00f6n\u00fcnde tarihe not d\u00fc\u015feceklerini savundu. Ceza mahkemelerinin g\u00f6revinin, insan haklar\u0131n\u0131 ihlal etmeden ger\u00e7e\u011fin ortaya \u00e7\u0131kar\u0131lmas\u0131 oldu\u011funu s\u00f6yleyen Bakan Ergin, devletin ceza yetkisini iste\u011fi gibi kullanamayaca\u011f\u0131n\u0131 dile getirdi. Ergin, cezalar\u0131n toplumun k\u00fclt\u00fcr\u00fcyle uyum i\u00e7inde olmas\u0131 gerekti\u011fini kaydeden Bakan Ergin, yarg\u0131da yap\u0131lan reformlar\u0131n yan\u0131s\u0131ra yarg\u0131da g\u00f6rev alan personelin \u00e7a\u011f\u0131n gereklerine uygun \u015fekilde insan haklar\u0131na sayg\u0131l\u0131 bir \u015fekilde \u00e7al\u0131\u015fmalar\u0131 gerekti\u011fini de ifade etti.<\/p>\n<p style=\"text-align: justify;\">Kongrenin \u00f6nemine de de\u011finen Ergin, &#8220;Kanunlara as\u0131l hayat veren onlar\u0131n uygulamas\u0131nda ortaya \u00e7\u0131kan sonu\u00e7lard\u0131r. D\u00fcnyada da yarg\u0131 i\u00e7tihatlar\u0131 yasal d\u00fczenlemelerin \u00f6n\u00fcne ge\u00e7mektedir&#8221; diyerek kat\u0131l\u0131mc\u0131lara iyi \u00e7al\u0131\u015fmalar diledi.<\/p>\n<p style=\"text-align: justify;\"><strong>Ger\u00e7eker: &#8220;12 Eyl\u00fcl Anayasas\u0131n\u0131n gerisine d\u00fc\u015ft\u00fck&#8221;<\/strong><\/p>\n<p style=\"text-align: justify;\">Yarg\u0131tay Ba\u015fkan\u0131 Hasan Ger\u00e7eker ise konu\u015fmas\u0131nda Anayasa de\u011fi\u015fikli\u011fiyle ilgili s\u00fcre\u00e7te kurum olarak s\u0131k\u0131nt\u0131lar\u0131n\u0131 dile getirerek ba\u015flad\u0131. Ger\u00e7eker&#8221; Ne yaz\u0131k ki bu Anayasa de\u011fi\u015fikli\u011fi s\u00fcrecinde geli\u015fmeler bizim uyar\u0131lar\u0131m\u0131z dikkate al\u0131narak geli\u015fmedi. Maalesef yarg\u0131 ba\u011f\u0131ms\u0131zl\u0131\u011f\u0131 12 Eyl\u00fcl Anayasas\u0131n\u0131n bile gerisine d\u00fc\u015ft\u00fc. Demokratik s\u00fcre\u00e7 devam ediyor. Sonuca hepimiz sayg\u0131 g\u00f6stermeliyiz.&#8221; dedi.<\/p>\n<p style=\"text-align: justify;\">Yarg\u0131 ba\u011f\u0131ms\u0131zl\u0131\u011f\u0131 olmazsa yarg\u0131n\u0131n siyasalla\u015faca\u011f\u0131n\u0131 ve de tarafla\u015faca\u011f\u0131na de\u011finen Ger\u00e7eker &#8220;Bu ilkeler olmazsa, yarg\u0131 ba\u011f\u0131ms\u0131zl\u0131\u011f\u0131 olmazsa yarg\u0131 siyasalla\u015f\u0131r, tarafs\u0131zl\u0131ktan uzakla\u015f\u0131r. Bir \u00fclkenin gelece\u011fi i\u00e7in en b\u00fcy\u00fck tehlike budur. Tarafs\u0131zl\u0131\u011f\u0131 sa\u011flayacak olan, y\u00fcr\u00fctmenin etkisinden ar\u0131nm\u0131\u015f tam ba\u011f\u0131ms\u0131z yarg\u0131d\u0131r. Yap\u0131lan d\u00fczenlemeler ile yarg\u0131n\u0131n temel sorunlar\u0131 \u00e7\u00f6z\u00fclmeyecektir. Yarg\u0131n\u0131n her g\u00fcn medyada g\u00fcndemde olmas\u0131, ele\u015ftirilerle kar\u015f\u0131 kar\u015f\u0131ya kalmas\u0131, verilen kararlardaki kamuya yans\u0131yan \u00e7eli\u015fkiler, ne yaz\u0131k ki yarg\u0131ya olan g\u00fcveni azaltmakta, bizleri \u00fczmektedir. Ortaya koydu\u011fumuz temel sorunlar\u0131n acilen \u00e7\u00f6z\u00fcmlenmesi gerekmektedir&#8221; diye konu\u015ftu.<\/p>\n<p style=\"text-align: justify;\">\u0130leti\u015fim ara\u00e7lar\u0131n\u0131n, uluslararas\u0131 ta\u015f\u0131mac\u0131l\u0131k ve ticaretini geli\u015fti\u011fini s\u00f6yleyen Ger\u00e7eker, g\u00fcn\u00fcm\u00fczde su\u00e7lar\u0131n uluslararas\u0131la\u015ft\u0131\u011f\u0131n\u0131, su\u00e7u i\u015fleyenin ayr\u0131, maktul\u00fcn ayr\u0131 bir \u00fclkede olabildi\u011fini s\u00f6yleyerek, \u00f6zellikle uyu\u015fturucu ticareti, insan ticareti ve ter\u00f6rizmle ilgili su\u00e7lar\u0131n s\u0131n\u0131r a\u015f\u0131r\u0131 oldu\u011funu ve bunlarla m\u00fccadele i\u00e7inde uluslararas\u0131 bir i\u015fbirli\u011fi gerekti\u011fini s\u00f6yledi. Ger\u00e7eker konu\u015fmas\u0131nda Avrupa Birli\u011fi s\u00fcreci \u00e7er\u00e7evesinde 2001 y\u0131l\u0131ndan beri Anayasa ve yasalarda yap\u0131lan reformlara da de\u011findi.<\/p>\n<p style=\"text-align: justify;\"><strong>Alman Yarg\u0131tay Ba\u015fkan\u0131: &#8220;Yarg\u0131, bas\u0131na ve siyasi bask\u0131lara diren\u00e7li olmal\u0131&#8221;<\/strong><\/p>\n<p style=\"text-align: justify;\">Almanya Yarg\u0131tay\u0131 Ba\u015fkan\u0131 Prof. Dr. Klaus Tolksdorf ise T\u00fcrk Ceza Hukukunda yap\u0131lan reformalar\u0131 5 y\u0131l sonra de\u011ferlendirmenin \u00f6nemine dikkat \u00e7ekerken, &#8220;Burada reformlar\u0131n durumunu uygulama sonras\u0131 baz\u0131 ince ayarlara gerek olup olmad\u0131\u011f\u0131n\u0131 g\u00f6rece\u011fiz&#8221; dedi. Tolksdorf, 38 \u00fclkeden gelen ceza hukuk\u00e7ular\u0131n\u0131n bir araya gelip ba\u015fka \u00fclkelerde ne oldu\u011funun g\u00f6rmesi \u00f6\u011fretinin ve prati\u011fin geli\u015fimi a\u00e7\u0131s\u0131ndan \u00f6nemine dikkat \u00e7ekti.<\/p>\n<p style=\"text-align: justify;\">Hukuk\u00e7ular\u0131n sadece \u00f6\u011freti de\u011fil prati\u011fe de dikkate almas\u0131n\u0131 gerekti\u011fini s\u00f6yleyen Alman Yarg\u0131tay Ba\u015fkan\u0131, siyasi ve bas\u0131ndan gelen bask\u0131lara kar\u015f\u0131 diren\u00e7li olunmas\u0131 gerekti\u011fini s\u00f6yledi. S\u0131k\u0131nt\u0131l\u0131 bir d\u00f6nem ge\u00e7irildi\u011fini s\u00f6yleyen Tolksdorf, \u00f6zellikle bulvar gazeteleri son d\u00f6nemlerde \u00e7ocuk istismar\u0131 gibi konularda daha fazla ceza verilmesi zaman a\u015f\u0131m\u0131n\u0131n kald\u0131r\u0131lmas\u0131 gibi talepleri oldu\u011funu, ancak bunlar\u0131 \u00e7ok \u00fcrk\u00fct\u00fcc\u00fc oldu\u011funu ve siyasi sorumluluk sahiplerinin bunlara kulak vermemesi gerekti\u011fini ifade etti.<\/p>\n<p style=\"text-align: justify;\">Kongrenin mimar\u0131 Prof. Dr. Adem S\u00f6z\u00fcer de 5 y\u0131l \u00f6nce y\u00fcr\u00fcrl\u00fc\u011fe giren yeni TCK, CMUK ile Ceza ve G\u00fcvenlik Tedbirlerinin \u0130nfaz\u0131 Hakk\u0131nda Kanunun ile T\u00fcrkiye&#8217;nin ceza hukukunda geldi\u011fi noktaya de\u011findi. S\u00f6z\u00fcer, ge\u00e7mi\u015f y\u0131llarda yurtd\u0131\u015f\u0131nda T\u00fcrkiye&#8217;nin i\u015fkence yapan bir \u00fclke imaj\u0131 oldu\u011funu ancak bunun bug\u00fcn de\u011fi\u015fti\u011fini ceza kanununu di\u011fer \u00fclkeler i\u00e7in \u00f6rnek te\u015fkil etti\u011fini kaydetti.<\/p>\n<p style=\"text-align: justify;\">Kongrenini ilk g\u00fcn\u00fcn\u00fcn ikinci oturumunda ise &#8220;Savc\u0131l\u0131k ve kolluk ili\u015fkisi ve kamu davas\u0131n\u0131n a\u00e7\u0131lmas\u0131n\u0131n ko\u015fullar\u0131&#8221;, Prof. Dr. Bahri \u00d6zt\u00fcrk&#8217;\u00fcn ba\u015fkanl\u0131\u011f\u0131nda ele al\u0131nd\u0131. &#8220;Savc\u0131l\u0131\u011f\u0131n kamu davas\u0131 a\u00e7\u0131lmas\u0131na y\u00f6nelik karar\u0131&#8221; ba\u015fl\u0131\u011f\u0131 alt\u0131ndaki tebli\u011f Almanya&#8217;dan Prof. Dr. Thomas Weigend ve &#8220;Ceza mahakemesi hukukunda soru\u015fturma evresinin ba\u015flamas\u0131 ve \u00f6nalan ara\u015ft\u0131rmalar\u0131&#8221; konulu betli\u011fi Prof. Dr. Feridun Yenisey taraf\u0131ndan verildi. . \u0130lk g\u00fcn oturumlar\u0131, &#8220;kamu davas\u0131 a\u00e7\u0131lmas\u0131n\u0131n ko\u015fullar\u0131&#8221; \u0130spanya&#8217;dan Prof. Dr. Manuel Cancio ve &#8220;Savc\u0131 kolluk ili\u015fkisi-savc\u0131n\u0131n yetkileri&#8221; Hollanda&#8217;dan Do\u00e7. Dr. P\u0131nar \u00d6l\u00e7er taraf\u0131ndan yap\u0131lan tebli\u011flerle sona erdi.<\/p>\n<p style=\"text-align: justify;\"><strong>Anayasa de\u011fi\u015fikli\u011fi polemi\u011fi<\/strong><\/p>\n<p style=\"text-align: justify;\">Kongrenin a\u00e7\u0131l\u0131\u015f konu\u015fmalar\u0131n\u0131n ard\u0131ndan salondan ayr\u0131lan Adalet Bakan\u0131 Ergin&#8217;e, Yarg\u0131tay Ba\u015fkan\u0131 Ger\u00e7eker&#8217;in yeni anayasa d\u00fczenlemelerinin yarg\u0131 ba\u011f\u0131ms\u0131zl\u0131\u011f\u0131n\u0131 12 Eyl\u00fcl Anayasas\u0131&#8217;n\u0131n gerisine getirdi\u011fi s\u00f6zleri hat\u0131rlat\u0131ld\u0131. Bunun \u00fczerine Adalet Bakan\u0131, &#8220;1980 Anayasas\u0131&#8217;n\u0131n daha gerisine g\u00f6t\u00fcrd\u00fc\u011f\u00fcne ben de kat\u0131l\u0131yorum. Ama yarg\u0131 \u00fczerindeki vesayet\u00e7i anlay\u0131\u015ftan geriye gidi\u015f vard\u0131r. Yarg\u0131n\u0131n aktivist, m\u00fcdahaleci anlay\u0131\u015f\u0131 s\u0131n\u0131rlayacak, kuvvetler ayr\u0131l\u0131\u011f\u0131 s\u0131n\u0131r\u0131nda tutacak bir d\u00fczenleme oldu\u011funu d\u00fc\u015f\u00fcn\u00fcyoruz. Avrupa&#8217;daki \u00f6rneklere bakarsak T\u00fcrkiye&#8217;deki d\u00fczenlemenin son derece yerinde oldu\u011fu Avrupa Birli\u011fi standartlar\u0131na uyumlu oldu\u011fu anla\u015f\u0131lacakt\u0131r.<\/p>\n<p style=\"text-align: justify;\"><strong>Oturum ve tebli\u011fler<\/strong><\/p>\n<p style=\"text-align: justify;\">Kongrenin a\u00e7\u0131l\u0131\u015f g\u00fcn\u00fc iki ayr\u0131 oturum ger\u00e7ekle\u015fti. Oturum ba\u015fkanl\u0131\u011f\u0131n\u0131 Prof. Dr. Cumhur \u015eahin taraf\u0131ndan y\u00fcr\u00fct\u00fclen ilk oturumda &#8220;Yarg\u0131 ve Medya&#8221; ele al\u0131nd\u0131. &#8220;Ceza davas\u0131nda bas\u0131n\u0131n g\u00f6revi ve A\u0130HM i\u00e7tihatlar\u0131 \u00e7er\u00e7evesinde alenilik ilkeninin s\u0131n\u0131rlar\u0131&#8221; \u00fczerine Almanya&#8217;dan Prof. Dr. Hans Heiner K\u00fchne ve &#8220;Soru\u015fturma ve kovu\u015fturma a\u015famas\u0131ndaki yay\u0131nlarla ilgili su\u00e7lar&#8221; \u00fczerine yine Almanya&#8217;dan Prof. Dr. Urs Kindhaeuser&#8221; tebli\u011flerini sundu. K\u00fchne bas\u0131n\u0131n bilgilendirme hakk\u0131yla, soru\u015fturman\u0131n gizlili\u011fi aras\u0131nda bir \u00e7eli\u015fki oldu\u011funu ve bunu d\u00fczenleyen bir normun Almanya&#8217;da olu\u015famad\u0131\u011f\u0131n\u0131 s\u00f6yledi. Mahkemelerde aleniyetin olmas\u0131 gerekti\u011fini ancak bunun masumiyet karinesi, ki\u015filik haklar\u0131 ve yasal s\u0131n\u0131rlarla \u00e7er\u00e7evelenmesi gerekti\u011fini s\u00f6yledi.<\/p>\n<p style=\"text-align: justify;\">Prof. Dr. Urs Kindhaeuser ise bas\u0131n\u0131n kendi insiyatifiyle baz\u0131 su\u00e7lar\u0131, Watergate skandal\u0131nda oldu\u011fu gibi ortaya \u00e7\u0131karabilece\u011fi, ancak bas\u0131n\u0131 yarg\u0131lama s\u00fcrecine m\u00fcdahil olmamas\u0131 gerekti\u011fini s\u00f6yledi. Gazetecilerin para vererek insanlar\u0131 konu\u015fturmas\u0131n\u0131n do\u011fru olamad\u0131\u011f\u0131n\u0131 s\u00f6yleyen Kindhaeuser, &#8220;Bas\u0131n\u0131n bilgilenme hakk\u0131 oldu\u011fu gibi ki\u015filerin de \u00f6zel konularda anonim kalma hakk\u0131 vard\u0131r&#8221; dedi.<\/p>\n<p style=\"text-align: justify;\"><strong>Ergenekon&#8217;un hukuki s\u00fcreci Almanya&#8217;da yeterince bilinmiyor<\/strong><\/p>\n<p style=\"text-align: justify;\">Alman Yarg\u0131tay Ba\u015fkan\u0131 Prof. Dr. Klaus Tolksdorf, T\u00fcrkiye&#8217;de ya\u015fanan Ergenekon s\u00fcrecinde yarg\u0131lanman\u0131n uzun s\u00fcrmesi ve masumiyet karinesinin ihlal edilmesiyle ilgili Habert\u00fcrk&#8217;\u00fcn sorunlar\u0131na ise &#8220;Maalesef Almanya&#8217;da bu konunun detaylar\u0131yla ilgili bas\u0131nda \u00e7ok fazla bilgi yok. \u0130\u015fin siyasi yan\u0131 hakk\u0131nda yaz\u0131lar olsa da hukuki boyutuna de\u011finilmiyor. \u0130leti\u015fi sorunu var. Bu nedenle herhangi bir yorum yapamaca\u011f\u0131m&#8221; dedi.<\/p>\n<p style=\"text-align: justify;\"><span style=\"color: #888888;\">Bar\u0131\u015f ERDO\u011eAN \/ T\u00fclay ACAR \/ Serkan AKKO\u00c7 \/ AHT<\/span><\/p>\n","protected":false},"excerpt":{"rendered":"<p style=\"text-align: center;\">\n<p style=\"text-align: justify;\">&#8211; Yarg\u0131tay Ba\u015fkan\u0131: &#8220;12 Eyl\u00fcl anayasas\u0131n\u0131n da gerisinde d\u00fczenlemeler yap\u0131ld\u0131&#8221;<\/p>\n<p style=\"text-align: justify;\">&#8211; Adalet Bakan\u0131: &#8220;Yarg\u0131 \u00fczerindeki vesayet\u00e7i anlay\u0131\u015ftan geriye gidi\u015f vard\u0131r&#8221;<\/p>\n<p style=\"text-align: justify;\">\u0130stanbul K\u00fclt\u00fcr \u00dcniversitesi&#8217;nde, T\u00fcrk Ceza Hukukundaki reforlar\u0131n y\u00fcr\u00fcrl\u00fc\u011fe girmesinin 5&#8217;inci y\u0131l\u0131 nedeniyle d\u00fczenlenen &#8221;D\u00fcnyada ve T\u00fcrkiye&#8217;de Ceza Hukuku Reformlar\u0131 Kongresi&#8221;nin ilk g\u00fcn\u00fcne, Adalet Bakan\u0131 Sadullah Ergin <\/p>\n","protected":false},"author":1,"featured_media":0,"comment_status":"open","ping_status":"closed","sticky":false,"template":"","format":"standard","meta":{"footnotes":""},"categories":[105],"tags":[],"class_list":["post-23054","post","type-post","status-publish","format-standard","hentry","category-gundem","odd"],"_links":{"self":[{"href":"http:\/\/www.korhanyilmaz.com\/index.php?rest_route=\/wp\/v2\/posts\/23054","targetHints":{"allow":["GET"]}}],"collection":[{"href":"http:\/\/www.korhanyilmaz.com\/index.php?rest_route=\/wp\/v2\/posts"}],"about":[{"href":"http:\/\/www.korhanyilmaz.com\/index.php?rest_route=\/wp\/v2\/types\/post"}],"author":[{"embeddable":true,"href":"http:\/\/www.korhanyilmaz.com\/index.php?rest_route=\/wp\/v2\/users\/1"}],"replies":[{"embeddable":true,"href":"http:\/\/www.korhanyilmaz.com\/index.php?rest_route=%2Fwp%2Fv2%2Fcomments&post=23054"}],"version-history":[{"count":0,"href":"http:\/\/www.korhanyilmaz.com\/index.php?rest_route=\/wp\/v2\/posts\/23054\/revisions"}],"wp:attachment":[{"href":"http:\/\/www.korhanyilmaz.com\/index.php?rest_route=%2Fwp%2Fv2%2Fmedia&parent=23054"}],"wp:term":[{"taxonomy":"category","embeddable":true,"href":"http:\/\/www.korhanyilmaz.com\/index.php?rest_route=%2Fwp%2Fv2%2Fcategories&post=23054"},{"taxonomy":"post_tag","embeddable":true,"href":"http:\/\/www.korhanyilmaz.com\/index.php?rest_route=%2Fwp%2Fv2%2Ftags&post=23054"}],"curies":[{"name":"wp","href":"https:\/\/api.w.org\/{rel}","templated":true}]}}