{"id":23048,"date":"2010-05-25T13:58:04","date_gmt":"2010-05-25T10:58:04","guid":{"rendered":"http:\/\/www.korhanyilmaz.com\/?p=23048"},"modified":"2010-05-25T13:58:04","modified_gmt":"2010-05-25T10:58:04","slug":"erdogan-candas-ve-yoldas-medya-turedi","status":"publish","type":"post","link":"http:\/\/www.korhanyilmaz.com\/?p=23048","title":{"rendered":"Erdo\u011fan: &#8216;Canda\u015f ve yolda\u015f medya t\u00fcredi&#8217;"},"content":{"rendered":"<p style=\"text-align: center;\"><a href=\"http:\/\/www.korhanyilmaz.com\/wp-content\/uploads\/2010\/05\/erdogan31.jpg\"  class=\"lightview\"><img loading=\"lazy\" decoding=\"async\" class=\"aligncenter size-full wp-image-23049\" src=\"http:\/\/www.korhanyilmaz.com\/wp-content\/uploads\/2010\/05\/erdogan31.jpg\" alt=\"\" width=\"307\" height=\"236\" \/><\/a><\/p>\n<p style=\"text-align: justify;\">Ba\u015fbakan Recep Tayyip Erdo\u011fan, yine CHP&#8217;yi hedef ald\u0131 ve &#8220;CHP&#8217;de \u00f6nemli olan koltu\u011fun de\u011fil, zihniyetin de\u011fi\u015fmesidir. Hafta sonu zihniyetin de\u011fi\u015fmedi\u011fi ortaya \u00e7\u0131kt\u0131&#8221; dedi. Erdo\u011fan, &#8216;yanda\u015f medya&#8217; ele\u015ftirilerine de yan\u0131t verdi: &#8220;\u015eimdi iki t\u00fcr medya t\u00fcredi; canda\u015f medya, yolda\u015f medya. Man\u015fetle gelen, man\u015fetle gider.&#8221;<!--more--><\/p>\n<p style=\"text-align: justify;\">Partisinin grup toplant\u0131s\u0131nda konu\u015fan Ba\u015fbakan Erdo\u011fan&#8217;\u0131n konu\u015fmas\u0131ndan sat\u0131r ba\u015flar\u0131 \u015f\u00f6yle:<\/p>\n<p style=\"text-align: justify;\">&#8211; CHP ola\u011fan kurultay\u0131n\u0131 ger\u00e7ekle\u015ftirdi. CHP&#8217;de \u00f6nemli olan koltu\u011fun de\u011fil, zihniyetin de\u011fi\u015fmesidir. Hafta sonu zihniyetin de\u011fi\u015fmedi\u011fi ortaya \u00e7\u0131kt\u0131. Zihniyetin bir katre dahi de\u011fi\u015fmedi\u011fi ortaya \u00e7\u0131kt\u0131. Bug\u00fcne kadar, malum medya d\u00fcnyas\u0131ndaki \u00e7evreler; AK Parti&#8217;ye destek veren bir medya grubu varsa, damgay\u0131 \u015f\u00f6yle vuruyordu: Yanda\u015f medya&#8230; Ama iki medya t\u00fcredi \u015fimdi. Canda\u015f ve yolda\u015f medya&#8230;<\/p>\n<p style=\"text-align: justify;\">&#8211; Bu s\u00fcre i\u00e7inde \u00e7ok yo\u011fun mesai sarfettiler. Hala mesai sarfetmeye devam ediyorlar. Medya egemenli\u011fi milli egemenli\u011fin \u00fczerinde de\u011fil. Medya egemenli\u011fi avunucunu yalar.<\/p>\n<p style=\"text-align: justify;\">&#8211; AK Parti&#8217;nin rotas\u0131n\u0131 millet \u00e7izdi. Medyayla y\u00fcr\u00fcmedik. Onlara ra\u011fmen iktidar olduk. Alk\u0131\u015f tutanlar\u0131n k\u00f6\u015felerinden AK Parti&#8217;ye nas\u0131l vurduklar\u0131 belli.<\/p>\n<p style=\"text-align: justify;\"><strong>&#8220;Teneke tenekedir&#8221; <\/strong><\/p>\n<p style=\"text-align: justify;\">&#8211; CHP&#8217;de olan stat\u00fckoculuk pop\u00fclizme kay\u0131yor. Stat\u00fcko \u00fcslup, oyuncu de\u011fi\u015ftirdi. \u0130stedi\u011finiz kadar cilalay\u0131n, parlat\u0131n, \u00f6z\u00fc de\u011fi\u015fmiyor. Tenekeyi istedi\u011fiiz kadar alt\u0131n sar\u0131s\u0131na boyay\u0131n, alt\u0131n olmaz. Teneke tenekedir. Bu CHP zihniyeti de\u011fi\u015fmez. De\u011fi\u015firse CHP&#8217;den geriye bir\u015fey kalmaz.<\/p>\n<p style=\"text-align: justify;\">&#8211; Biz muhalefet partileri \u00fcslup, zihniyet de\u011f\u015ftirsin istiyoruz. Ana muhalefet partisinin de\u011fi\u015fim slogan\u0131yla girdi\u011fi kurultay stat\u00fckolucu\u011fu s\u00fcrd\u00fcren bir anlay\u0131\u015fla sona erdi. VTR&#8217;sinde Ergenekon olay\u0131n\u0131n oldu\u011fu kongreden bu \u00fclkeye ne gelir soruyorum size?<\/p>\n<p style=\"text-align: justify;\">&#8211; Vaatlerde bulunuyorlar&#8230; Bunlar Kayseri&#8217;ye \u00c7ank\u0131r\u0131&#8217;ya deniz getirme vaadi gibidir. Biz Kayseri&#8217;ye deniz getiremedik ama baraj yapt\u0131k. Kaf da\u011f\u0131n\u0131n ard\u0131ndakini vadeden siyaset\u00e7iden \u00e7ok \u00e7ekti bu millet.<\/p>\n<p style=\"text-align: justify;\"><strong>&#8220;Man\u015fetle gelen, man\u015fetle gider&#8221; <\/strong><\/p>\n<p style=\"text-align: justify;\">&#8211; Ya\u015fanan her olayda cilalar\u0131 ve makyajlar\u0131 d\u00f6k\u00fclecek. Man\u015fetle gelen, man\u015fetle gider. Sabah r\u00fczgar\u0131yla gelen, ak\u015fam r\u00fczgar\u0131yla gider. Son bir ka\u00e7 hafta i\u00e7inde eski gelen ba\u015fkanlar\u0131n\u0131n nas\u0131l man\u015fetlerle ala\u015fa\u011f\u0131 edildi\u011fini g\u00f6rs\u00fcnler. &#8220;Aday de\u011filim&#8221; deyip, neden aday oldun. timsah\u0131n g\u00f6zya\u015f\u0131 bunlar.<\/p>\n<p style=\"text-align: justify;\">&#8211; Yeni senaryoyu oynuyorlar ama yelkenleri man\u015fetlerle \u015fi\u015firilenler a\u00e7\u0131k denizde alabora olurlar. Halk kelimesini a\u011f\u0131zlar\u0131ndan d\u00fc\u015f\u00fcrmeyenler s\u0131rtlar\u0131n\u0131 goygoyculara, \u00e7etelere dayam\u0131\u015flard\u0131r. \u0130\u015fsizli\u011fi s\u00f6zkonusu edenler s\u0131rtlar\u0131n\u0131 o i\u015fsizli\u011fin en b\u00fcy\u00fck m\u00fcsebbibi olan  sat\u00fckoya dayad\u0131.<\/p>\n<p style=\"text-align: justify;\">&#8211; \u00dc\u00e7 kelimelerinden biri &#8216;halk&#8217; olanlar neden referandum s\u00f6zkonusu olunca halka de\u011fil, Anayasa Mahkemesi&#8217;ne gittiniz.<\/p>\n<p style=\"text-align: justify;\">&#8211; Biz tutars\u0131z, nezaketsiz bir \u00fcslup kar\u015f\u0131s\u0131nda, Mevlana&#8217;n\u0131n Yunus Emre&#8217;nin ar\u0131 duru T\u00fcrk\u00e7esiyle konu\u015fmaya devam edece\u011fiz. Milletin rotas\u0131nda y\u00fcr\u00fcmeye devam edece\u011fiz.<\/p>\n<p style=\"text-align: justify;\"><strong>&#8220;K\u0131l\u0131\u00e7daro\u011flu&#8217;nu aramam&#8221; <\/strong><\/p>\n<p style=\"text-align: justify;\">&#8211; T\u00fcrkiye&#8217;nin kurucu partisiyiz diyen parti, T\u00fcrkiye&#8217;nin iktidar partsini davet etmedi, biz davet edilmeyen yerde olmay\u0131z ve bunu da nezaketsizlik sayar\u0131z. Ben aramam. \u00c7\u00fcnk\u00fc benim davam\u0131m bir izzeti onuru var. Buna asla leke s\u00fcrmem. Davet edilen eve gideriz. Kap\u0131 \u00e7almadan hi\u00e7ibir evden i\u00e7eri de girmeyiz. Bu bizim gelene\u011fimizdir.<\/p>\n<p style=\"text-align: justify;\"><strong>ZONGULDAK&#8217;TAK\u0130 MADEN FAC\u0130ASI <\/strong><\/p>\n<p style=\"text-align: justify;\">Zonguldak&#8217;taki bu i\u015fletmelerin nas\u0131l \u00e7al\u0131\u015ft\u0131\u011f\u0131n\u0131 bildi\u011fini belirten Erdo\u011fan, madencilerin, bu olay sonras\u0131nda kendisini tahrik etmek isteyenlere tenezz\u00fcl etmedi\u011fini s\u00f6yledi.<\/p>\n<p style=\"text-align: justify;\">Ba\u015fbakan Erdo\u011fan, Zonguldak&#8217;l\u0131 olmayan, Sivas&#8217;l\u0131 olan bir ki\u015finin kendisine orada k\u00fcf\u00fcr etti\u011fini belirtti. Erdo\u011fan, halk\u0131n bu oyunlara gelmedi\u011fini ve vatanda\u015f\u0131n da orada gere\u011fini yapt\u0131\u011f\u0131n\u0131 anlatt\u0131.<\/p>\n<p style=\"text-align: justify;\">Zonguldak&#8217;tan gelen haberin y\u00fcrekleri da\u011flad\u0131\u011f\u0131n\u0131 ifade eden Erdo\u011fan, &#8220;Milletimizi \u015f\u00fcphesiz \u00fcz\u00fcnt\u00fcye sevk etti. Grizu patlamas\u0131 ve ard\u0131ndan meydana gelen g\u00f6\u00e7\u00fck sonras\u0131nda 28 karde\u015fimizin cesedi \u00e7\u0131kar\u0131ld\u0131. 2 karde\u015fimizin bulunmas\u0131 i\u00e7in de \u00e7al\u0131\u015fmalar aral\u0131ks\u0131z devam ediyor. Aram\u0131zdan ayr\u0131lan karde\u015flerimizi bir kez daha rahmetle yadediyor, bir kez daha ailelerinin, yak\u0131nlar\u0131n\u0131n, \u00fclkemizin ve milletimizin ba\u015f\u0131 sa\u011folsun diyorum&#8221; dedi.<\/p>\n<p style=\"text-align: justify;\">&#8220;Hen\u00fcz olay s\u0131cakl\u0131\u011f\u0131n\u0131 korurken, kazan\u0131n nedenleri tespit edilmeden de\u011ferli bakan arkada\u015flar\u0131m, &#8216;\u00f6ncelikli gayemiz g\u00f6\u00e7\u00fck alt\u0131nda kalan canlar\u0131m\u0131z\u0131 kurtarmakt\u0131r&#8217; diyerek, orada yo\u011fun bir \u015fekilde \u00e7al\u0131\u015f\u0131rken birileri de insafs\u0131z ele\u015ftiri oklar\u0131n\u0131 bize ya\u011fd\u0131r\u0131yordu. B\u00f6yle ac\u0131 hadiseler esnas\u0131nda en son yap\u0131lacak \u015fey; hesap sormak, yarg\u0131s\u0131z infaz yapmak, birilerini su\u00e7lu ilan etmektir&#8221; diyen Erdo\u011fan, &#8220;Devlet ciddiyeti \u00f6nce kazazedeleri kurtarmay\u0131 sonra yaralar\u0131 telafi etmeyi sonra idari ve hukuki inceleme ve i\u015flemi ba\u015flatmay\u0131 gerektirir. \u0130nsaniyetin gere\u011fi de \u00f6nce su\u00e7lu aramak de\u011fil, \u00f6nce insanlar\u0131 kurtarmakt\u0131r. Bu ortamda bizim sarf etti\u011fimiz s\u00f6zler, ac\u0131lar\u0131, s\u0131k\u0131nt\u0131lar\u0131 payla\u015fmaya, sab\u0131r ve s\u00fckuneti sa\u011flamaya d\u00f6n\u00fckt\u00fcr&#8221; \u015feklinde konu\u015ftu.<\/p>\n<p style=\"text-align: justify;\">Ba\u015fbakan, &#8220;Bu t\u00fcr kazalar\u0131n madencili\u011fin kaderinde oldu\u011funa dair s\u00f6zlerim, i\u015fin tabiat\u0131 gere\u011fi bu t\u00fcr s\u0131k\u0131nt\u0131lar\u0131n ya\u015fanabildi\u011fine dairdir. Ortada bir kusur, ihmal, yanl\u0131\u015f varsa bunu \u00f6rtmeye, k\u00fc\u00e7\u00fcmsemeye y\u00f6nelik de\u011fildir. Nitekim olayla ilgili merciler her t\u00fcrl\u00fc incelemeyi, soru\u015fturmay\u0131 en ince ayr\u0131nt\u0131s\u0131yla yapmaktad\u0131rlar. Hukukun gere\u011fi neyse o yap\u0131lmaktad\u0131r. Bundan herkes emin olmal\u0131d\u0131r&#8221; ifadelerini kuland\u0131.<\/p>\n<p style=\"text-align: justify;\">Ba\u015fbakan Erdo\u011fan, &#8220;Herkes cibilliyetinin gere\u011fini yap\u0131yor, ondan hi\u00e7 \u015f\u00fcpheniz olmas\u0131n. Onlar bunu da yapmaya devam edecekler her zaman. Bir kez daha s\u00f6yl\u00fcyorum; ne T\u00fcrkiye&#8217;de ne de d\u00fcnyada ilk kez bir grizu facias\u0131 ya\u015fan\u0131yor. ABD&#8217;de, \u00c7in&#8217;de, Rusya&#8217;da, Almanya&#8217;da daha son zamanlarda b\u00fcy\u00fck kazalar ya\u015fand\u0131. Rusya&#8217;da iki hafta \u00f6nce 9 May\u0131s&#8217;ta art arda gelen grizu patlamalar\u0131nda 50&#8217;den fazla i\u015f\u00e7i ve kurtarma ekibi hayat\u0131n\u0131 kaybetti. \u015eu anda dahi 20&#8217;ye yak\u0131n i\u015f\u00e7inin cesedi bulunabilmi\u015f de\u011fil&#8221; diye konu\u015ftu.<\/p>\n<p style=\"text-align: justify;\"><strong>ANAYASA DE\u011e\u0130\u015e\u0130KL\u0130\u011e\u0130 <\/strong><\/p>\n<p style=\"text-align: justify;\">Erdo\u011fan, Anayasa de\u011fi\u015fikli\u011finde yetkinin art\u0131k millette oldu\u011funu belirterek, &#8220;Son s\u00f6z\u00fc medya de\u011fil, millet s\u00f6yleyecek. M\u00fch\u00fcr sahibi olarak b\u00fct\u00fcn tart\u0131\u015fmalara son noktay\u0131 benim aziz milletim koyacak&#8221; dedi.<\/p>\n<p style=\"text-align: justify;\">Erdo\u011fan, bu s\u00fcre\u00e7te kendilerinin de bo\u015f durmayaca\u011f\u0131n\u0131 belirterek, &#8220;YSK, zorlama bir \u015fekilde referandum s\u00fcresinin 120 g\u00fcn oldu\u011fu karar\u0131n\u0131 verdi. Buna tak\u0131lmayaca\u011f\u0131z. Bunda da bir hay\u0131r vard\u0131r. Nitekim 12 Eyl\u00fcl&#8217;e isabet etmesi, en b\u00fcy\u00fck hay\u0131r oldu de\u011fil mi? 12 Eyl\u00fcl&#8217;\u00fcn 30. y\u0131ld\u00f6n\u00fcm\u00fc&#8230; Nitekim milletimiz, Ramazan Bayram\u0131n\u0131n hemen ertesinde ikinci bir bayram\u0131 ya\u015fayacak. \u0130ki bayram\u0131 in\u015fallah bir arada kutlayaca\u011f\u0131z. 12 Eyl\u00fcl Anayasas\u0131, 12 Eyl\u00fcl&#8217;de, i\u015fte bu malum, a\u011f\u0131rl\u0131kl\u0131 yanl\u0131\u015flar\u0131ndan kurtulacakt\u0131r&#8221; diye konu\u015ftu.<\/p>\n<p style=\"text-align: justify;\"><span style=\"color: #888888;\">CNN T\u00dcRK<\/span><\/p>\n","protected":false},"excerpt":{"rendered":"<p style=\"text-align: center;\">\n<p style=\"text-align: justify;\">Ba\u015fbakan Recep Tayyip Erdo\u011fan, yine CHP&#8217;yi hedef ald\u0131 ve &#8220;CHP&#8217;de \u00f6nemli olan koltu\u011fun de\u011fil, zihniyetin de\u011fi\u015fmesidir. Hafta sonu zihniyetin de\u011fi\u015fmedi\u011fi ortaya \u00e7\u0131kt\u0131&#8221; dedi. Erdo\u011fan, &#8216;yanda\u015f medya&#8217; ele\u015ftirilerine de yan\u0131t verdi: &#8220;\u015eimdi iki t\u00fcr medya t\u00fcredi; canda\u015f medya, yolda\u015f medya. Man\u015fetle gelen, man\u015fetle gider.&#8221;<\/p>\n","protected":false},"author":1,"featured_media":0,"comment_status":"open","ping_status":"closed","sticky":false,"template":"","format":"standard","meta":{"footnotes":""},"categories":[105],"tags":[],"class_list":["post-23048","post","type-post","status-publish","format-standard","hentry","category-gundem","odd"],"_links":{"self":[{"href":"http:\/\/www.korhanyilmaz.com\/index.php?rest_route=\/wp\/v2\/posts\/23048","targetHints":{"allow":["GET"]}}],"collection":[{"href":"http:\/\/www.korhanyilmaz.com\/index.php?rest_route=\/wp\/v2\/posts"}],"about":[{"href":"http:\/\/www.korhanyilmaz.com\/index.php?rest_route=\/wp\/v2\/types\/post"}],"author":[{"embeddable":true,"href":"http:\/\/www.korhanyilmaz.com\/index.php?rest_route=\/wp\/v2\/users\/1"}],"replies":[{"embeddable":true,"href":"http:\/\/www.korhanyilmaz.com\/index.php?rest_route=%2Fwp%2Fv2%2Fcomments&post=23048"}],"version-history":[{"count":0,"href":"http:\/\/www.korhanyilmaz.com\/index.php?rest_route=\/wp\/v2\/posts\/23048\/revisions"}],"wp:attachment":[{"href":"http:\/\/www.korhanyilmaz.com\/index.php?rest_route=%2Fwp%2Fv2%2Fmedia&parent=23048"}],"wp:term":[{"taxonomy":"category","embeddable":true,"href":"http:\/\/www.korhanyilmaz.com\/index.php?rest_route=%2Fwp%2Fv2%2Fcategories&post=23048"},{"taxonomy":"post_tag","embeddable":true,"href":"http:\/\/www.korhanyilmaz.com\/index.php?rest_route=%2Fwp%2Fv2%2Ftags&post=23048"}],"curies":[{"name":"wp","href":"https:\/\/api.w.org\/{rel}","templated":true}]}}