{"id":23044,"date":"2010-05-25T10:19:22","date_gmt":"2010-05-25T07:19:22","guid":{"rendered":"http:\/\/www.korhanyilmaz.com\/?p=23044"},"modified":"2010-05-25T10:19:22","modified_gmt":"2010-05-25T07:19:22","slug":"yola-cikti","status":"publish","type":"post","link":"http:\/\/www.korhanyilmaz.com\/?p=23044","title":{"rendered":"Yola \u00e7\u0131kt\u0131"},"content":{"rendered":"<p style=\"text-align: center;\"><a href=\"http:\/\/www.korhanyilmaz.com\/wp-content\/uploads\/2010\/05\/0052.jpg\"  class=\"lightview\"><img loading=\"lazy\" decoding=\"async\" class=\"aligncenter size-full wp-image-23045\" src=\"http:\/\/www.korhanyilmaz.com\/wp-content\/uploads\/2010\/05\/0052.jpg\" alt=\"\" width=\"360\" height=\"180\" \/><\/a><\/p>\n<p style=\"text-align: justify;\">K\u0131l\u0131\u00e7daro\u011flu kurultay sonras\u0131 ilk gezisine \u00e7\u0131kt\u0131. Zonguldak&#8217;ta konu\u015furken Erdo\u011fan&#8217;a kurultayda s\u0131k\u00e7a yineledi\u011fi &#8216;Recep Bey&#8217; yerine &#8216;Say\u0131n Ba\u015fbakan&#8217; demesi dikkat \u00e7ekti. <!--more--><\/p>\n<p style=\"text-align: justify;\">CHP Genel Ba\u015fkan\u0131 Kemal K\u0131l\u0131\u00e7daro\u011flu, Zonguldak\u2019a giderken Bolu\u2019nun Mengen \u0130l\u00e7esi\u2019nde \u2018Ba\u015fbakan Kemal\u2019 sloganlar\u0131 ve \u00e7i\u00e7eklerle kar\u015f\u0131land\u0131. Mengen\u2019in yeme\u011fin ve lezzetin ba\u015fkenti oldu\u011funu s\u00f6yleyen K\u0131l\u0131\u00e7daro\u011flu, \u201c\u0130ktidar\u0131n haz\u0131rlad\u0131\u011f\u0131 yemek ho\u015funuza gidiyor mu? E\u011fer haz\u0131rlanan yemek ho\u015funuza gitmiyorsa, tad\u0131 dama\u011f\u0131n\u0131zda kalm\u0131yorsa bu yeme\u011fi yapanlar\u0131 de\u011fi\u015ftirmemiz laz\u0131m. Halk\u0131 iktidar yapaca\u011f\u0131z\u201d dedi.<\/p>\n<p style=\"text-align: justify;\">Parti otob\u00fcs\u00fcyle Zonguldak\u2019a giden Kemal K\u0131l\u0131\u00e7daro\u011flu, \u2018A\u015f\u00e7\u0131lar diyar\u0131\u2019 Mengen\u2019de yakla\u015f\u0131k 500 partili taraf\u0131ndan bayraklarla kar\u015f\u0131land\u0131. \u0130l\u00e7e merkezi giri\u015finde bekleyen partililer \u2018Ba\u015fbakan Kemal\u2019 sloganlar\u0131 atarken, otob\u00fcsten inen K\u0131l\u0131\u00e7daro\u011flu\u2019nu \u00e7i\u00e7ekle kar\u015f\u0131lad\u0131lar. CHP Bolu \u0130l Ba\u015fkan\u0131 Tanju \u00d6zcan, K\u0131l\u0131\u00e7daro\u011flu\u2019nun kula\u011f\u0131na e\u011filerek partililere hitaben k\u0131sa bir konu\u015fma yapmas\u0131n\u0131 istedi. Bunun \u00fczerine K\u0131l\u0131\u00e7daro\u011flu otob\u00fcs\u00fcn merdivenlerine \u00e7\u0131karak eline ald\u0131\u011f\u0131 mikrofonla k\u0131sa bir konu\u015fma yapt\u0131.<\/p>\n<p style=\"text-align: justify;\">Halk\u0131 kucaklayacaklar\u0131n\u0131 belirten K\u0131l\u0131\u00e7daro\u011flu, \u201cHalkla birlikte y\u00fcr\u00fcyece\u011fiz. \u0130lk s\u00f6z\u00fcm\u00fcz halkt\u0131r, son s\u00f6z\u00fcm\u00fcz halkt\u0131r. Hi\u00e7 kimseyi \u00f6tekile\u015ftirmeyece\u011fiz. Herkese gidece\u011fiz, herkesin g\u00f6r\u00fc\u015f\u00fcn\u00fc alaca\u011f\u0131z. Bu \u00fclkede yoksullu\u011fu, i\u015fsizli\u011fi ve sefaleti bitirece\u011fiz. Karde\u015f\u00e7e bar\u0131\u015f i\u00e7erisinde ya\u015fayaca\u011f\u0131z. Zonguldakta 30 yurtta\u015f\u0131m\u0131z ya\u015fam\u0131n\u0131 yitirdi. Onlar\u0131n ac\u0131lar\u0131n\u0131 payla\u015faca\u011f\u0131z\u201d dedi.<\/p>\n<p style=\"text-align: justify;\">Mengen\u2019in lezzetin ve yeme\u011fin ba\u015fkenti oldu\u011funu ifade eden K\u0131l\u0131\u00e7daro\u011flu \u015f\u00f6yle konu\u015ftu:<\/p>\n<p style=\"text-align: justify;\">\u201cBen size \u015funu s\u00f6yl\u00fcyorum, ne dedik? Mengen lezzetin ve yeme\u011fin ba\u015fkentidir. \u0130ktidar\u0131n haz\u0131rlad\u0131\u011f\u0131 yemek ho\u015funuza gidiyor mu? E\u011fer haz\u0131rlanan yemek ho\u015funuza gitmiyorsa, tad\u0131 dama\u011f\u0131n\u0131zda kalm\u0131yorsa bu yeme\u011fi yapanlar\u0131 de\u011fi\u015ftirmemiz laz\u0131m. Mengen\u2019de de de\u011fi\u015ftirmemiz laz\u0131m. Hep birlikte de\u011fi\u015ftirece\u011fiz. Halk\u0131 iktidar yapaca\u011f\u0131z.\u201d<\/p>\n<p style=\"text-align: justify;\">Konu\u015fman\u0131n ard\u0131ndan otob\u00fcs hareket ederken, partililer K\u0131l\u0131\u00e7daro\u011flu ile tokala\u015fmak i\u00e7in arac\u0131n pe\u015finden ko\u015ftu. Camdan elini uzatan K\u0131l\u0131\u00e7daro\u011flu her elini uzatan partili ile tokala\u015ft\u0131. K\u0131l\u0131\u00e7daro\u011flu elini ba\u015f\u0131na g\u00f6t\u00fcrerek partililerle selamla\u015ft\u0131. Otob\u00fcs\u00fcn h\u0131zlanmas\u0131n\u0131n ard\u0131ndan partililer arac\u0131n pe\u015finden ko\u015fmaya son verdiler. K\u0131l\u0131\u00e7daro\u011flu\u2019nun bulundu\u011fu parti otob\u00fcs\u00fc ve beraberindeki konvoy Zonguldak\u2019a gitti.<\/p>\n<p style=\"text-align: justify;\"><strong>DEVREK&#8217;TE HALKA SESLEND\u0130 <\/strong><\/p>\n<p style=\"text-align: justify;\">K\u0131l\u0131\u00e7daro\u011flu, Zonguldak yolunda Devreklilere hitap etti. K\u0131l\u0131\u00e7daro\u011flu, &#8220;Art\u0131k T\u00fcrkiye\u2019de siyasetten zenginle\u015fme d\u00f6nemine son diyoruz. \u00c7\u00fcnk\u00fc biz siyaseti halka hesap veren, halka hizmet veren bir alan olarak g\u00f6r\u00fcyoruz. Siyaset\u00e7i halka hizmet edecek&#8221; dedi.<\/p>\n<p style=\"text-align: justify;\">K\u0131l\u0131\u00e7daro\u011flu, Zonguldak gezisi yolunda Devrek\u2019de bir mola vererek burada vatanda\u015flara seslendi. K\u0131l\u0131\u00e7daro\u011flu\u2019nu Devrek\u2019te yo\u011fun bir kalabal\u0131k kar\u015f\u0131lad\u0131. K\u0131l\u0131\u00e7daro\u011flu, Devreklilere hitaben yapt\u0131\u011f\u0131 konu\u015fmada, T\u00fcrkiye\u2019nin temiz siyaset a\u00e7l\u0131\u011f\u0131 \u00e7eti\u011fini s\u00f6yledi. &#8220;T\u00fcrkiye, halk\u0131na hesap vermeyi onurlu bir g\u00f6rev sayan, yetimin hakk\u0131n\u0131, kul hakk\u0131n\u0131 yeeyen siyaset anlay\u0131\u015f\u0131 bekliyor&#8221; diyen K\u0131l\u0131\u00e7daro\u011flu, bunun i\u00e7in yola \u00e7\u0131kt\u0131klar\u0131n\u0131 bildirdi.<\/p>\n<p style=\"text-align: justify;\">K\u0131l\u0131\u00e7daro\u011flu, &#8220;Art\u0131k soygundan yalandan, talandan bu millet b\u0131kt\u0131. D\u00fczg\u00fcn siyaset yapacaz. Sizinle berber olacaz&#8221; dedi. Atat\u00fcrk\u2019\u00fcn Amasya Genelgesi\u2019nde s\u00f6yledi\u011fi, &#8220;Milletin makus talihini, milletin azim ve kararl\u0131l\u0131\u011f\u0131 kurtaracakt\u0131r&#8221; s\u00f6z\u00fcn\u00fc hat\u0131rlatan K\u0131l\u0131\u00e7daro\u011flu, &#8220;\u0130lk s\u00f6z\u00fcm\u00fcz halkt\u0131, son s\u00f6z\u00fcm\u00fczde halk olacak&#8221; dedi.<\/p>\n<p style=\"text-align: justify;\">T\u00fcrkiye\u2019de i\u015f\u00e7i memur emekli \u00e7ift\u00e7i ve her kesimin sorunlar\u0131n\u0131n oldu\u011funu s\u00f6yleyen K\u0131l\u0131\u00e7daro\u011flu, \u015f\u00f6yle konu\u015ftu:<\/p>\n<p style=\"text-align: justify;\">&#8220;Bu \u00fclkede derdi tasas\u0131 olmayan kim var. Siyasetten zengin olup havuzlu villalarda oturanlar var. \u0130\u015fte bunun i\u00e7in geldik size. Art\u0131k T\u00fcrkiye\u2019de siyasetten zenginle\u015fme d\u00f6nemine son diyoruz. \u00c7\u00fcnk\u00fc biz siyaseti halka hesap veren, halka hizmet veren bir alan olarak g\u00f6r\u00fcyoruz. Siyaset\u00e7i halka hizmet edecek.&#8221;<\/p>\n<p style=\"text-align: justify;\"><strong>ZONGULDAK&#8217;TA MADENC\u0130LERLE <\/strong><\/p>\n<p style=\"text-align: justify;\">CHP Genel Ba\u015fkan\u0131 Kemal K\u0131l\u0131\u00e7daro\u011flu, Zonguldak ziyaretinde madencilere seslenerek, &#8220;CHP olarak her zaman \u00fcretene, katma de\u011fer yaratana destek verece\u011fiz. Biz de sizden tek bir \u015fey istiyoruz, siz de ko\u015fulsuz olarak yan\u0131n\u0131zda olan CHP\u2019ye destek verin, T\u00fcrkiye\u2019ye destek verin&#8221; dedi.<\/p>\n<p style=\"text-align: justify;\">K\u0131l\u0131\u00e7daro\u011flu, Zonguldak\u2019ta Genel Maden \u0130\u015f\u00e7ileri Sendikas\u0131\u2019n\u0131 ziyaret etti.<\/p>\n<p style=\"text-align: justify;\">Kemal K\u0131l\u0131\u00e7daro\u011flu, Genel Maden \u0130\u015f\u00e7ileri Sendikas\u0131 Genel Ba\u015fkan\u0131 Ramis Muslu\u2019ya, grizu patlamas\u0131 sonucu 30 i\u015f\u00e7inin \u00f6l\u00fcm\u00fc sebebiyle duydu\u011fu \u00fcz\u00fcnt\u00fcy\u00fc aktard\u0131.<\/p>\n<p style=\"text-align: justify;\">K\u0131l\u0131\u00e7daro\u011flu, sendikan\u0131n kararl\u0131 bir tav\u0131r sergilemesini ve ta\u015feronla\u015ft\u0131rmaya kar\u015f\u0131 durmas\u0131 gerekti\u011fini vurgulad\u0131. CHP\u2019nin her zaman \u00fcreten, katma de\u011fer yaratanlardan yana oldu\u011funu, maden ocaklar\u0131nda gerekli tedbirlerin al\u0131narak \u00f6l\u00fcmlere engel olunmas\u0131 gerekti\u011fini belirten K\u0131l\u0131\u00e7daro\u011flu, bu konuda politikalar \u00fcretilmesinin zorunlulu\u011funa i\u015faret etti.<\/p>\n<p style=\"text-align: justify;\">Kemal K\u0131l\u0131\u00e7daro\u011flu, CHP olarak yerin y\u00fczlerce metre alt\u0131nda kazanan, \u00fcreten emek\u00e7inin yan\u0131nda olduklar\u0131n\u0131 belirterek, &#8220;Aram\u0131zda zaman zaman g\u00f6r\u00fc\u015f farkl\u0131l\u0131klar\u0131 olabilir ama CHP olarak her zaman \u00fcretene, katma de\u011fer yaratana destek verece\u011fiz. Biz de sizden tek bir \u015fey istiyoruz, siz de ko\u015fulsuz olarak yan\u0131n\u0131zda olan CHP\u2019ye destek verin, T\u00fcrkiye\u2019ye destek verin. T\u00fcrkiye\u2019yi i\u00e7inden bulundu\u011fu dar bo\u011fazdan el ele vererek \u00e7\u0131karaca\u011f\u0131z&#8221; dedi.<\/p>\n<p style=\"text-align: justify;\">Genel Maden \u0130\u015f\u00e7ileri Sendikas\u0131 Genel Ba\u015fkan\u0131 Ramis Muslu da K\u0131l\u0131\u00e7daro\u011flu\u2019na, CHP\u2019nin 22-23 May\u0131sta yap\u0131lan 33. Ola\u011fan Kurultay\u0131\u2019nda konu\u015fmas\u0131na Zonguldak\u2019da maden g\u00f6\u00e7\u00fc\u011f\u00fcnde hayat\u0131n\u0131 kaybeden maden i\u015f\u00e7ilerine ba\u015f sa\u011fl\u0131\u011f\u0131 dileyerek ba\u015flamas\u0131 nedeniyle te\u015fekk\u00fcr etti.<\/p>\n<p style=\"text-align: justify;\">Madencili\u011fin zor ve \u00e7ileli meslek oldu\u011funu, bunun yan\u0131nda bilgi ve deneyim gerekti\u011fini vurgulayan Muslu, ta\u015feronla\u015fman\u0131n olumsuz etkilerine dikkati \u00e7ekti. T\u00fcrkiye Ta\u015fk\u00f6m\u00fcr\u00fc Kurumu\u2019nun madencilik alan\u0131nda \u00e7ok deneyimli oldu\u011funu belirten Muslu, kurumun daha etkin \u00e7al\u0131\u015ft\u0131r\u0131lmas\u0131 gerekti\u011fini savundu. Muslu, &#8220;Madencilik ayr\u0131 bir deneyim, bilgi, k\u00fclt\u00fcr isteyen bir i\u015f koludur. Yer alt\u0131nda kesinlikle ta\u015feron firma istemiyoruz&#8221; diye konu\u015ftu.<\/p>\n<p style=\"text-align: justify;\"><strong>MADENC\u0130LER \u0130\u00c7\u0130N DUA <\/strong><\/p>\n<p style=\"text-align: justify;\">Konu\u015fmalar\u0131n ard\u0131nda CHP Parti Meclisi \u00dcyesi, emekli m\u00fcft\u00fc \u0130hsan \u00d6zkes, hayat\u0131n\u0131 kaybeden maden i\u015f\u00e7ileri i\u00e7in dua etti. \u00d6zkes, duan\u0131n ard\u0131ndan yapt\u0131\u011f\u0131 konu\u015fmada, &#8220;Madencilik mesle\u011finin kaderinde \u00f6l\u00fcm vard\u0131r, burada \u00e7al\u0131\u015fanlar bu ger\u00e7e\u011fi bilerek i\u015fe ba\u015flar&#8221; \u015feklinde bir anlay\u0131\u015f\u0131n \u00e7ok tehlikeli oldu\u011funu, bu anlay\u0131\u015f\u0131n bir anlamda &#8220;intihar etmek&#8221; oldu\u011funu s\u00f6yledi.<\/p>\n<p style=\"text-align: justify;\">&#8220;Tedbir, takdiri bozar&#8221; \u015feklinde bir s\u00f6z oldu\u011funu hat\u0131rlatan \u00d6zkes, tedbir al\u0131nmas\u0131 ve \u0130slam dininin do\u011fru anla\u015f\u0131lmas\u0131 halinde bu t\u00fcr olaylar\u0131n ya\u015fanmas\u0131n\u0131n \u00f6n\u00fcne ge\u00e7ilebilece\u011fini ifade etti.<\/p>\n<p style=\"text-align: justify;\">Bu arada K\u0131l\u0131\u00e7daro\u011flu, parti otob\u00fcs\u00fcn\u00fcn durdu\u011fu Gazipa\u015fa Caddesi\u2019nden sendika binas\u0131na kadar y\u00fcr\u00fcd\u00fc. Y\u00fcr\u00fcy\u00fc\u015f s\u0131ras\u0131nda, vatanda\u015flar\u0131n ve bas\u0131n mensuplar\u0131n\u0131n olu\u015fturdu\u011fu kalabal\u0131k nedeniyle karga\u015fa ya\u015fand\u0131. K\u0131l\u0131\u00e7daro\u011flu, kalabal\u0131k nedeniyle sendika binas\u0131na g\u00fc\u00e7l\u00fckle ula\u015ft\u0131.<\/p>\n<p style=\"text-align: justify;\">K\u0131l\u0131\u00e7daro\u011flu\u2019na, Genel Maden \u0130\u015f\u00e7ileri Sendikas\u0131\u2019nda madenci bareti ve madenciyi simgeleyen heykel hediye edildi.<\/p>\n<p style=\"text-align: justify;\"><strong>KADER\u0130N NE OLDU\u011eUNU B\u0130L\u0130YORUZ <\/strong><\/p>\n<p style=\"text-align: justify;\">K\u0131l\u0131\u00e7daro\u011flu, &#8220;Say\u0131n Ba\u015fbakan \u015funu \u00e7ok iyi bilsin kaderin ne oldu\u011funu biz de biliyoruz ama \u00f6nce insan akl\u0131n\u0131 kullanacaks\u0131n\u0131z, gerekli \u00f6nlemleri alacaks\u0131n\u0131z sizin g\u00fcc\u00fcn\u00fcz\u00fc a\u015fan bir olay olursa onu &#8216;kader&#8217; olarak s\u00f6yleyeceksiniz&#8221; dedi.<\/p>\n<p style=\"text-align: justify;\">Zonguldak&#8217;ta g\u00f6\u00e7\u00fc\u011f\u00fcn meydana geldi\u011fi Karadon Maden Oca\u011f\u0131&#8217;n\u0131 ziyaret eden K\u0131l\u0131\u00e7daro\u011flu, T\u00fcrkiye Ta\u015fk\u00f6m\u00fcr\u00fc \u0130\u015fletmesi (TTK) Genel M\u00fcd\u00fcr\u00fc Burhan \u0130nan&#8217;dan bilgi ald\u0131.<\/p>\n<p style=\"text-align: justify;\">K\u0131l\u0131\u00e7daro\u011flu, burada yapt\u0131\u011f\u0131 a\u00e7\u0131klamada, teknik rapor ortaya \u00e7\u0131kmadan kazaya ili\u015fkin ayr\u0131nt\u0131l\u0131 bilgi elde etmenin m\u00fcmk\u00fcn olmad\u0131\u011f\u0131n\u0131 belirtti. TTK&#8217;n\u0131n madencilik alan\u0131ndaki deneyimine dikkati \u00e7eken K\u0131l\u0131\u00e7daro\u011flu, bu birikimden yararlan\u0131lmas\u0131 gerekti\u011fini s\u00f6yledi.<\/p>\n<p style=\"text-align: justify;\">Konu\u015fmas\u0131nda, \u00c7al\u0131\u015fma ve Sosyal G\u00fcvenlik Bakanl\u0131\u011f\u0131 raporlar\u0131ndan al\u0131nt\u0131lar yapan K\u0131l\u0131\u00e7daro\u011flu, bu raporlarda mevcut kazalar\u0131n y\u00fczde 98&#8217;inin &#8220;\u00f6nlenebilir t\u00fcrde&#8221; oldu\u011funun ifade edildi\u011fini belirtti. Raporlara g\u00f6re i\u015fletme belgesi olan i\u015f yeri say\u0131s\u0131n\u0131n 87, belgesi olmayanlar\u0131n say\u0131s\u0131n\u0131n ise 604 oldu\u011funu aktaran K\u0131l\u0131\u00e7daro\u011flu, \u00c7al\u0131\u015fma ve Sosyal G\u00fcvenlik Bakan\u0131 \u00d6mer Din\u00e7er&#8217;in raporlar\u0131n ayr\u0131nt\u0131lar\u0131n\u0131 kamuoyuna a\u00e7\u0131klamas\u0131n\u0131 bekledi\u011fini kaydetti.<\/p>\n<p style=\"text-align: justify;\">Uluslararas\u0131 \u00c7al\u0131\u015fma \u00d6rg\u00fct\u00fcn\u00fcn 1995 y\u0131l\u0131nda kabul etti\u011fi maden i\u015f yerlerinde i\u015f sa\u011fl\u0131\u011f\u0131 ve i\u015f g\u00fcvencesiyle ilgili uluslararas\u0131 s\u00f6zle\u015fmenin 1998 y\u0131l\u0131nda T\u00fcrkiye&#8217;de b\u00fcrokratik mekanizma taraf\u0131ndan kabul edildi\u011fini ancak \u015fu ana kadar parlamentoya sunulmad\u0131\u011f\u0131n\u0131 belirten K\u0131l\u0131\u00e7daro\u011flu, anla\u015fman\u0131n bir an \u00f6nce Meclise getirilmesi gerekti\u011fini s\u00f6yledi.<\/p>\n<p style=\"text-align: justify;\">Maden i\u015f yerlerinde \u00e7al\u0131\u015fman\u0131n \u00e7ok zor oldu\u011funu dile getiren K\u0131l\u0131\u00e7daro\u011flu, \u015f\u00f6yle konu\u015ftu:<\/p>\n<p style=\"text-align: justify;\">&#8220;Buraya gelirken yolda g\u00f6rd\u00fck, i\u015f\u00e7ilerimizin y\u00fczlerinde k\u00f6m\u00fcr karas\u0131 var. Asl\u0131nda bu onlar\u0131n emeklerinin ne kadar y\u00fcce oldu\u011funu, \u00e7al\u0131\u015fmalar\u0131n\u0131n ne kadar zor ko\u015fullarda ger\u00e7ekle\u015fti\u011fini g\u00f6steriyor. Onlar \u015fu anda bizim soludu\u011fumuz temiz havay\u0131 de\u011fil, y\u00fczlerce metre a\u015fa\u011f\u0131daki k\u00f6m\u00fcr tozlar\u0131n\u0131 teneff\u00fcs ediyorlar.<\/p>\n<p style=\"text-align: justify;\">\u0130\u015f yeri g\u00fcvenli\u011fi, i\u015f sa\u011fl\u0131\u011f\u0131 \u00e7ok \u00f6nemli kavramlar ama bu kavramlar sadece uluslararas\u0131 s\u00f6zle\u015fmelerde, yasalarda yaz\u0131l\u0131 kavramlar olmaktan \u00e7\u0131k\u0131p g\u00fcnl\u00fck ya\u015fam\u0131m\u0131z\u0131n da bir par\u00e7as\u0131 olmak zorundad\u0131r.&#8221;<\/p>\n<p style=\"text-align: justify;\">Madencili\u011fin geli\u015fmesi i\u00e7in teknik olanaklar\u0131n geli\u015ftirilmesinin \u00f6nemine de\u011finen K\u0131l\u0131\u00e7daro\u011flu, bunun yer alt\u0131nda g\u00fcvenli\u011fi de art\u0131raca\u011f\u0131n\u0131 s\u00f6yledi.<\/p>\n<p style=\"text-align: justify;\">Yat\u0131r\u0131m olanaklar\u0131n\u0131n b\u00fcy\u00fck \u00f6l\u00e7\u00fcde k\u0131s\u0131tland\u0131\u011f\u0131n\u0131 ileri s\u00fcren K\u0131l\u0131\u00e7daro\u011flu, bunun i\u015f g\u00fcvenli\u011finin sa\u011flanmas\u0131n\u0131 engelledi\u011fini ve olumsuz sonu\u00e7lara yol a\u00e7t\u0131\u011f\u0131n\u0131 savundu.<\/p>\n<p style=\"text-align: justify;\"><strong>-&#8220;CHP EMEKTEN, EMEK\u00c7\u0130DEN YANA B\u0130R PART\u0130D\u0130R&#8221;- <\/strong><\/p>\n<p style=\"text-align: justify;\">K\u0131l\u0131\u00e7daro\u011flu, a\u00e7\u0131klamas\u0131n\u0131n ard\u0131ndan gazetelerin sorular\u0131n\u0131 da yan\u0131tlad\u0131.<\/p>\n<p style=\"text-align: justify;\">Ba\u015fbakan Recep Tayyip Erdo\u011fan&#8217;\u0131n kazaya ili\u015fkin daha \u00f6nceki a\u00e7\u0131klamalar\u0131 ve bug\u00fcn grup toplant\u0131s\u0131ndaki konu\u015fmas\u0131n\u0131n hat\u0131rlat\u0131lmas\u0131 \u00fczerine K\u0131l\u0131\u00e7daro\u011flu, \u015funlar\u0131 s\u00f6yledi:<\/p>\n<p style=\"text-align: justify;\">&#8220;Say\u0131n Ba\u015fbakan \u015funu \u00e7ok iyi bilsin kaderin ne oldu\u011funu biz de biliyoruz ama \u00f6nce insan akl\u0131n\u0131 kullanacaks\u0131n\u0131z, gerekli \u00f6nlemleri alacaks\u0131n\u0131z sizin g\u00fcc\u00fcn\u00fcz\u00fc a\u015fan bir olay olursa onu &#8216;kader&#8217; olarak s\u00f6yleyeceksiniz. Yoksa hi\u00e7bir \u00f6nlem almadan, gerekli \u00e7abalar\u0131 g\u00f6stermeden yer alt\u0131na, madenlere i\u015f\u00e7ileri indireceksiniz, ondan sonra hi\u00e7bir \u00f6nlem almad\u0131\u011f\u0131n\u0131z i\u00e7in patlamalar olacak ve siz bunu &#8216;kader&#8217; olarak alg\u0131layacaks\u0131n\u0131z. Bu do\u011fru bir olay de\u011fil. Say\u0131n Ba\u015fbakan&#8217;\u0131n kader kavram\u0131 nedir, ne anlama geliyor onu okumas\u0131n\u0131 isterim.<\/p>\n<p style=\"text-align: justify;\">&#8216;\u0130\u015f\u00e7i dostu&#8217; olarak da bir ele\u015ftirisi olmu\u015f galiba. Herhalde rahmetli B\u00fclent Ecevit&#8217;in \u00c7al\u0131\u015fma Bakanl\u0131\u011f\u0131 d\u00f6neminde neler yapt\u0131\u011f\u0131n\u0131 Say\u0131n Ba\u015fbakan \u00f6yle anla\u015f\u0131l\u0131yor ki bilmiyor. CHP emekten, emek\u00e7iden yana bir partidir. Al\u0131n teriyle kazan\u0131lan paran\u0131n kutsal oldu\u011funa inanan bir partidir. Dolay\u0131s\u0131yla emek\u00e7inin hakk\u0131n\u0131 korumak elbette siyasal iktidar\u0131n da g\u00f6revidir, onu kabul ederiz ku\u015fkusuz. Ama Say\u0131n Ba\u015fbakan&#8217;a \u015funu sormak isterim, sizin iktidar\u0131n\u0131z d\u00f6neminde \u0130\u015f G\u00fcvencesi Yasas\u0131&#8217;na s\u0131n\u0131rlama getirdiniz mi getirmediniz mi? Yine sizin iktidar\u0131n\u0131z d\u00f6neminde ta\u015feron i\u015f\u00e7ili\u011fin bir devlet politikas\u0131 olarak uygulamaya konuldu\u011funu herhalde Say\u0131n Ba\u015fbakan da kabul eder. Bug\u00fcn kamuda yakla\u015f\u0131k 2 milyona yak\u0131n i\u015f\u00e7i ta\u015feron arac\u0131l\u0131\u011f\u0131yla \u00e7al\u0131\u015ft\u0131r\u0131l\u0131yor. Acaba Say\u0131n Ba\u015fbakan bu i\u015f\u00e7ilerin hangi gerek\u00e7eyle ta\u015feron arac\u0131l\u0131\u011f\u0131yla \u00e7al\u0131\u015ft\u0131r\u0131ld\u0131\u011f\u0131n\u0131 bize anlat\u0131rsa biz de onun ne kadar &#8216;i\u015f\u00e7i dostu&#8217; oldu\u011funu \u00f6\u011frenmi\u015f oluruz.&#8221;<\/p>\n<p style=\"text-align: justify;\">K\u0131l\u0131\u00e7daro\u011flu, bir gazetecinin &#8220;Ba\u015fbakan Erdo\u011fan&#8217;\u0131n grup toplant\u0131s\u0131nda &#8216;Man\u015fetlerle gelen man\u015fetlerle gider, man\u015fetlerin doldurdu\u011fu a\u00e7\u0131k denizlerde alabora olur&#8217; gibi ifadeleri var. Bunlarla ilgili g\u00f6r\u00fc\u015flerinizi alabilir miyiz?&#8221; \u015feklindeki soruya yan\u0131t vermedi. K\u0131l\u0131\u00e7daro\u011flu, burada sadece i\u015f\u00e7ilerle ilgili konu\u015faca\u011f\u0131n\u0131 s\u00f6yledi.<\/p>\n<p style=\"text-align: justify;\">Kemal K\u0131l\u0131\u00e7daro\u011flu&#8217;nun maden oca\u011f\u0131na geli\u015fi s\u0131ras\u0131nda g\u00f6r\u00fcnt\u00fc almak isteyen bas\u0131n mensuplar\u0131 aras\u0131nda kavga \u00e7\u0131kt\u0131. K\u0131l\u0131\u00e7daro\u011flu ile beraber Ankara&#8217;dan gelen gazetecilerle yerel bas\u0131n mensuplar\u0131 aras\u0131nda s\u0131k s\u0131k gerginlik ya\u015fand\u0131.<\/p>\n<p style=\"text-align: justify;\">Konu\u015fmas\u0131n\u0131n ard\u0131ndan K\u0131l\u0131\u00e7daro\u011flu, kazan\u0131n ya\u015fand\u0131\u011f\u0131 oca\u011f\u0131n giri\u015fine gitti. K\u0131l\u0131\u00e7daro\u011flu parti otob\u00fcs\u00fcnden de kazan\u0131n oldu\u011fu oca\u011f\u0131n \u00e7evresinde toplananlara seslenerek, ba\u015fsa\u011fl\u0131\u011f\u0131 diledi.<\/p>\n<p style=\"text-align: justify;\"><span style=\"color: #888888;\">Vatan<\/span><\/p>\n","protected":false},"excerpt":{"rendered":"<p style=\"text-align: center;\">\n<p style=\"text-align: justify;\">K\u0131l\u0131\u00e7daro\u011flu kurultay sonras\u0131 ilk gezisine \u00e7\u0131kt\u0131. Zonguldak&#8217;ta konu\u015furken Erdo\u011fan&#8217;a kurultayda s\u0131k\u00e7a yineledi\u011fi &#8216;Recep Bey&#8217; yerine &#8216;Say\u0131n Ba\u015fbakan&#8217; demesi dikkat \u00e7ekti. <\/p>\n","protected":false},"author":1,"featured_media":0,"comment_status":"open","ping_status":"closed","sticky":false,"template":"","format":"standard","meta":{"footnotes":""},"categories":[105],"tags":[],"class_list":["post-23044","post","type-post","status-publish","format-standard","hentry","category-gundem","odd"],"_links":{"self":[{"href":"http:\/\/www.korhanyilmaz.com\/index.php?rest_route=\/wp\/v2\/posts\/23044","targetHints":{"allow":["GET"]}}],"collection":[{"href":"http:\/\/www.korhanyilmaz.com\/index.php?rest_route=\/wp\/v2\/posts"}],"about":[{"href":"http:\/\/www.korhanyilmaz.com\/index.php?rest_route=\/wp\/v2\/types\/post"}],"author":[{"embeddable":true,"href":"http:\/\/www.korhanyilmaz.com\/index.php?rest_route=\/wp\/v2\/users\/1"}],"replies":[{"embeddable":true,"href":"http:\/\/www.korhanyilmaz.com\/index.php?rest_route=%2Fwp%2Fv2%2Fcomments&post=23044"}],"version-history":[{"count":0,"href":"http:\/\/www.korhanyilmaz.com\/index.php?rest_route=\/wp\/v2\/posts\/23044\/revisions"}],"wp:attachment":[{"href":"http:\/\/www.korhanyilmaz.com\/index.php?rest_route=%2Fwp%2Fv2%2Fmedia&parent=23044"}],"wp:term":[{"taxonomy":"category","embeddable":true,"href":"http:\/\/www.korhanyilmaz.com\/index.php?rest_route=%2Fwp%2Fv2%2Fcategories&post=23044"},{"taxonomy":"post_tag","embeddable":true,"href":"http:\/\/www.korhanyilmaz.com\/index.php?rest_route=%2Fwp%2Fv2%2Ftags&post=23044"}],"curies":[{"name":"wp","href":"https:\/\/api.w.org\/{rel}","templated":true}]}}