{"id":23040,"date":"2010-05-25T08:15:42","date_gmt":"2010-05-25T05:15:42","guid":{"rendered":"http:\/\/www.korhanyilmaz.com\/?p=23040"},"modified":"2010-05-25T08:15:42","modified_gmt":"2010-05-25T05:15:42","slug":"bey%e2%80%99an","status":"publish","type":"post","link":"http:\/\/www.korhanyilmaz.com\/?p=23040","title":{"rendered":"Bey\u2019an&#8230;"},"content":{"rendered":"<div id=\"attachment_22507\" style=\"width: 88px\" class=\"wp-caption alignleft\"><img loading=\"lazy\" decoding=\"async\" aria-describedby=\"caption-attachment-22507\" class=\"size-full wp-image-22507\" style=\"margin-left: 10px; margin-right: 10px;\" title=\"Y\u0131lmaz \u00d6zdil - H\u00fcrriyet Gazetesi\" src=\"http:\/\/www.korhanyilmaz.com\/wp-content\/uploads\/2010\/05\/y\u0131lmaz-\u00f6zdil2.jpg\" alt=\"\" width=\"78\" height=\"112\" \/><p id=\"caption-attachment-22507\" class=\"wp-caption-text\">Y\u0131lmaz \u00d6zdil<\/p><\/div>\n<p style=\"text-align: justify;\">\u00d6\u011frenci, T\u00fcrk\u00e7e dersinde \u201cparti\u201d kelimesini harf harf kodluyormu\u015f, \u201cParis\u2019in P\u2019si, Ankara\u2019n\u0131n A\u2019s\u0131 Dede\u2019nin R\u2019si, Trabzon\u2019un T\u2019si, \u0130zmir\u2019in \u0130\u2019si&#8230;\u201d \u00d6\u011fretmen m\u00fcdahale etmi\u015f, \u201cEvlad\u0131m, Dede\u2019de R yok ki\u201d demi\u015f&#8230; \u201cNas\u0131l yok?\u201d demi\u015f \u00f6\u011frenci, \u201cBenim dedemin ad\u0131 Recep!\u201d<\/p>\n<p style=\"text-align: justify;\">*<\/p>\n<p style=\"text-align: justify;\">AKP\u2019ye AKP denmesini yasaklayan AKP, \u015fimdi de, isimlerinden biri Recep olan Ba\u015fbakan\u2019a \u201cRecep Bey\u201d denmesine k\u0131z\u0131yor iyi mi&#8230;<!--more--><\/p>\n<p style=\"text-align: justify;\">*<\/p>\n<p style=\"text-align: justify;\">\u00c7orab\u0131na \u201cMilli E\u011fitim Bakan\u0131 H\u00fcseyin \u00c7elik\u201d kartviziti yazd\u0131ran H\u00fcseyin \u00c7elik, \u201cRecep Bey\u201d denmesini \u201cyak\u0131\u015f\u0131ks\u0131z\u201d bulmu\u015f mesela&#8230;<\/p>\n<p style=\"text-align: justify;\">\u201cGandi oldu Dandi\u201d diyen B\u00fclent Ar\u0131n\u00e7 ise, Recep Bey ifadesinin \u201ck\u00fc\u00e7\u00fclt\u00fcc\u00fc\u201d oldu\u011funu s\u00f6yl\u00fcyor.<\/p>\n<p style=\"text-align: justify;\">*<\/p>\n<p style=\"text-align: justify;\">Halbuki, \u00c7ankaya meselesi tart\u0131\u015f\u0131l\u0131rken, aynen \u015f\u00f6yle demi\u015fti Ba\u015fbakan: \u201cAbdullah Bey\u2019le B\u00fclent Bey\u2019le isti\u015fare ederim.\u201d<\/p>\n<p style=\"text-align: justify;\">*<\/p>\n<p style=\"text-align: justify;\">\u201cSen T\u00fcrkiye\u2019sin b\u00fcy\u00fck d\u00fc\u015f\u00fcn\u201d afi\u015fleri as\u0131p&#8230; Sonra da, \u201csen\u201d diye hitap edene, \u201cSen bana sen diyemezsin\u201d demeleri gibi bi \u015fey yani.<\/p>\n<p style=\"text-align: justify;\">*<\/p>\n<p style=\"text-align: justify;\">CHP\u2019ye y\u0131llard\u0131r \u201celit\u201d diyen yanda\u015f medya ise, topluca Lordlar Kamaras\u0131\u2019na ge\u00e7ti&#8230; Kalemlerinden asalet daml\u0131yor, \u201cCHP avamla\u015ft\u0131\u201d diyorlar!<\/p>\n<p style=\"text-align: justify;\">*<\/p>\n<p style=\"text-align: justify;\">Osman Hamdi Bey, Hac\u0131 Arif Bey, \u00c7akabey, Kiziro\u011flu Mustafa Bey, Tamburi Cemil Bey hakaret midir? Beyo\u011flu\u2019na Say\u0131no\u011flu mu diyece\u011fiz bu saatten sonra?<\/p>\n<p style=\"text-align: justify;\">Emel Say\u0131n\u2019da sorun yok da&#8230;<\/p>\n<p style=\"text-align: justify;\">Beylerbeyi Saray\u0131\u2019na ne diyece\u011fiz?<\/p>\n<p style=\"text-align: justify;\">*<\/p>\n<p style=\"text-align: justify;\">(Milli E\u011fitim Bakanl\u0131\u011f\u0131 yapan H\u00fcseyin \u00c7elik\u2019in kalbini k\u0131rmak istemem ama, Sakarya\u2019da \u201cRecep Bey End\u00fcstri Meslek Lisesi\u201d var&#8230; Yak\u0131\u015f\u0131ks\u0131z m\u0131d\u0131r?)<\/p>\n<p style=\"text-align: justify;\">*<\/p>\n<p style=\"text-align: justify;\">\u0130\u015fin daha enteresan taraf\u0131&#8230;<\/p>\n<p style=\"text-align: justify;\">*<\/p>\n<p style=\"text-align: justify;\">\u201cHukuktan anlam\u0131yor\u201d diyor.<\/p>\n<p style=\"text-align: justify;\">\u201cEkonomi bilmiyor\u201d diyor.<\/p>\n<p style=\"text-align: justify;\">\u201cR\u00fc\u015fveti bitirece\u011fiz\u201d diyor.<\/p>\n<p style=\"text-align: justify;\">\u201cSoydular memleketi\u201d diyor.<\/p>\n<p style=\"text-align: justify;\">\u201cHesap soraca\u011f\u0131z\u201d diyor.<\/p>\n<p style=\"text-align: justify;\">\u201cBunlar\u0131n dokunulmazl\u0131\u011f\u0131n\u0131 kald\u0131raca\u011f\u0131z, siyasi ahlak yasas\u0131 \u00e7\u0131karaca\u011f\u0131z, parlamentoda vurguncunun talanc\u0131n\u0131n yeri yok, naylon faturac\u0131dan, Ali Dibo\u2019dan bakan olmayacak\u201d diyor.<\/p>\n<p style=\"text-align: justify;\">*<\/p>\n<p style=\"text-align: justify;\">\u201cKalpazan\u201d diyor.<\/p>\n<p style=\"text-align: justify;\">*<\/p>\n<p style=\"text-align: justify;\">\u00c7\u0131t yok.<\/p>\n<p style=\"text-align: justify;\">*<\/p>\n<p style=\"text-align: justify;\">Vay efendim \u201cbey\u201d dedi&#8230;<\/p>\n<p style=\"text-align: justify;\">\u0130\u015fte oras\u0131 g\u00fcc\u00fcne gidiyor.<\/p>\n<p style=\"text-align: justify;\"><a href=\"http:\/\/www.hurriyet.com.tr\/yazarlar\/14826143.asp?yazarid=249&amp;gid=61\" target=\"_blank\"><span style=\"color: #888888;\">yozdil@hurriyet.com.tr<\/span><\/a><\/p>\n","protected":false},"excerpt":{"rendered":"<p id=\"caption-attachment-22507\" class=\"wp-caption-text\">Y\u0131lmaz \u00d6zdil<\/p>\n<p style=\"text-align: justify;\">\u00d6\u011frenci, T\u00fcrk\u00e7e dersinde \u201cparti\u201d kelimesini harf harf kodluyormu\u015f, \u201cParis\u2019in P\u2019si, Ankara\u2019n\u0131n A\u2019s\u0131 Dede\u2019nin R\u2019si, Trabzon\u2019un T\u2019si, \u0130zmir\u2019in \u0130\u2019si&#8230;\u201d \u00d6\u011fretmen m\u00fcdahale etmi\u015f, \u201cEvlad\u0131m, Dede\u2019de R yok ki\u201d demi\u015f&#8230; \u201cNas\u0131l yok?\u201d demi\u015f \u00f6\u011frenci, \u201cBenim dedemin ad\u0131 Recep!\u201d<\/p>\n<p style=\"text-align: justify;\">*<\/p>\n<p style=\"text-align: justify;\">AKP\u2019ye AKP denmesini yasaklayan AKP, \u015fimdi de, isimlerinden biri <\/p>\n","protected":false},"author":1,"featured_media":0,"comment_status":"open","ping_status":"closed","sticky":false,"template":"","format":"standard","meta":{"footnotes":""},"categories":[16],"tags":[],"class_list":["post-23040","post","type-post","status-publish","format-standard","hentry","category-kose-yazilari","odd"],"_links":{"self":[{"href":"http:\/\/www.korhanyilmaz.com\/index.php?rest_route=\/wp\/v2\/posts\/23040","targetHints":{"allow":["GET"]}}],"collection":[{"href":"http:\/\/www.korhanyilmaz.com\/index.php?rest_route=\/wp\/v2\/posts"}],"about":[{"href":"http:\/\/www.korhanyilmaz.com\/index.php?rest_route=\/wp\/v2\/types\/post"}],"author":[{"embeddable":true,"href":"http:\/\/www.korhanyilmaz.com\/index.php?rest_route=\/wp\/v2\/users\/1"}],"replies":[{"embeddable":true,"href":"http:\/\/www.korhanyilmaz.com\/index.php?rest_route=%2Fwp%2Fv2%2Fcomments&post=23040"}],"version-history":[{"count":0,"href":"http:\/\/www.korhanyilmaz.com\/index.php?rest_route=\/wp\/v2\/posts\/23040\/revisions"}],"wp:attachment":[{"href":"http:\/\/www.korhanyilmaz.com\/index.php?rest_route=%2Fwp%2Fv2%2Fmedia&parent=23040"}],"wp:term":[{"taxonomy":"category","embeddable":true,"href":"http:\/\/www.korhanyilmaz.com\/index.php?rest_route=%2Fwp%2Fv2%2Fcategories&post=23040"},{"taxonomy":"post_tag","embeddable":true,"href":"http:\/\/www.korhanyilmaz.com\/index.php?rest_route=%2Fwp%2Fv2%2Ftags&post=23040"}],"curies":[{"name":"wp","href":"https:\/\/api.w.org\/{rel}","templated":true}]}}