{"id":23036,"date":"2010-05-25T00:02:31","date_gmt":"2010-05-24T21:02:31","guid":{"rendered":"http:\/\/www.korhanyilmaz.com\/?p=23036"},"modified":"2010-05-25T00:02:31","modified_gmt":"2010-05-24T21:02:31","slug":"recep-beyin-sirri-cozuldu","status":"publish","type":"post","link":"http:\/\/www.korhanyilmaz.com\/?p=23036","title":{"rendered":"&#8220;Recep Bey&#8221;in s\u0131rr\u0131 \u00e7\u00f6z\u00fcld\u00fc!.."},"content":{"rendered":"<p style=\"text-align: justify;\"><a href=\"http:\/\/www.korhanyilmaz.com\/wp-content\/uploads\/2010\/05\/0042.jpg\"  class=\"lightview\"><img loading=\"lazy\" decoding=\"async\" class=\"size-full wp-image-23037 aligncenter\" src=\"http:\/\/www.korhanyilmaz.com\/wp-content\/uploads\/2010\/05\/0042.jpg\" alt=\"\" width=\"292\" height=\"190\" \/><\/a><\/p>\n<p style=\"text-align: justify;\">CHP Genel Ba\u015fkan\u0131 Kemal K\u0131l\u0131\u00e7daro\u011flu, &#8220;Siyaset\u00e7i halka hesap verecekse, siyasete at\u0131ld\u0131ktan sonra zenginle\u015fecekse bunun birileri taraf\u0131ndan sorgulanmas\u0131 laz\u0131m. O sorgulaman\u0131n bir unsuru olarak &#8216;Recep Bey&#8217; fig\u00fcr\u00fc kullan\u0131lm\u0131\u015ft\u0131r&#8221; dedi. K\u0131l\u0131\u00e7daro\u011flu eski genel ba\u015fkan\u0131 i\u00e7in ise, &#8220;Say\u0131n Baykal zaten siyaseti b\u0131rak\u0131rsa bana g\u00f6re hayat\u0131 b\u0131rak\u0131r&#8221; ifadesini kulland\u0131.<!--more--><\/p>\n<p style=\"text-align: justify;\">K\u0131l\u0131\u00e7daro\u011flu, CHP Genel Merkezi&#8217;ndeki makam\u0131nda, Kanal D Ana Haber B\u00fclteni canl\u0131 yay\u0131n\u0131na kat\u0131larak Mehmet Ali Birand&#8217;\u0131n sorular\u0131n\u0131 yan\u0131tlad\u0131.<\/p>\n<p style=\"text-align: justify;\">Makam masas\u0131n\u0131 i\u015faret eden Birand&#8217;\u0131n, &#8220;Her \u015fey bu masa i\u00e7in \u00f6yle de\u011fil mi?&#8221; sorusu \u00fczerine K\u0131l\u0131\u00e7daro\u011flu, &#8220;Bu masa bana ait de\u011fil, ben buraya ge\u00e7ici olarak geldim. Bu masa halka ait&#8221; dedi.<\/p>\n<p style=\"text-align: justify;\">Ziyaretinde Baykal&#8217;\u0131 nas\u0131l g\u00f6rd\u00fc\u011f\u00fcn\u00fcn sorulmas\u0131 \u00fczerine K\u0131l\u0131\u00e7daro\u011flu, &#8220;Bug\u00fcn sizin g\u00f6rd\u00fc\u011f\u00fcn\u00fcz gibi, son derece heyecanl\u0131, hayata ba\u011fl\u0131 siyasete ba\u011fl\u0131, olaylar\u0131 yak\u0131ndan izleyen izlemeye kararl\u0131 olan bir genel ba\u015fkanla kar\u015f\u0131la\u015ft\u0131m. Son derece mutluyum. Kurultay\u0131m\u0131zdan da son derece mutlu. Burada say\u0131n Baykal zaten siyaseti b\u0131rak\u0131rsa bana g\u00f6re hayat\u0131 b\u0131rak\u0131r. Ya\u015fam\u0131 b\u00fcy\u00fck m\u00fccadelelerle ge\u00e7mi\u015f, hapse girmi\u015f \u00e7\u0131km\u0131\u015f, kararl\u0131l\u0131\u011f\u0131n\u0131 s\u00fcrd\u00fcrm\u00fc\u015f, siyasetin d\u0131\u015f\u0131na itildi\u011finde de siyasetle ba\u011f\u0131n\u0131 koparmam\u0131\u015f, sa\u011fl\u0131kl\u0131 ba\u011flant\u0131lar\u0131 kurmu\u015f olan bir Baykal var&#8221; dedi.<\/p>\n<p style=\"text-align: justify;\">Birand&#8217;\u0131n, &#8220;Rakibiniz de var galiba orada&#8221; ifadesi \u00fczerine K\u0131l\u0131\u00e7daro\u011flu, &#8220;Olabilir ben rakip olarak g\u00f6rm\u00fcyorum onu&#8221; dedi.<\/p>\n<p style=\"text-align: justify;\"><strong>Baykal d\u00f6ner mi? <\/strong><\/p>\n<p style=\"text-align: justify;\">Baykal&#8217;\u0131n siyasete d\u00f6nmesi ihtimalinin sorulmas\u0131 \u00fczerine CHP lideri, &#8220;Elbette gelebilir. O ba\u011flamda herhangi bir sorunumuz yok. Ben \u015f\u00f6yle de g\u00f6r\u00fcyorum olaylar\u0131 ister yeniden siyasete, parti y\u00f6netimine gelme y\u00f6n\u00fcndeki kararl\u0131l\u0131\u011f\u0131n\u0131 beyan etsin etmesin Baykal, her zaman bizim ba\u015fvurabilece\u011fimiz, ba\u015fvurmak zorunda oldu\u011fumuz, d\u00fc\u015f\u00fcncelerini g\u00f6r\u00fc\u015flerini almam\u0131z gereken bir siyaset\u00e7i. Bu kadar deneyimli bir birikimin partinin yarar\u0131na sunulmamas\u0131 bana g\u00f6re yanl\u0131\u015f olur. Say\u0131n Baykal bug\u00fcn, &#8216;Ben s\u0131k s\u0131k gelip sizi ziyaret edebilir miyim?&#8217; dedi\u011fimde &#8216;Benim i\u00e7in onur olur. Her zaman gelebilirsiniz&#8217; dedi. D\u00fc\u015f\u00fcncelerimizi elbette payla\u015faca\u011f\u0131z&#8221; diye konu\u015ftu.<\/p>\n<p style=\"text-align: justify;\">K\u0131l\u0131\u00e7daro\u011flu, &#8220;<span style=\"text-decoration: underline;\">Ba\u015fbakan, &#8216;Recep Bey&#8217; s\u00f6yleminden rahats\u0131z oldu. Bu konuda neler s\u00f6yleyeceksiniz?<\/span>&#8221; sorusuna, &#8220;<span style=\"text-decoration: underline;\">Ben orada farkl\u0131 iki pencereye dikkat \u00e7ektim. Bir Tayyip bey penceresi var. Anadolu&#8217;dan gelirken y\u0131rt\u0131k ayakkab\u0131yla gelen, yoksulluk i\u00e7inde b\u00fcy\u00fcyen, futbol oynarken bile krampon paras\u0131n\u0131 arkada\u015f\u0131ndan alan, ma\u011fdur olan bir Tayyip bey. Bir de bunun d\u0131\u015f\u0131nda siyasete at\u0131ld\u0131ktan sonra zenginle\u015fen, \u00e7ocuklar\u0131 Amerika&#8217;da okuyan bunun masraf\u0131n\u0131 i\u015f adamlar\u0131n\u0131n \u00f6dedi\u011fi bir d\u00fczen&#8230; Havuzlu villalara ta\u015f\u0131nan, yedi y\u0131ld\u0131zl\u0131 otellerde tatil yapan. \u00c7ocuklar\u0131n\u0131n d\u00fc\u011f\u00fcnlerini saraylarda yapan bir de Recep Bey&#8230; \u0130kisini halk\u0131n \u00f6n\u00fcne koymaya \u00e7al\u0131\u015ft\u0131m. Bey s\u00f6zc\u00fc\u011f\u00fc hakaret etmek ya da a\u015fa\u011f\u0131lamak i\u00e7in zaten kullan\u0131lmaz. Ama bu iki tablo AKP&#8217;yi rahats\u0131z etti. \u00c7\u00fcnk\u00fc Tayyip Bey olgusu farkl\u0131 Recep Bey olgusu farkl\u0131. Recep Bey olgusuna benim halk\u0131n dikkatini \u00e7ekmem gerekiyordu. \u00c7\u00fcnk\u00fc siyaset\u00e7i halka hesap verecekse, siyasete at\u0131ld\u0131ktan sonra zenginle\u015fecekse bunun birileri taraf\u0131ndan sorgulanmas\u0131 laz\u0131m. O sorgulaman\u0131n bir unsuru olarak Recep Bey fig\u00fcr\u00fc kullan\u0131lm\u0131\u015ft\u0131<\/span>r&#8221; dedi.<\/p>\n<p style=\"text-align: justify;\"><strong>G\u00fcneydo\u011fu sorununa neden girmedi? <\/strong><\/p>\n<p style=\"text-align: justify;\">&#8220;Kurultayda, G\u00fcneydo\u011fu sorununa pek derinlemesine inmediniz, d\u0131\u015f politika da biraz y\u00fczeysel ge\u00e7ti. Bunlar \u00f6n\u00fcm\u00fczdeki d\u00f6nemde a\u011f\u0131rl\u0131k verilecek konular m\u0131?&#8221; sorusu \u00fczerine K\u0131l\u0131\u00e7daro\u011flu, &#8220;Elbette. Kurultayda halka hitap ediyorsunuz. S\u00f6ylemlerinizin halka indirgenmi\u015f s\u00f6ylemler olmas\u0131 gerekiyor. E\u011fer \u00fcniversitede konu\u015fma yapm\u0131\u015f olsayd\u0131n\u0131z farkl\u0131 bir konu\u015fma olacakt\u0131. Tablolara girecektiniz. Yeri farkl\u0131 idi. D\u0131\u015f politika \u00e7etrefilli bir alan, orada bir satran\u00e7 ustal\u0131\u011f\u0131yla oyuna yakla\u015f\u0131lmas\u0131 laz\u0131m. Hamlelerin \u00f6nceden g\u00f6r\u00fclmesi ve ona g\u00f6re politikalar\u0131n olu\u015fturulmas\u0131 laz\u0131m. Halk\u0131n beklentilerini, halk\u0131n g\u00fcnl\u00fck sorunlar\u0131na nas\u0131l yakla\u015ft\u0131\u011f\u0131n\u0131z\u0131 halk g\u00f6rmek istiyor. Biz de arkada\u015flarla konu\u015ftuk, dan\u0131\u015ft\u0131k ve b\u00f6yle bir konu\u015fman\u0131n halk i\u00e7in bir s\u00f6ylem olabilece\u011fini d\u00fc\u015f\u00fcnd\u00fck. Halk\u0131n birinci sorunu ne, i\u015fsizlik. \u015eimdi siz bunu nas\u0131l \u00e7\u00f6zece\u011finizi dile getirmek zorundas\u0131n\u0131z. Recep Bey, bizi \u015f\u00f6yle ele\u015ftiriyordu, &#8216;siz se\u00e7kinci bir partisiniz, sizin s\u00f6yledi\u011finiz halk taraf\u0131ndan anla\u015f\u0131lm\u0131yor.&#8217; \u015eimdi biz se\u00e7kinci olmad\u0131\u011f\u0131m\u0131z\u0131, halk\u0131n istedi\u011finizi s\u00f6yledi\u011fimizde rahats\u0131zl\u0131k duymaya ba\u015flad\u0131lar&#8221; dedi.<\/p>\n<p style=\"text-align: justify;\"><strong>Erdo\u011fan&#8217;a &#8220;kaynak&#8221; yan\u0131t\u0131 <\/strong><\/p>\n<p style=\"text-align: justify;\">&#8220;Say\u0131n Ba\u015fbakan en \u00e7ok &#8216;kaynak nerede karde\u015fim, kayna\u011f\u0131 g\u00f6ster&#8217; diyor&#8221; s\u00f6zleri \u00fczerine, K\u0131l\u0131\u00e7daro\u011flu, \u015funlar\u0131 kaydetti: &#8220;Say\u0131n Ba\u015fbakan benim maliyeci kimli\u011fimi unutmu\u015f herhalde. Kayna\u011f\u0131n ne oldu\u011funu nas\u0131l kullan\u0131lmas\u0131 gerekti\u011fini bilen bir insan\u0131m ama say\u0131n Ba\u015fbakan&#8217;\u0131n b\u00f6yle bir ge\u00e7mi\u015fi yok. Say\u0131n Ba\u015fbakan&#8217;\u0131n ekonomi bilmedi\u011fini de s\u00f6yledim. Orada temel nokta \u015fu; e\u011fer T\u00fcrkiye Cumhuriyeti d\u00fcnyan\u0131n en b\u00fcy\u00fck 20 ekonomisinden birisiyse siz benim kayna\u011f\u0131m yoktur diyemezsiniz. Kayna\u011f\u0131 bulursunuz yarat\u0131rs\u0131n\u0131z. Burada b\u00fct\u00fcn sorun \u015fu, \u00f6ncelikleriniz nedir sizin. E\u011fer u\u00e7ak inmeyecek hava alan\u0131 yapacaks\u0131n\u0131z bu ayr\u0131 bir olay ama halk\u0131n ihtiyac\u0131n\u0131 kar\u015f\u0131layacak okul yapacaks\u0131n\u0131z bu ayr\u0131 bir olay&#8221; dedi.<\/p>\n<p style=\"text-align: justify;\">K\u0131l\u0131\u00e7daro\u011flu, &#8220;Siz Deniz Baykal gibi olabilir misiniz?&#8221; sorusunu ise \u015f\u00f6yle yan\u0131tlad\u0131: &#8220;Ben duygular\u0131m\u0131 kontrol eden birisiyim. Duygular\u0131 hemen b\u00f6yle an\u0131nda refleks olarak vermenin de do\u011fru olmad\u0131\u011f\u0131n\u0131 biliyorum. Bana \u015funu \u00f6\u011frettiler; e\u011fer bir yerde ba\u015f\u0131n\u0131za bir olay gelmi\u015fse sak\u0131n ola ki an\u0131nda tepki vermeyin. \u00d6nce bir d\u00fc\u015f\u00fcn\u00fcn, \u00fczerinden 12 saat ge\u00e7sin ondan sonra tepki verebilirsin diye. Bu siyaset hayat\u0131nda da b\u00fcrokraside de bizim temel ilkelerimizden biri olmak zorundad\u0131r. \u00c7\u00fcnk\u00fc o tepkiyi tam alg\u0131lamak laz\u0131m, belki hakl\u0131 da olabilir o tepki. O nedenle an\u0131nda tepki vermenin do\u011fru olmad\u0131\u011f\u0131n\u0131 d\u00fc\u015f\u00fcn\u00fcyorum. Say\u0131n Baykal da asl\u0131nda b\u00f6yle bir \u015fey yapt\u0131.&#8221;<\/p>\n<p style=\"text-align: justify;\"><strong>&#8220;T\u00fcrkiye se\u00e7im atmosferinde&#8221; <\/strong><\/p>\n<p style=\"text-align: justify;\">&#8220;Baykal, &#8216;ben buraday\u0131m, ben var\u0131m, Meclise de gidece\u011fim, kenarda kalmayaca\u011f\u0131m diyor&#8221; \u015feklindeki hat\u0131rlatma \u00fczerine K\u0131l\u0131\u00e7daro\u011flu, &#8220;Biz de yararlanmak istiyoruz say\u0131n Baykal&#8217;dan referandum var, di\u011fer konular var&#8221; diye konu\u015ftu.<\/p>\n<p style=\"text-align: justify;\">&#8220;Partiyi, se\u00e7im atmosferine sokacak m\u0131s\u0131n\u0131z, bu r\u00fczgar\u0131 g\u00f6t\u00fcrebilecek misiniz \u00e7\u00fcnk\u00fc bazen r\u00fczgar duruverir&#8221; sorusu \u00fczerine K\u0131l\u0131\u00e7daro\u011flu, \u015fu yorumu yapt\u0131: &#8220;Bence se\u00e7im atmosferine T\u00fcrkiye girdi. Elbette bu r\u00fczgar\u0131 g\u00f6t\u00fcrmek zorunday\u0131z, \u00e7\u00fcnk\u00fc T\u00fcrkiye&#8217;nin \u00e7ok ciddi sorunlar\u0131 var. Sizin bu sorunlar\u0131 \u00e7\u00f6zmeye haz\u0131r oldu\u011funuzu halka anlatman\u0131z gerekiyor. Nas\u0131l anlataca\u011f\u0131z biz bunu, ben anlataca\u011f\u0131m, di\u011fer kurmaylar anlatacak, kad\u0131n kollar\u0131, gen\u00e7lik kollar\u0131 anlatacak, hep beraber yola \u00e7\u0131kaca\u011f\u0131z. Halkla beraber y\u00fcr\u00fcmenin temel ko\u015fulu o r\u00fczgar\u0131 yakalamakt\u0131r.&#8221;<\/p>\n<p style=\"text-align: justify;\"><strong>Kurultayda giydi\u011fi g\u00f6mlek&#8230; <\/strong><\/p>\n<p style=\"text-align: justify;\">CHP lideri, &#8220;Kurultayda giydi\u011finiz g\u00f6mlek \u00e7ok konu\u015fuldu. Bu konuyla ilgili neler s\u00f6yleyeceksiniz?&#8221; sorusu \u00fczerine \u015f\u00f6yle konu\u015ftu: &#8220;Arkada\u015flar dediler ki, &#8216;kravatl\u0131 \u00e7\u0131kmak o atmosferde rahat olmayabilir. \u00c7\u00fcnk\u00fc \u00e7ok s\u0131cak, kalabal\u0131k olur. Spor \u00e7\u0131kmakta yarar var&#8217; diye&#8230; Biz de &#8216;olur&#8217; dedik. Benim de spor tak\u0131m\u0131m yoktu, o \u00e7er\u00e7evede bir ma\u011fazaya gittik arkada\u015flarla. Onlar da bir tak\u0131m ayarlam\u0131\u015flard\u0131. &#8216;\u015eunu alal\u0131m&#8217; dediler, ben de &#8216;olur&#8217; dedim. Sonra &#8216;tak\u0131ma g\u00f6mlek bulmam\u0131z gerek&#8217; dediler. Hangisi uyar hangisi uymaz derken o g\u00f6mle\u011fi ald\u0131k. Onun bir marka oldu\u011funu ben biliyordum. Bug\u00fcn gazetelerden \u00f6\u011frendim. Ama o g\u00f6mle\u011fi bir gazeteci arkada\u015f\u0131m istedi. O arkada\u015fa arma\u011fan edece\u011fim. O g\u00f6mlek yine bende kalmayacak, hat\u0131ra olarak istediler.&#8221;<\/p>\n<p style=\"text-align: justify;\">&#8220;Siz konu\u015fmalar\u0131n\u0131zda benim art\u0131k muhatab\u0131m Ba\u015fbakan demi\u015ftiniz&#8221; s\u00f6zleri \u00fczerine K\u0131l\u0131\u00e7daro\u011flu, \u015funlar\u0131 kaydetti: &#8220;Say\u0131n Ba\u015fbakan, anamuhalefet partisinin lideriyle herhalde muhatap olacakt\u0131r. Yani bizim ele\u015ftirilerimize yan\u0131t verecektir. Biz de onun ele\u015ftirilerine yan\u0131t verece\u011fiz. Benim oradaki muhatapl\u0131kl\u0131ktan kast\u0131m, e\u011fer bir yerde tart\u0131\u015fma olacaksa, Ba\u015fbakan&#8217;la da tart\u0131\u015f\u0131r\u0131z. Bu televizyon program\u0131nda da olabilir, ba\u015fka bir alanda da olabilir. Uygar iki insan gibi kar\u015f\u0131la\u015f\u0131r\u0131z, oturur tart\u0131\u015f\u0131r\u0131z, de\u011ferlendirmeyi kamuoyu yapar. Bu ba\u011flamda Say\u0131n Ba\u015fbakan&#8217;a da bir soru y\u00f6nelttim kurultayda, dedim ki &#8216;\u0130\u015fsizlik sigortas\u0131 fonundan \u00e7ok \u00f6nemli bir para ald\u0131n\u0131z. Bunun i\u00e7in yasa \u00e7\u0131kard\u0131n\u0131z. Bu yasan\u0131n \u00e7\u0131k\u0131\u015f gerek\u00e7esi Do\u011fu ve G\u00fcneydo\u011fu&#8217;daki yat\u0131r\u0131mlar\u0131n tamamlanmas\u0131yd\u0131. Bu para nereye harcand\u0131? Bak\u0131yoruz Do\u011fu&#8217;ya, G\u00fcneydo\u011fu&#8217;ya&#8230; Bu kadar b\u00fcy\u00fck bir paran\u0131n, 2 milyar 800 milyon liral\u0131k bir paran\u0131n yat\u0131r\u0131ld\u0131\u011f\u0131 bir alan \u00e7\u0131karsa biz de onu g\u00f6rece\u011fiz. Bu para nerededir, ne de\u011fildir diye.&#8221;<\/p>\n<p style=\"text-align: justify;\">K\u0131l\u0131\u00e7daro\u011flu, kurultayda takt\u0131\u011f\u0131 \u015fapkan\u0131n B\u00fclent Ecevit&#8217;e ait olup olmad\u0131\u011f\u0131n\u0131 bilip bilmedi\u011finin sorulmas\u0131 \u00fczerine de, &#8220;O \u015fapkan\u0131n kime ait oldu\u011funu bilmiyorum bana getirip verdiler&#8221; dedi.<\/p>\n<p style=\"text-align: justify;\"><strong>&#8220;Say\u0131n Baykal do\u011frusunu yapt\u0131&#8221; <\/strong><\/p>\n<p style=\"text-align: justify;\">K\u0131l\u0131\u00e7daro\u011flu, &#8220;Baykal do\u011frusunu mu yapt\u0131? Siz bu olay\u0131n takip\u00e7isi olacak m\u0131s\u0131n\u0131z? &#8221; sorular\u0131n\u0131 ise \u015f\u00f6yle yan\u0131tlad\u0131: &#8220;Say\u0131n Baykal, do\u011frusunu yapt\u0131. En do\u011frusunu yapt\u0131\u011f\u0131n\u0131 kendisi de kabul ediyor. \u0130kinci \u00f6nemli nokta, elbette bu konuyu takip edece\u011fiz. E\u011fer siyasal iktidar bu konuyu ayd\u0131nlatmazsa bu komplonun bir par\u00e7as\u0131 olacakt\u0131r. Siyasal iktidar\u0131n elinde istihbarat \u00f6rg\u00fctleri var, g\u00fcvenlik \u00f6rg\u00fctleri var. E\u011fer ortada bir su\u00e7lu varsa o su\u00e7luyu yakalamak iktidar\u0131n g\u00f6revidir. Elbette olay savc\u0131l\u0131\u011fa intikal etti ama savc\u0131l\u0131\u011f\u0131n d\u0131\u015f\u0131nda istihbarat \u00f6rg\u00fctlerinin devreye girmesi gerekiyor. Nedir bu? Kimler yapt\u0131? Failler nedir? Ortada bir cinayet var. Failinin bulunmas\u0131 laz\u0131m. Bu olay su\u00e7 de\u011fildir, b\u00f6yle bir su\u00e7luluk yoktur diyorsa Say\u0131n Ba\u015fbakan \u00e7\u0131ks\u0131n s\u00f6ylesin o zaman. Ortada su\u00e7 yok ki, biz takip edelim. Elbette biz i\u015fin takip\u00e7isi olaca\u011f\u0131z. Olay\u0131 ortaya \u00e7\u0131karmad\u0131\u011f\u0131 takdirde, failleri ortaya \u00e7\u0131karmad\u0131\u011f\u0131 takdirde bu iktidar bu komplonun bir par\u00e7as\u0131d\u0131r.&#8221;<\/p>\n<p style=\"text-align: justify;\">&#8220;\u015eu an ne kadar ger\u00e7ek ne kadar de\u011fil bilemeyiz ama eski ba\u015fkan, yeni ba\u015fkan ve CHP el ele kol kola girmi\u015f vaziyetteler&#8221; s\u00f6zleri \u00fczerine K\u0131l\u0131\u00e7daro\u011flu, &#8220;O \u00e7ok g\u00fczel bir tan\u0131mlama oldu. \u00c7\u00fcnk\u00fc biz bir aileyiz. Aile i\u00e7inde zaman zaman tart\u0131\u015fmalar olabilir, ama el ele kol kola y\u00fcr\u00fcyoruz. \u0130ktidara do\u011fru y\u00fcr\u00fcyece\u011fiz in\u015fallah&#8221; diye konu\u015ftu.<\/p>\n<p style=\"text-align: justify;\"><span style=\"color: #888888;\">CNN T\u00dcRK<\/span><\/p>\n","protected":false},"excerpt":{"rendered":"<p style=\"text-align: justify;\">\n<p style=\"text-align: justify;\">CHP Genel Ba\u015fkan\u0131 Kemal K\u0131l\u0131\u00e7daro\u011flu, &#8220;Siyaset\u00e7i halka hesap verecekse, siyasete at\u0131ld\u0131ktan sonra zenginle\u015fecekse bunun birileri taraf\u0131ndan sorgulanmas\u0131 laz\u0131m. O sorgulaman\u0131n bir unsuru olarak &#8216;Recep Bey&#8217; fig\u00fcr\u00fc kullan\u0131lm\u0131\u015ft\u0131r&#8221; dedi. K\u0131l\u0131\u00e7daro\u011flu eski genel ba\u015fkan\u0131 i\u00e7in ise, &#8220;Say\u0131n Baykal zaten siyaseti b\u0131rak\u0131rsa bana g\u00f6re hayat\u0131 b\u0131rak\u0131r&#8221; ifadesini kulland\u0131.<\/p>\n","protected":false},"author":1,"featured_media":0,"comment_status":"open","ping_status":"closed","sticky":false,"template":"","format":"standard","meta":{"footnotes":""},"categories":[105],"tags":[],"class_list":["post-23036","post","type-post","status-publish","format-standard","hentry","category-gundem","odd"],"_links":{"self":[{"href":"http:\/\/www.korhanyilmaz.com\/index.php?rest_route=\/wp\/v2\/posts\/23036","targetHints":{"allow":["GET"]}}],"collection":[{"href":"http:\/\/www.korhanyilmaz.com\/index.php?rest_route=\/wp\/v2\/posts"}],"about":[{"href":"http:\/\/www.korhanyilmaz.com\/index.php?rest_route=\/wp\/v2\/types\/post"}],"author":[{"embeddable":true,"href":"http:\/\/www.korhanyilmaz.com\/index.php?rest_route=\/wp\/v2\/users\/1"}],"replies":[{"embeddable":true,"href":"http:\/\/www.korhanyilmaz.com\/index.php?rest_route=%2Fwp%2Fv2%2Fcomments&post=23036"}],"version-history":[{"count":0,"href":"http:\/\/www.korhanyilmaz.com\/index.php?rest_route=\/wp\/v2\/posts\/23036\/revisions"}],"wp:attachment":[{"href":"http:\/\/www.korhanyilmaz.com\/index.php?rest_route=%2Fwp%2Fv2%2Fmedia&parent=23036"}],"wp:term":[{"taxonomy":"category","embeddable":true,"href":"http:\/\/www.korhanyilmaz.com\/index.php?rest_route=%2Fwp%2Fv2%2Fcategories&post=23036"},{"taxonomy":"post_tag","embeddable":true,"href":"http:\/\/www.korhanyilmaz.com\/index.php?rest_route=%2Fwp%2Fv2%2Ftags&post=23036"}],"curies":[{"name":"wp","href":"https:\/\/api.w.org\/{rel}","templated":true}]}}