{"id":23031,"date":"2010-05-25T08:34:02","date_gmt":"2010-05-25T05:34:02","guid":{"rendered":"http:\/\/www.korhanyilmaz.com\/?p=23031"},"modified":"2010-05-25T08:34:02","modified_gmt":"2010-05-25T05:34:02","slug":"iste-chpnin-yeni-hedefi","status":"publish","type":"post","link":"http:\/\/www.korhanyilmaz.com\/?p=23031","title":{"rendered":"\u0130\u015fte CHP&#8217;nin yeni hedefi&#8230;"},"content":{"rendered":"<p style=\"text-align: center;\"><a href=\"http:\/\/www.korhanyilmaz.com\/wp-content\/uploads\/2010\/05\/yenichp.jpg\"  class=\"lightview\"><img loading=\"lazy\" decoding=\"async\" class=\"aligncenter size-full wp-image-23032\" src=\"http:\/\/www.korhanyilmaz.com\/wp-content\/uploads\/2010\/05\/yenichp.jpg\" alt=\"\" width=\"307\" height=\"236\" \/><\/a><\/p>\n<p style=\"text-align: justify;\">CHP y\u00f6netimine giren Prof. Dr. Sencer Ayata, partinin yeni hedefini tarif etti: E\u011fitimli i\u015fg\u00fcc\u00fcn\u00fc olu\u015fturan ve genelde CHP&#8217;ye oy veren yeni orta s\u0131n\u0131f ile varo\u015f oyunu ayn\u0131 sand\u0131kta bulu\u015fturmak. <!--more--><\/p>\n<p style=\"text-align: justify;\"><em>Milliyet gazetesinde Devrim Sevimay imzas\u0131yla yay\u0131mlanan haber \u015f\u00f6yle: <\/em><\/p>\n<p style=\"text-align: justify;\">CHP Parti Meclisi \u00fcyeli\u011fine se\u00e7ilen Prof. Dr. Sencer Ayata\u2019n\u0131n \u00f6n\u00fcm\u00fczdeki d\u00f6nem olu\u015fturulacak politikalarda etkin bir rol oynamas\u0131 bekleniyor.<\/p>\n<p style=\"text-align: justify;\">Prof. Ayata\u2019ya g\u00f6re, yeni genel ba\u015fkan Kemal K\u0131l\u0131\u00e7daro\u011flu, dar gelirli kesime \u201cbu adam beni d\u00fc\u015f\u00fcn\u00fcyor, gelece\u011fim i\u00e7in bu bir \u015fans olabilir\u201d mesaj\u0131n\u0131 verdi. Dar gelirli kesime bu mesaj\u0131n gitmesi ise CHP\u2019nin \u201cdemokrasi ve ge\u00e7im projeleri ekseninde zaten deste\u011fini ald\u0131\u011f\u0131 yeni orta s\u0131n\u0131fla-varo\u015f ittifak\u0131n\u0131\u201d sa\u011flayabilir. Prof. Ayata,\u201dCHP\u2019nin de \u00e7al\u0131\u015fmas\u0131 bu y\u00f6nde olacakt\u0131r. CHP art\u0131k bu yolda y\u00fcr\u00fcyecektir\u201d diye konu\u015ftu.<\/p>\n<p style=\"text-align: justify;\"><strong>\u0130\u015fte Prof. Ayata\u2019n\u0131n \u201ckritik sorulara, kritik  yan\u0131tlar\u0131: <\/strong><\/p>\n<div id=\"attachment_23033\" style=\"width: 302px\" class=\"wp-caption alignleft\"><a href=\"http:\/\/www.korhanyilmaz.com\/wp-content\/uploads\/2010\/05\/0032.jpg\"  class=\"lightview\"><img loading=\"lazy\" decoding=\"async\" aria-describedby=\"caption-attachment-23033\" class=\"size-full wp-image-23033\" style=\"margin-left: 10px; margin-right: 10px;\" title=\"CHP Parti Meclisi \u00fcyeli\u011fine se\u00e7ilen Prof. Dr. Sencer Ayata\" src=\"http:\/\/www.korhanyilmaz.com\/wp-content\/uploads\/2010\/05\/0032.jpg\" alt=\"\" width=\"292\" height=\"194\" \/><\/a><p id=\"caption-attachment-23033\" class=\"wp-caption-text\">CHP Parti Meclisi \u00fcyeli\u011fine se\u00e7ilen Prof. Dr. Sencer Ayata<\/p><\/div>\n<p style=\"text-align: justify;\">M\u00fchendisler, \u00f6\u011fretmenler, hem\u015fireler, ara\u015ft\u0131rmac\u0131lar, reklamc\u0131lar, finans \u00f6rg\u00fctlerinde, ileti\u015fim d\u00fcnyas\u0131nda \u00e7al\u0131\u015fanlar,  tasar\u0131mc\u0131lar, mimarlar, sekreterler, sat\u0131\u015f elemanlar\u0131, genel olarak t\u00fcm beyaz yakal\u0131lar. Yani daha \u00e7ok bilgi toplumunun geli\u015fmesiyle b\u00fcy\u00fcyen \u00e7al\u0131\u015fan kesim. Y\u00fcksek vas\u0131fl\u0131, e\u011fitimli i\u015f g\u00fcc\u00fc. Toplumun gelece\u011fini planlayan, o \u00fclkenin ya da o \u015firketin veya \u00fcniversitenin rekabet g\u00fcc\u00fcn\u00fc artt\u0131ran kesimdir bu kesim. CHP bu kesimin deste\u011fini zaten al\u0131yordu. \u00d6nemli oy taban\u0131 bu kesimdendi.<\/p>\n<p style=\"text-align: justify;\"><strong>Kemal K\u0131l\u0131\u00e7daro\u011flu Cumartesi g\u00fcn\u00fc yapt\u0131\u011f\u0131 kurultay konu\u015fmas\u0131nda bu kesime mi hitap etti?<\/strong><\/p>\n<p style=\"text-align: justify;\">Hay\u0131r, Kemal K\u0131l\u0131\u00e7daro\u011flu konu\u015fmas\u0131nda dar gelirlilere, esnafa, emekliye i\u015f\u00e7iye, varo\u015flara hitap etti ve yeni orta s\u0131n\u0131f\u0131 temsil eden partiye dedi ki; \u201cHaydi varo?lara!\u201d O g\u00fcn K\u0131l\u0131\u00e7daro\u011flu konu\u015fmas\u0131nda asl\u0131nda \u015fu iki \u015feyi yapm\u0131\u015f oldu: Birincisi co\u015fku, moral motivasyon ve ola\u011fan\u00fcst\u00fc bir seferberlik co\u015fkusunu uyand\u0131rd\u0131. \u0130kincisi de yeni siyasi seferberlik i\u00e7in hedef g\u00f6sterdi, \u201cVas\u0131fl\u0131 insan g\u00fcc\u00fcyle, vizyonuyla, hep birlikte varo\u015flar\u0131 kazanmaya\u201d dedi.<\/p>\n<p style=\"text-align: justify;\"><strong>Peki, sizce yeni orta s\u0131n\u0131f bu mesaj\u0131 ald\u0131 ve kabul etti mi?<\/strong><\/p>\n<p style=\"text-align: justify;\">Kesinlikle yeni orta s\u0131n\u0131fta bir mobilizasyon ba\u015flam\u0131\u015f durumda. Sadece benim iki g\u00fcnd\u00fcr telefonumun y\u00fczlerce kez \u00e7almas\u0131 bile bir fikir verir san\u0131yorum. Bug\u00fcne kadar hi\u00e7bir \u015fekilde siyasete girmemi\u015f insanlar \u201cBizim bir katk\u0131m\u0131z olur mu,  biz ne yapabiliriz\u201d diye soruyorlar, tam anlam\u0131yla mobilize olmu\u015f durumdalar.<\/p>\n<p style=\"text-align: justify;\">\u00c7\u00fcnk\u00fc K\u0131l\u0131\u00e7daro\u011flu\u2019nun konu\u015fmas\u0131ndan yeni orta s\u0131n\u0131fta \u015fu d\u00fc\u015f\u00fcnce uyand\u0131 \u201cBu adam varo\u015flara y\u00fcr\u00fcr, biz de elimizden geleni yapal\u0131m\u201d. Bu t\u0131pk\u0131 2007 se\u00e7imlerinin yaz s\u0131ca\u011f\u0131nda ya\u015fl\u0131 ana babalar\u0131n\u0131 sand\u0131\u011fa ta\u015f\u0131yan yeni orta s\u0131n\u0131f refleksine benziyor.<\/p>\n<p style=\"text-align: justify;\">\u015eu anda yeni orta s\u0131n\u0131f i\u00e7inde CHP\u2019ye destek vermeyen k\u00fc\u00e7\u00fck b\u00f6l\u00fcm dahi bu deste\u011fi vermeye haz\u0131rlan\u0131yor. Oy verse de vermese de cumartesi g\u00fcnk\u00fc konu\u015fmadan moral buldu, \u201c2011\u2019den sonra farkl\u0131 bir d\u00fcnya olabilir\u201d dedi ilk kez kendine&#8230; G\u00f6r\u00fcyoruz ki \u015fimdi bu kesimde dahi \u201dHadi hep beraber halka gidelim, halk\u0131 kazanal\u0131m\u201d denmeye ba\u015fland\u0131. San\u0131r\u0131m art\u0131k \u2018Yeni orta s\u0131n\u0131f halka d\u00f6nd\u00fc\u2019 diyebiliriz.<\/p>\n<p style=\"text-align: justify;\">Ancak varo\u015flara hitap etmeye \u00f6ncelik veren bir CHP yeni orta s\u0131n\u0131f\u0131 rahats\u0131z etmez mi?<\/p>\n<p style=\"text-align: justify;\">\u00c7ok uzun s\u00fcredir ciddi bir moral bozuklu\u011fu i\u00e7indeydi bu kesim. Dolay\u0131s\u0131yla bu bulu\u015fma sayesinde bir \u015fekilde kendi ya\u015fam tarz\u0131n\u0131 ve demokrasiyi kazanmay\u0131 \u00fcmit ediyor. Yani yeni orta s\u0131n\u0131f bunu bir demokrasi projesi olarak g\u00f6r\u00fcyor.<\/p>\n<p style=\"text-align: justify;\"><strong>Peki dar gelirli kesim parti taban\u0131yla bulu\u015fabilir mi sizce?<\/strong><\/p>\n<p style=\"text-align: justify;\">Dar gelirli kesime gelirsek onlar da ilk kez \u2018bu adam beni d\u00fc\u015f\u00fcn\u00fcyor\u2019 dedi, \u2018CHP\u2019de biri beni d\u00fc\u015f\u00fcn\u00fcyor. Gelece\u011fim i\u00e7in bu bir \u015fans olabilir\u2019 dedi. Ve o kesim de buna bir ge\u00e7im projesi olarak bakt\u0131. Dolay\u0131s\u0131yla buradan bir demokrasi ve ge\u00e7im projeleri ittifak\u0131 do\u011fabilir. Yani yeni orta s\u0131n\u0131fla varo\u015f ittifak\u0131&#8230;<\/p>\n<p style=\"text-align: justify;\"><strong>Bir Cumartesi konu\u015fmas\u0131 bunu ba\u015farmaya yeter mi?<\/strong><\/p>\n<p style=\"text-align: justify;\">\u015eimdi o konu\u015fmayla CHP, yeni orta s\u0131n\u0131f deste\u011fine yeni bir \u015fevk ve heyecan katarak varo\u015flar\u0131 kazanmaya y\u00f6neldi. Bu ne demek? Buna y\u00f6nelik sosyal politikalar ve ekonomik politikalar demek. Ama ondan da \u00f6nce ne demek? Yeni bir siyasi ileti\u015fim demek. Kemal K\u0131l\u0131\u00e7rdaro\u011flu yeni bir siyasi ileti\u015fim getirdi CHP\u2019ye. Bu bir temel hareket. Bir ba\u015flang\u0131\u00e7 noktas\u0131.<\/p>\n<p style=\"text-align: justify;\">Buradan  hareketle \u015fimdi yeni bir \u00fclke vizyonunun geli\u015ftirilmesi gerekir. Bu ittifak siyasal bir ba\u015flang\u0131\u00e7 noktas\u0131d\u0131r, ama bunun CHP\u2019yi yeni T\u00fcrkiye vizyonuna g\u00f6t\u00fcrmesi laz\u0131m, T\u00fcrkiye\u2019ye bu temel \u00fczerinden yeni bir toplum vizyonu sunmak laz\u0131m.<\/p>\n<p style=\"text-align: justify;\">CHP\u2019nin de \u00e7al\u0131\u015fmas\u0131 bu y\u00f6nde olacakt\u0131r. CHP art\u0131k bu yolda y\u00fcr\u00fcyecektir. Bu da asl\u0131nda nedir? \u0130ki sosyal grup taban\u0131nda cumhuriyet ve halk\u00e7\u0131l\u0131k de\u011ferlerinin bir araya getirilmesidir. Yani bu bir daha \u00f6nceki kurucu cumhuriyet de\u011ferleriyle 1970\u2019lerin halk\u00e7\u0131 karakterinin birle\u015ftirilmesi projesidir, ki CHP\u2019nin yolu da bu yoldur.<\/p>\n<p style=\"text-align: justify;\">Prof. Ayata: K\u0131l\u0131\u00e7daro\u011flu, dar gelirli kesime \u2018bu adam beni d\u00fc\u015f\u00fcn\u00fcyor. Gelece\u011fim i\u00e7in bu bir \u015fans olabilir\u2019 dedi. Dolay\u0131s\u0131yla buradan bir demokrasi ve ge\u00e7im projeleri ittifak\u0131 do\u011fabilir. Yani  yeni orta s\u0131n\u0131fla-varo\u015f ittifak\u0131&#8230;<\/p>\n<p style=\"text-align: justify;\"><strong>Toplumun nabz\u0131n\u0131 tutuyor<\/strong><\/p>\n<p style=\"text-align: justify;\">Prof. Sencer Ayata, eski ODT\u00dc Sosyoloji B\u00f6l\u00fcm\u00fc Ba\u015fkan\u0131. Bu g\u00f6revinin ard\u0131ndan EYl\u00fcl 2009\u2019da ODT\u00dc Sosyal Bilimler Enstit\u00fcs\u00fc M\u00fcd\u00fcrl\u00fc\u011f\u00fc g\u00f6revine getirildi. Doktoras\u0131n\u0131 University of Kent\u2019te yapt\u0131. \u201cAy\u015fe tatile \u00e7\u0131k\u0131yor\u201d \u015fifresiyle K\u0131br\u0131s Bar\u0131\u015f Harek\u00e2t\u0131\u2019n\u0131 ba\u015flatan d\u00f6nemin D\u0131\u015fi\u015fleri Bakan\u0131 Turan G\u00fcne\u015f\u2019in damad\u0131. Sencer Ayata\u2019n\u0131n e\u015fi de, \u00fcnl\u00fc \u015fifrede ad\u0131 kullan\u0131lan Prof. Dr. Ay\u015fe G\u00fcne\u015f Ayata. E\u015finin karde\u015fi Hur\u015fit G\u00fcne\u015f ile birlikte hafta sonu yap\u0131lan kurultayda CHP PM\u2019ye girmeyi ba\u015fard\u0131.<\/p>\n<p style=\"text-align: justify;\">Sosyal demokrat g\u00f6r\u00fc\u015fleriyle tan\u0131nan Sencer Ayata\u2019n\u0131n siyaset ve kent k\u00fclt\u00fcr\u00fc \u00fczerine bir\u00e7ok \u00e7al\u0131\u015fmas\u0131 var. \u201cKapitalizm ve K\u00fc\u00e7\u00fck \u00dcreticilik\u201d, \u201cSermaye Birikimi ve Toplumsal De\u011fi\u015fim\u201d adl\u0131 kitaplar\u0131 bulunuyor. Cumhuriyet mitinglerine kat\u0131l\u0131p hem sa\u011f\u0131 hem solu hizaya \u00e7eken insanlar\u0131 \u201cyeni orta s\u0131n\u0131f\u201d s\u00f6zleriyle tan\u0131mlayan Ayata, bu insanlar\u0131 \u201cgeleneksel orta s\u0131n\u0131f\u201dtan ay\u0131r\u0131yor. Ayata\u2019ya g\u00f6re \u201cyeni orta s\u0131n\u0131f\u201d i\u015flerine kar\u0131\u015f\u0131lmas\u0131ndan ho\u015flanmayan, tarikat &#8211; a\u011fal\u0131k gibi yap\u0131lardan \u00fcrken, uydu kentlerde oturan, ev kad\u0131n\u0131 olsa bile e\u011fitimli, d\u00fcnyay\u0131 ke\u015ffeden ve bunu topluma yayan insanlardan olu\u015fuyor. Ara\u015ft\u0131rmalara g\u00f6re, AB\u2019ye en d\u00fc\u015f\u00fck taraftarl\u0131\u011f\u0131n Ak Parti ve MHP taban\u0131nda oldu\u011funu savunuyor.<\/p>\n<p style=\"text-align: justify;\"><span style=\"color: #888888;\">CNN T\u00dcRK<\/span><\/p>\n","protected":false},"excerpt":{"rendered":"<p style=\"text-align: center;\">\n<p style=\"text-align: justify;\">CHP y\u00f6netimine giren Prof. Dr. Sencer Ayata, partinin yeni hedefini tarif etti: E\u011fitimli i\u015fg\u00fcc\u00fcn\u00fc olu\u015fturan ve genelde CHP&#8217;ye oy veren yeni orta s\u0131n\u0131f ile varo\u015f oyunu ayn\u0131 sand\u0131kta bulu\u015fturmak. <\/p>\n","protected":false},"author":1,"featured_media":0,"comment_status":"open","ping_status":"closed","sticky":false,"template":"","format":"standard","meta":{"footnotes":""},"categories":[105],"tags":[],"class_list":["post-23031","post","type-post","status-publish","format-standard","hentry","category-gundem","odd"],"_links":{"self":[{"href":"http:\/\/www.korhanyilmaz.com\/index.php?rest_route=\/wp\/v2\/posts\/23031","targetHints":{"allow":["GET"]}}],"collection":[{"href":"http:\/\/www.korhanyilmaz.com\/index.php?rest_route=\/wp\/v2\/posts"}],"about":[{"href":"http:\/\/www.korhanyilmaz.com\/index.php?rest_route=\/wp\/v2\/types\/post"}],"author":[{"embeddable":true,"href":"http:\/\/www.korhanyilmaz.com\/index.php?rest_route=\/wp\/v2\/users\/1"}],"replies":[{"embeddable":true,"href":"http:\/\/www.korhanyilmaz.com\/index.php?rest_route=%2Fwp%2Fv2%2Fcomments&post=23031"}],"version-history":[{"count":0,"href":"http:\/\/www.korhanyilmaz.com\/index.php?rest_route=\/wp\/v2\/posts\/23031\/revisions"}],"wp:attachment":[{"href":"http:\/\/www.korhanyilmaz.com\/index.php?rest_route=%2Fwp%2Fv2%2Fmedia&parent=23031"}],"wp:term":[{"taxonomy":"category","embeddable":true,"href":"http:\/\/www.korhanyilmaz.com\/index.php?rest_route=%2Fwp%2Fv2%2Fcategories&post=23031"},{"taxonomy":"post_tag","embeddable":true,"href":"http:\/\/www.korhanyilmaz.com\/index.php?rest_route=%2Fwp%2Fv2%2Ftags&post=23031"}],"curies":[{"name":"wp","href":"https:\/\/api.w.org\/{rel}","templated":true}]}}