{"id":23025,"date":"2010-05-24T22:05:05","date_gmt":"2010-05-24T19:05:05","guid":{"rendered":"http:\/\/www.korhanyilmaz.com\/?p=23025"},"modified":"2010-05-24T22:05:05","modified_gmt":"2010-05-24T19:05:05","slug":"baykal-iktidar-komplosunda-israrli","status":"publish","type":"post","link":"http:\/\/www.korhanyilmaz.com\/?p=23025","title":{"rendered":"Baykal iktidar komplosunda \u0131srarl\u0131"},"content":{"rendered":"<p><a href=\"http:\/\/www.korhanyilmaz.com\/wp-content\/uploads\/2010\/05\/BAYKAL22.jpg\"  class=\"lightview\"><img loading=\"lazy\" decoding=\"async\" class=\"aligncenter size-full wp-image-23027\" src=\"http:\/\/www.korhanyilmaz.com\/wp-content\/uploads\/2010\/05\/BAYKAL22.jpg\" alt=\"\" width=\"292\" height=\"215\" \/><\/a><\/p>\n<p style=\"text-align: justify;\">Eski CHP Genel Ba\u015fkan\u0131 Deniz Baykal, &#8220;\u0130ktidardan kaynaklanan bir komplo oldu\u011fu konusunda benim i\u015fin ba\u015f\u0131nda yapt\u0131\u011f\u0131m a\u00e7\u0131klaman\u0131n \u015fu anda da arkas\u0131nda durmaya devam ediyorum&#8221; dedi. <!--more--><\/p>\n<p style=\"text-align: justify;\">Baykal, Star televizyonunda, U\u011fur D\u00fcndar ile Murat \u00c7elik&#8217;in sorular\u0131n\u0131 yan\u0131tlad\u0131.<\/p>\n<p style=\"text-align: justify;\">Kendisine ait oldu\u011fu iddia edilen g\u00f6r\u00fcnt\u00fcler ve bu konudaki &#8220;komplo&#8221; a\u00e7\u0131klamas\u0131n\u0131n an\u0131msat\u0131lmas\u0131 \u00fczerine Baykal, \u015funlar\u0131 kaydetti: &#8220;O konuda s\u00f6ylemi\u015f olduklar\u0131ma ekleyece\u011fim, bu a\u015famada bir \u015fey yoktur. Ben o konuda kanaatimi \u00e7ok a\u00e7\u0131k bir \u015fekilde ifade etmi\u015ftim. Ayn\u0131 kanaatin arkas\u0131nda kararl\u0131l\u0131kla duruyorum. Bunun d\u0131\u015f\u0131nda bir olas\u0131l\u0131\u011f\u0131 akla getirecek hi\u00e7bir somut veri yoktur. \u0130ktidardan kaynaklanan bir komplo oldu\u011fu konusunda benim i\u015fin ba\u015f\u0131nda yapt\u0131\u011f\u0131m a\u00e7\u0131klaman\u0131n \u015fu anda da arkas\u0131nda durmaya devam ediyorum.<\/p>\n<p style=\"text-align: justify;\">Bunun ayd\u0131nl\u0131\u011fa kavu\u015fturulmas\u0131 konusu mutlaka sa\u011flanacakt\u0131r. Yani bu iktidar d\u00f6neminde sa\u011flamak onlar\u0131n g\u00f6revidir ama ben diyorum ki bu, iktidar\u0131n komplosudur, iktidar\u0131n komplosu ise bunu ortaya \u00e7\u0131karamazlar. Bunu ortaya \u00e7\u0131karmalar\u0131 e\u011fer inand\u0131r\u0131c\u0131 ve do\u011fru \u015fekilde ger\u00e7ekle\u015ftirilebilirse, onlar\u0131n d\u0131\u015f\u0131nda birisinin bunu yapt\u0131\u011f\u0131 kan\u0131tlanabilirse bu tabii \u00e7ok memnuniyet verici olur.<\/p>\n<p style=\"text-align: justify;\">Bunu kan\u0131tlamak iktidar\u0131n g\u00f6revidir, iktidar\u0131n sorumlulu\u011fundad\u0131r. Biz bu konudaki olanaklar\u0131, ger\u00e7e\u011fin ortaya \u00e7\u0131kmas\u0131n\u0131 sa\u011flamaya y\u00f6nelik giri\u015fimleri yapt\u0131k, yapmaya da devam ederiz ama bu iktidar d\u00f6neminde bu sa\u011flanamazsa hi\u00e7 ku\u015fku duymuyorum, bu iktidar i\u015f ba\u015f\u0131ndan uzakla\u015ft\u0131ktan sonra \u00e7ok rahat bir \u015fekilde ayd\u0131nl\u0131\u011fa kavu\u015fturulacakt\u0131r.&#8221;<\/p>\n<p style=\"text-align: justify;\"><strong>&#8220;Hesapla\u015fmay\u0131 \u00e7ok isterdim&#8221; <\/strong><\/p>\n<p style=\"text-align: justify;\">Ba\u015fbakan Recep Tayyip Erdo\u011fan&#8217;\u0131n, &#8220;i\u00e7inizdeki Br\u00fct\u00fcslere bak\u0131n&#8221; y\u00f6n\u00fcnde a\u00e7\u0131klama yapt\u0131\u011f\u0131n\u0131n an\u0131msat\u0131lmas\u0131 \u00fczerine Baykal, &#8220;Ba\u015fbakan&#8217;\u0131n g\u00f6revi dedikodu yapmak da de\u011fil, ima yapmak da de\u011fil. Ba\u015fbakan, sorumlulu\u011funun gere\u011fini yapm\u0131yor, dedikodu yap\u0131yor. D\u00fcnyan\u0131n hi\u00e7bir \u00fclkesinde hi\u00e7bir ba\u015fbakan\u0131n yapmayaca\u011f\u0131 dedikoduyu yap\u0131yor, Ba\u015fbakan&#8230; Ba\u015fbakan&#8217;\u0131n bu yakla\u015f\u0131m\u0131yla ben hesapla\u015fabilmeyi \u00e7ok isterdim&#8221; dedi.<\/p>\n<p style=\"text-align: justify;\">B\u00f6yle bir haz\u0131rl\u0131k i\u00e7inde de oldu\u011funu ancak K\u0131l\u0131\u00e7daro\u011flu&#8217;nun adayl\u0131\u011f\u0131n\u0131 ge\u00e7en pazartesi g\u00fcn\u00fc a\u00e7\u0131klamas\u0131 nedeniyle siyasi ortam\u0131n de\u011fi\u015fti\u011fini ve bu plan\u0131n\u0131n ger\u00e7ekle\u015fmedi\u011fini \u00f6ne s\u00fcren Baykal, &#8220;Bunu in\u015fallah \u00f6n\u00fcm\u00fczdeki d\u00f6nemlerde yapma f\u0131rsat\u0131n\u0131 bulurum&#8221; diye konu\u015ftu.<\/p>\n<p style=\"text-align: justify;\">Murat \u00c7elik&#8217;in, &#8220;Ba\u015fbakan&#8217;\u0131n, &#8216;yalanlamad\u0131\u011f\u0131 s\u00fcrece biz ba\u015fka de\u011ferlendiririz&#8217; gibi genel bir kabul\u00fc var, baz\u0131 toplum kesimleri de bunu payla\u015f\u0131yor&#8221; s\u00f6zleri \u00fczerine Baykal, \u015f\u00f6yle konu\u015ftu:<\/p>\n<p style=\"text-align: justify;\">&#8220;Ben bu olay\u0131n kar\u015f\u0131s\u0131nda teslim oldu\u011fum i\u00e7in, ezildi\u011fim i\u00e7in, bu olaydan dolay\u0131 bir ka\u00e7ma, kurtulma duygusuna kendimi kapt\u0131rd\u0131\u011f\u0131m i\u00e7in istifa etmi\u015f de\u011filim. Herkesin bunu \u00e7ok iyi anlamas\u0131 laz\u0131m. \u0130lk g\u00fcn de bunu a\u00e7\u0131k\u00e7a s\u00f6yledim. Benim istifam tam tersine bir meydan okumad\u0131r, bir direni\u015ftir, bir hesapla\u015fma \u00e7a\u011fr\u0131s\u0131d\u0131r. Bunu, istifayla yapmam\u0131n anlam\u0131, bir defa b\u00fct\u00fcn T\u00fcrkiye&#8217;yi sarsmak istedim. Ana muhalefet partisi liderine y\u00f6nelik olarak b\u00f6yle bir komplo var ve bu komplonun ba\u015f\u0131nda bu iktidar var. Ve &#8216;ben g\u00f6revimi b\u0131rak\u0131yorum ve \u015fimdi bunun hesapla\u015fmas\u0131n\u0131 yapmak istiyorum&#8217; diyorum.&#8221;<\/p>\n<p style=\"text-align: justify;\">&#8220;Ortada, hukuk ve ahlak kurallar\u0131n\u0131 \u00e7i\u011fneyen, utan\u00e7 verici bir komplo oldu\u011funu ve komplonun zamanlamas\u0131n\u0131n, anayasa de\u011fi\u015fikli\u011finin Mecliste kabul\u00fcnden hemen sonra ve CHP kurultay\u0131ndan hemen \u00f6nceye denk geldi\u011fini&#8221; savunan Baykal, &#8220;B\u00f6yle bir komplonun iktidar\u0131n bilgisi, onay\u0131 d\u0131\u015f\u0131nda ba\u015fka baz\u0131 hesaplarla, birilerinin \u00f6nc\u00fcl\u00fc\u011f\u00fcnde yap\u0131lm\u0131\u015f oldu\u011funu inand\u0131r\u0131c\u0131 bulmak m\u00fcmk\u00fcn de\u011fil. Bu bir komplodur, komploysa iktidar bu i\u015fin i\u00e7indedir. \u00c7\u00fcnk\u00fc komplonun hedefi ana muhalefet partisidir, ana muhalefet partisinin politikas\u0131d\u0131r&#8221; dedi.<\/p>\n<p style=\"text-align: justify;\"><strong>&#8220;Ne bil\u0131yorsan s\u00f6yle&#8221; <\/strong><\/p>\n<p style=\"text-align: justify;\">Baykal, &#8220;Genel ba\u015fkanl\u0131ktan ayr\u0131larak, sald\u0131r\u0131y\u0131 tersine \u00e7evirmek, kamuoyunun vicdan\u0131n\u0131 harekete ge\u00e7irmek&#8221; istedi\u011fini, bunu da ba\u015fard\u0131klar\u0131n\u0131 savundu.<\/p>\n<p style=\"text-align: justify;\">Herkesin bu konuyu birdenbire irdeleme ba\u015flad\u0131\u011f\u0131n\u0131 ve toplumun deste\u011fini de beraberinde getirdi\u011fi s\u00f6yleyen Ba\u015flang\u0131\u00e7ta Ba\u015fbakan Erdo\u011fan&#8217;\u0131n &#8220;Bu konulara girmeyin, bunlar ay\u0131p konular, bel alt\u0131ndan vurmay\u0131n, sak\u0131n bu konular\u0131 milletvekilleri g\u00fcndeme getirmesin. Biz \u00fcz\u00fcnt\u00fc duyduk, yapabilece\u011fimiz ne var&#8221; y\u00f6n\u00fcnde a\u00e7\u0131klamalar yapt\u0131\u011f\u0131n\u0131 belirten Baykal, \u015f\u00f6yle devam etti:<\/p>\n<p style=\"text-align: justify;\">&#8220;Nitekim, iki g\u00fcn sonra Ba\u015fbakan&#8217;\u0131n \u00e7\u0131k\u0131p, o timsah g\u00f6zya\u015flar\u0131n\u0131 d\u00f6kmekten vazge\u00e7ip bir ilkel dedikodu sald\u0131r\u0131s\u0131n\u0131 bize y\u00f6nelik olarak ortaya koydu\u011funa tan\u0131k olduk. &#8216;Bu ne bi\u00e7im ma\u011fduriyet&#8217; diye dedikodu yapmaya ba\u015flad\u0131 Ba\u015fbakan. Hani sen, &#8216;Bu konular g\u00fcndeme getirilmesin, ay\u0131pt\u0131r, yak\u0131\u015fmaz bize&#8217; diyordun, ne oldu? &#8216;Yahu, adam yararlan\u0131yor bundan. Siyasi deste\u011fi art\u0131yor&#8217; diye d\u00fc\u015f\u00fcnd\u00fcler. Niye siyasi destek art\u0131yor? \u00c7\u00fcnk\u00fc olay\u0131n komplo niteli\u011fini halk, toplum te\u015fhis etmeye ba\u015flad\u0131.<\/p>\n<p style=\"text-align: justify;\">\u0130stifa, bu s\u00fcreci buraya getirmek, hesapla\u015fmak, Ba\u015fbakan&#8217;\u0131n bu konudaki ger\u00e7ek konumunu ortaya koymas\u0131n\u0131 sa\u011flamakt\u0131. Yapt\u0131\u011f\u0131 a\u00e7\u0131klamalar Ba\u015fbakan&#8217;\u0131n zaten bu i\u015fin i\u00e7inde oldu\u011funu g\u00f6steren olaylard\u0131. Ba\u015fbakan diyordu ki &#8216;\u015eurada m\u0131 oldu, burada m\u0131 oldu, beni ayr\u0131nt\u0131lar\u0131 s\u00f6ylemeye mecbur etmeyin.&#8217; Ne demek &#8216;Beni ayr\u0131nt\u0131lar\u0131 s\u00f6ylemeye mecbur etmeyin.&#8217; Ne biliyorsan s\u00f6yle.<\/p>\n<p style=\"text-align: justify;\">Ayr\u0131nt\u0131lar\u0131 biliyorsan demek ki sen bir \u015feyler biliyorsun, kimsenin bilmedi\u011fi bir \u015feyler biliyorsun. Ne biliyorsun Allah a\u015fk\u0131na? Demek ki sen bu i\u015fin i\u00e7indesin. O bir itiraft\u0131 asl\u0131nda. Yani biz &#8216;bu komployu kim yapt\u0131ysa aya\u011fa kalk&#8217; diyorduk, Ba\u015fbakan aya\u011fa kalkt\u0131 bu olayda. Bizimki b\u00f6yle bir \u00e7a\u011fr\u0131yd\u0131. Bu \u00e7a\u011fr\u0131 toplumun sa\u011fduyusuna hitap etti ve amac\u0131na ula\u015ft\u0131. Bunu bilerek yapt\u0131k, bu ama\u00e7la yapt\u0131k ve bu \u015fekilde de \u00e7\u0131kt\u0131. Ben &#8216;istifa etmiyorum&#8217; desem kimse de bana &#8216;istifa et&#8217; demiyordu. Bunu b\u00f6yle &#8216;ay\u0131pt\u0131r bunlar&#8217; diyerek ge\u00e7i\u015ftirmek m\u00fcmk\u00fcnd\u00fc ya da &#8216;yoktur b\u00f6yle \u015fey&#8217; diye ge\u00e7i\u015ftirmek. Bunlar\u0131n hi\u00e7birine ben girmedim, bu olay\u0131n \u00fczerine y\u00fcr\u00fcd\u00fcm.&#8221;<\/p>\n<p style=\"text-align: justify;\"><strong>&#8220;Kimsenin haddi de\u011fil&#8221; <\/strong><\/p>\n<p style=\"text-align: justify;\">Baykal, &#8220;ortaya \u00e7\u0131k yapmad\u0131m de&#8221; y\u00f6n\u00fcnde talepler oldu\u011funu da belirterek, \u015funlar\u0131 s\u00f6yledi: &#8220;Birilerinin talebi do\u011frultusunda kimsenin sorgulamaya hakk\u0131 olmayan, kimsenin burnunu sokmaya hakk\u0131 olmayan bir ya\u015fam alan\u0131na y\u00f6nelik olarak, birilerini tatmin etmek i\u00e7in a\u00e7\u0131klama yapmak, asl\u0131nda onlar\u0131n o konular\u0131 sorgulama hakk\u0131n\u0131 kabul etmek anlam\u0131na gelir. Temel yanl\u0131\u015f da budur. Kimsenin kimseye sormaya hakk\u0131 olmayan bir \u015feyi sorma hakk\u0131 yoktur. Kimsenin beni sorgulamas\u0131na izin veremem, kimsenin hakk\u0131 de\u011fildir, haddi de\u011fildir.&#8221;<\/p>\n<p style=\"text-align: justify;\">\u0130nsanlar\u0131n, &#8220;kimsenin hakk\u0131 olmayan bir konuda sorgulanmas\u0131n\u0131n bir zul\u00fcm oldu\u011funu&#8221; ifade eden Baykal, &#8220;Tarihten \u00f6rnek vereyim, Hazreti Peygamberin e\u015fi Ay\u015fe ile ilgili olarak bir dedikodu ortaya \u00e7\u0131kt\u0131. Dedikodunun \u00f6n\u00fcn\u00fc nas\u0131l alacaks\u0131n\u0131z, ne olacak? Ayet indi&#8221; diye konu\u015ftu.<\/p>\n<p style=\"text-align: justify;\"><strong>&#8220;Pensilvalya vurgusu&#8221; <\/strong><\/p>\n<p style=\"text-align: justify;\">&#8220;Veda konu\u015fman\u0131zdaki Pensilvanya vurgusu neden?&#8221; sorusuna Baykal, &#8220;Benim samimi kanaatim \u00e7\u00fcnk\u00fc bu i\u015fin arkas\u0131nda bir ciddi devlet olanaklar\u0131n\u0131 da kullanan bir g\u00f6z\u00fc kara, c\u00fcretli komplonun oldu\u011fundan ku\u015fku duymuyorum&#8221; yan\u0131t\u0131n\u0131 verdi.<\/p>\n<p style=\"text-align: justify;\">&#8220;Do\u011frudan Fethullah G\u00fclen ile mi konu\u015ftunuz?&#8221; sorusuna, &#8220;Hay\u0131r, onun ad\u0131na, onun s\u00f6zlerini bana onun yan\u0131ndan aktaran birisiyle konu\u015ftum&#8221; kar\u015f\u0131l\u0131\u011f\u0131n\u0131 veren Baykal, &#8220;Bu konu\u015fma bana samimiyetle b\u00f6yle bir tertibin i\u00e7inde onlar\u0131n kesinlikle olmad\u0131\u011f\u0131 samimi, vicdani kanaatini verdi. Bunu kimse bir siyasi de\u011ferlendirme olarak almas\u0131n, bu benim ger\u00e7ekten samimi, insani, vicdani de\u011ferlendirmemdir. Buna kani oldum&#8221; diye konu\u015ftu.<\/p>\n<p style=\"text-align: justify;\"><strong>&#8220;K\u0131l\u0131\u00e7daro\u011flu&#8217;nun konu\u015fmas\u0131&#8221;<\/strong><\/p>\n<p style=\"text-align: justify;\">CHP Genel Ba\u015fkanl\u0131\u011f\u0131na se\u00e7ilen Kemal K\u0131l\u0131\u00e7daro\u011flu&#8217;nun kurultayda \u00e7ok ba\u015far\u0131l\u0131 bir konu\u015fma yapt\u0131\u011f\u0131n\u0131 s\u00f6yleyen Baykal, K\u0131l\u0131\u00e7daro\u011flu&#8217;nun, CHP&#8217;nin d\u00fc\u015f\u00fcncelerini, tezlerini belli bir \u00e7er\u00e7eve i\u00e7inde, etkili bir dille, kitlelerin anlayaca\u011f\u0131 netlikte ve a\u00e7\u0131kl\u0131kta, inand\u0131r\u0131c\u0131; samimiyet ve heyecan da katarak iletmeyi ba\u015fard\u0131\u011f\u0131n\u0131 ifade etti.<\/p>\n<p style=\"text-align: justify;\">Bu konu\u015fman\u0131n CHP&#8217;nin i\u015fsizlik, yoksulluk ve yolsuzluklar konusundaki temel \u015fikayetlerini anlatarak bu y\u00f6n\u00fcyle kimli\u011fini vurgulamay\u0131 ama\u00e7lad\u0131\u011f\u0131n\u0131n a\u00e7\u0131k oldu\u011funu kaydeden Baykal, toplumun de\u011fi\u015fik kesimlerine ula\u015fmaya imkan verecek bir anlay\u0131\u015f ortaya koydu\u011funu belirtti.<\/p>\n<p style=\"text-align: justify;\">Baykal, &#8220;Baz\u0131lar\u0131, bu konu\u015fman\u0131n \u00e7er\u00e7evesinde ele al\u0131nmayan konular\u0131n, CHP&#8217;nin ve yeni y\u00f6netimin ilgi alan\u0131n\u0131n d\u0131\u015f\u0131nda olabilece\u011fini, rejim sorunlar\u0131, laiklik vesaire, bunlar\u0131n bilin\u00e7li olarak ihmal edildi\u011fi gibi bir anlay\u0131\u015f\u0131 yans\u0131t\u0131yorlar. Ben bunun ge\u00e7erli oldu\u011fu kan\u0131s\u0131nda de\u011filim&#8221; dedi.<\/p>\n<p style=\"text-align: justify;\"><strong>&#8220;Recep Bey s\u00f6ylemi&#8221; <\/strong><\/p>\n<p style=\"text-align: justify;\">&#8220;Recep Bey s\u00f6ylemini nas\u0131l buldunuz?&#8221; sorusu \u00fczerine Baykal, &#8220;Bunu, K\u0131l\u0131\u00e7daro\u011flu&#8217;nun bir samimiyetle, kendi ifade tarz\u0131 olarak dile getirdi\u011fini d\u00fc\u015f\u00fcn\u00fcyorum. G\u00fcnl\u00fck ya\u015fam\u0131nda da bu ifadeyi Ba\u015fbakan ile ilgili olarak bizlerle temas\u0131nda da kullan\u0131r. Bizlere de yine ismimizin sonuna &#8216;bey&#8217; s\u0131fat\u0131n\u0131 ekleyerek de\u011ferlendirir. Onun b\u00f6yle bir \u00fcslubu var. S\u00f6ylerken bakt\u0131m m\u00fcstehzi bir ifadesi yoktu. Alayc\u0131, k\u00fc\u00e7\u00fck d\u00fc\u015f\u00fcrme, a\u015fa\u011f\u0131lama, burun b\u00fckme, dolayl\u0131 bir d\u0131\u015flama anlay\u0131\u015f\u0131 i\u00e7inde s\u00f6yledi\u011fini sanm\u0131yorum. B\u00f6yle bir anlay\u0131\u015f\u0131 yoktur&#8221; diye konu\u015ftu.<\/p>\n<p style=\"text-align: justify;\">&#8220;Koltu\u011funuzda Kemal K\u0131l\u0131\u00e7daro\u011flu&#8217;nu g\u00f6rmek i\u00e7inize sindi mi&#8221; sorusuna Baykal, &#8220;Bu koltuklar hi\u00e7birimizin tapulu m\u00fclk\u00fc de\u011fil. \u0130nsan\u0131n ya\u015farken, hayat\u0131nda g\u00f6rev yapt\u0131\u011f\u0131 yerlere ba\u015fkalar\u0131n\u0131n geldi\u011fini g\u00f6rmesi \u00e7ok do\u011fal bir duygu. Bunu herkesin i\u00e7ine sindirmesi laz\u0131m, anlay\u0131\u015fla kar\u015f\u0131lamas\u0131 laz\u0131m. Kemal bey de orada bulunmay\u0131 hak eden, yetenekleri, nitelikleriyle bu konuda zafiyet sergilemeyen bir insan&#8221; yan\u0131t\u0131n\u0131 verdi.<\/p>\n<p style=\"text-align: justify;\"><strong>Referandum s\u00fcreci <\/strong><\/p>\n<p style=\"text-align: justify;\">Soru \u00fczerine, &#8220;referandum s\u00fcrecinde gerekirse meydanlara \u00e7\u0131kaca\u011f\u0131n\u0131&#8221; s\u00f6yleyen Baykal, Antalya&#8217;ya yerle\u015fmesinin s\u00f6z konusu olmad\u0131\u011f\u0131n\u0131 ancak hem\u015fehrileriyle daha s\u0131k bir araya gelece\u011fini belirtti.<\/p>\n<p style=\"text-align: justify;\">Meclise ne zaman gidece\u011fi sorusu \u00fczerine Baykal, grup toplant\u0131lar\u0131na, genel kurul \u00e7al\u0131\u015fmalar\u0131na kat\u0131laca\u011f\u0131n\u0131 ifade etti.<\/p>\n<p style=\"text-align: justify;\">&#8220;Bir milletvekili olarak nas\u0131l bir duyguyla Meclise gideceksiniz?&#8221; sorusunu Baykal, &#8220;Ben \u00e7ok ya\u015fad\u0131m o duyguyu&#8221; diye yan\u0131tlad\u0131.<\/p>\n<p style=\"text-align: justify;\">Soru \u00fczerine Baykal, &#8220;Say\u0131n Genel Ba\u015fkan\u0131 dinleyece\u011fim tabii, ben de s\u0131ralardan alk\u0131\u015flayaca\u011f\u0131m. O gelince aya\u011fa kalkaca\u011f\u0131m, selamlayaca\u011f\u0131m, onu ilgiyle dinleyece\u011fim, sayg\u0131yla dinleyece\u011fim. Milletvekili olarak g\u00f6revimiz budur&#8221; dedi.<\/p>\n<p style=\"text-align: justify;\">&#8220;Ben kaderime k\u0131rg\u0131n\u0131m&#8221; s\u00f6zlerini kendisinin s\u00f6ylemedi\u011fini belirten Baykal, &#8220;Bu benim s\u00f6zlerim de\u011fil, Cevdet Bey&#8217;in s\u00f6zleri&#8221; diye konu\u015ftu.<\/p>\n<p style=\"text-align: justify;\">&#8220;K\u0131rg\u0131n m\u0131s\u0131n\u0131z?&#8221; sorusuna Baykal, &#8220;\u0130lgin\u00e7 bir s\u00fcre\u00e7 ya\u015fad\u0131k. Normal siyasi hayatta kar\u015f\u0131la\u015f\u0131lmas\u0131 do\u011fal olmayan, \u00e7ok \u015fa\u015f\u0131rt\u0131c\u0131, \u00e7ok garip, \u00e7ok ac\u0131, \u00fcz\u00fcnt\u00fc verici olaylar ya\u015fand\u0131. Bu insan psikolojisindeki \u00e7alkant\u0131lar\u0131 herkes ya\u015far. Ben bu ya\u015fad\u0131\u011f\u0131m olay\u0131n i\u00e7 d\u00fcnyamda bir zenginle\u015fme getirdi\u011fine, beni insan\u0131n i\u00e7 d\u00fcnyas\u0131 bak\u0131m\u0131ndan daha ileri g\u00f6t\u00fcrd\u00fc\u011f\u00fcne, bir zenginle\u015ftirme kazand\u0131rd\u0131\u011f\u0131na inan\u0131yorum&#8221; yan\u0131t\u0131n\u0131 verdi.<\/p>\n<p style=\"text-align: justify;\"><span style=\"color: #888888;\">CNN T\u00dcRK<\/span><\/p>\n","protected":false},"excerpt":{"rendered":"<\/p>\n<p style=\"text-align: justify;\">Eski CHP Genel Ba\u015fkan\u0131 Deniz Baykal, &#8220;\u0130ktidardan kaynaklanan bir komplo oldu\u011fu konusunda benim i\u015fin ba\u015f\u0131nda yapt\u0131\u011f\u0131m a\u00e7\u0131klaman\u0131n \u015fu anda da arkas\u0131nda durmaya devam ediyorum&#8221; dedi. <\/p>\n","protected":false},"author":1,"featured_media":0,"comment_status":"open","ping_status":"closed","sticky":false,"template":"","format":"standard","meta":{"footnotes":""},"categories":[105],"tags":[],"class_list":["post-23025","post","type-post","status-publish","format-standard","hentry","category-gundem","odd"],"_links":{"self":[{"href":"http:\/\/www.korhanyilmaz.com\/index.php?rest_route=\/wp\/v2\/posts\/23025","targetHints":{"allow":["GET"]}}],"collection":[{"href":"http:\/\/www.korhanyilmaz.com\/index.php?rest_route=\/wp\/v2\/posts"}],"about":[{"href":"http:\/\/www.korhanyilmaz.com\/index.php?rest_route=\/wp\/v2\/types\/post"}],"author":[{"embeddable":true,"href":"http:\/\/www.korhanyilmaz.com\/index.php?rest_route=\/wp\/v2\/users\/1"}],"replies":[{"embeddable":true,"href":"http:\/\/www.korhanyilmaz.com\/index.php?rest_route=%2Fwp%2Fv2%2Fcomments&post=23025"}],"version-history":[{"count":0,"href":"http:\/\/www.korhanyilmaz.com\/index.php?rest_route=\/wp\/v2\/posts\/23025\/revisions"}],"wp:attachment":[{"href":"http:\/\/www.korhanyilmaz.com\/index.php?rest_route=%2Fwp%2Fv2%2Fmedia&parent=23025"}],"wp:term":[{"taxonomy":"category","embeddable":true,"href":"http:\/\/www.korhanyilmaz.com\/index.php?rest_route=%2Fwp%2Fv2%2Fcategories&post=23025"},{"taxonomy":"post_tag","embeddable":true,"href":"http:\/\/www.korhanyilmaz.com\/index.php?rest_route=%2Fwp%2Fv2%2Ftags&post=23025"}],"curies":[{"name":"wp","href":"https:\/\/api.w.org\/{rel}","templated":true}]}}