{"id":23017,"date":"2010-05-24T20:22:19","date_gmt":"2010-05-24T17:22:19","guid":{"rendered":"http:\/\/www.korhanyilmaz.com\/?p=23017"},"modified":"2026-01-27T22:12:15","modified_gmt":"2026-01-27T19:12:15","slug":"rahsan-ecevit-kader-degil-cinayet","status":"publish","type":"post","link":"http:\/\/www.korhanyilmaz.com\/?p=23017","title":{"rendered":"Rah\u015fan Ecevit: &#8216;Kader de\u011fil cinayet&#8217;"},"content":{"rendered":"<p style=\"text-align: center;\">\n<p><a href=\"http:\/\/www.korhanyilmaz.com\/wp-content\/uploads\/2010\/05\/527cd575992df10894277860.jpg\"  class=\"lightview\"><img loading=\"lazy\" decoding=\"async\" class=\"aligncenter size-full wp-image-2093284\" src=\"http:\/\/www.korhanyilmaz.com\/wp-content\/uploads\/2010\/05\/527cd575992df10894277860.jpg\" alt=\"\" width=\"296\" height=\"294\" \/><\/a><\/p>\n<p style=\"text-align: justify;\">Demokratik Sol Halk Partisi (DSHP) Genel Ba\u015fkan\u0131 Rah\u015fan Ecevit, Ba\u015fbakan Recep Tayyip Erdo\u011fan&#8217;\u0131n grizu facias\u0131yla ilgili &#8220;Bu mesle\u011fin kaderinde bu var&#8221; s\u00f6zlerini de\u011ferlendirdi; &#8220;Ya\u015fanan bu olay\u0131n kader de\u011fil, cinayet, ihmal, d\u00fc\u015f\u00fcncesizlik oldu\u011funu d\u00fc\u015f\u00fcn\u00fcyorum&#8221; dedi. <!--more--><\/p>\n<p style=\"text-align: justify;\">Zonguldak&#8217;ta Genel Maden \u0130\u015f\u00e7ileri Sendikas\u0131 Genel Ba\u015fkan\u0131 Ramis Muslu&#8217;yu makam\u0131nda ziyaret ederek, grizu facias\u0131nda ya\u015fam\u0131n\u0131 yitiren 30 madenci i\u00e7in ba\u015fsa\u011fl\u0131\u011f\u0131 dile\u011finde bulundu.<\/p>\n<p style=\"text-align: justify;\">Rah\u015fan Ecevit ise &#8220;Bundan sonra ba\u015fka facialar\u0131n ya\u015fanmamas\u0131n\u0131 istiyorum. Ocaklardaki \u015fartlar de\u011fi\u015fmez, gerekli iyile\u015ftirmeler yap\u0131lmazsa meydana gelecek bu t\u00fcr olaylar\u0131 cinayet olarak nitelendirece\u011fiz&#8221; diye konu\u015ftu.<\/p>\n<p style=\"text-align: justify;\">Gazetecilerin, Ba\u015fbakan Erdo\u011fan&#8217;\u0131n, &#8220;Bu mesle\u011fin kaderinde bu var&#8221; s\u00f6z\u00fcn\u00fcn hat\u0131rlatmas\u0131 \u00fczerine Rah\u015fan Ecevit, &#8220;Bu son olay\u0131n kader de\u011fil, cinayet, ihmal, d\u00fc\u015f\u00fcncesizlik oldu\u011funu d\u00fc\u015f\u00fcn\u00fcyorum. Bir\u00e7ok ihmallerin oldu\u011funu, d\u00fc\u015f\u00fcncesizliklerin oldu\u011funu, orada \u00e7al\u0131\u015fanlar\u0131n insan oldu\u011funu d\u00fc\u015f\u00fcnemeden bir tak\u0131m insani tertiplerin al\u0131nmad\u0131\u011f\u0131n\u0131 d\u00fc\u015f\u00fcnm\u00fc\u015f oluyorum. Bir i\u015f\u00e7inin elbisesinden, ba\u015f\u0131ndaki \u00e7e\u015fit \u00e7e\u015fit olmas\u0131 gereken kasklardan, aya\u011f\u0131ndaki ayakkab\u0131lar\u0131na kadar oradan da galerilerin durumuna kadar hepsi d\u00fczeltilmeden yeni ba\u015ftan ele almalar\u0131n\u0131 g\u00f6nl\u00fcm istiyor. Yani onlar\u0131n da bir ana kuzusu oldu\u011funu d\u00fc\u015f\u00fcnmemiz, hesaplamam\u0131z gerekir. Ama bu b\u00f6yle olmuyor. Niye olmuyor? Bunu bilmiyorum. Bunun d\u00fczeltilmesi laz\u0131m&#8221; dedi.<\/p>\n<p style=\"text-align: justify;\"><strong>Aileleri ziyaret etti <\/strong><\/p>\n<p style=\"text-align: justify;\">Rah\u015fan Ecevit, grizu facias\u0131nda ya\u015fam\u0131n\u0131 yitiren maden m\u00fchendisi 27 ya\u015f\u0131ndaki Ramazan Yavuz&#8217;un annesi Fadime Yavuz&#8217;u, evinde ziyaret ederek ba\u015fsa\u011fl\u0131\u011f\u0131 dile\u011finde bulundu.<\/p>\n<p style=\"text-align: justify;\">Genel Maden \u0130\u015f\u00e7ileri Sendikas\u0131 Genel Ba\u015fkan\u0131 Ramis Muslu ile birlikte, e\u015fi daha \u00f6nce trafik kazas\u0131nda \u00f6len Fadime Yavuz&#8217;un Kozlu Beldesi&#8217;ndeki evine giden Rah\u015fan Ecevit, evin \u00f6n\u00fcnde \u00f6len m\u00fchendis Ramazan Yavuz&#8217;un teyzesi Ay\u015feg\u00fcl Terziba\u015fo\u011flu taraf\u0131ndan kar\u015f\u0131land\u0131.<\/p>\n<p style=\"text-align: justify;\">Rah\u015fan Ecevit&#8217;in i\u00e7eriye girdi\u011fi s\u0131rada evde bulunan Ramazan Yavuz&#8217;un yak\u0131nlar\u0131n\u0131n feryatlar\u0131 duyuldu. Yakla\u015f\u0131k 1 saat evde kalarak Yavuz ailesinin ac\u0131lar\u0131n\u0131 payla\u015fan Rah\u015fan Ecevit, \u00e7\u0131k\u0131\u015fta duygular\u0131n\u0131 soran gazetecilere, &#8220;Sanki eski g\u00fcnleri ya\u015fad\u0131m. Sanki e\u015fim de yan\u0131mdaym\u0131\u015f gibi geldi&#8221; diye konu\u015ftu.<\/p>\n<p style=\"text-align: justify;\"><span style=\"color: #888888;\">CNN T\u00dcRK<\/span><\/p>\n","protected":false},"excerpt":{"rendered":"<p style=\"text-align: center;\">\n<p style=\"text-align: justify;\">Demokratik Sol Halk Partisi (DSHP) Genel Ba\u015fkan\u0131 Rah\u015fan Ecevit, Ba\u015fbakan Recep Tayyip Erdo\u011fan&#8217;\u0131n grizu facias\u0131yla ilgili &#8220;Bu mesle\u011fin kaderinde bu var&#8221; s\u00f6zlerini de\u011ferlendirdi; &#8220;Ya\u015fanan bu olay\u0131n kader de\u011fil, cinayet, ihmal, d\u00fc\u015f\u00fcncesizlik oldu\u011funu d\u00fc\u015f\u00fcn\u00fcyorum&#8221; dedi. <\/p>\n","protected":false},"author":1,"featured_media":0,"comment_status":"open","ping_status":"closed","sticky":false,"template":"","format":"standard","meta":{"footnotes":""},"categories":[105],"tags":[],"class_list":["post-23017","post","type-post","status-publish","format-standard","hentry","category-gundem","odd"],"_links":{"self":[{"href":"http:\/\/www.korhanyilmaz.com\/index.php?rest_route=\/wp\/v2\/posts\/23017","targetHints":{"allow":["GET"]}}],"collection":[{"href":"http:\/\/www.korhanyilmaz.com\/index.php?rest_route=\/wp\/v2\/posts"}],"about":[{"href":"http:\/\/www.korhanyilmaz.com\/index.php?rest_route=\/wp\/v2\/types\/post"}],"author":[{"embeddable":true,"href":"http:\/\/www.korhanyilmaz.com\/index.php?rest_route=\/wp\/v2\/users\/1"}],"replies":[{"embeddable":true,"href":"http:\/\/www.korhanyilmaz.com\/index.php?rest_route=%2Fwp%2Fv2%2Fcomments&post=23017"}],"version-history":[{"count":0,"href":"http:\/\/www.korhanyilmaz.com\/index.php?rest_route=\/wp\/v2\/posts\/23017\/revisions"}],"wp:attachment":[{"href":"http:\/\/www.korhanyilmaz.com\/index.php?rest_route=%2Fwp%2Fv2%2Fmedia&parent=23017"}],"wp:term":[{"taxonomy":"category","embeddable":true,"href":"http:\/\/www.korhanyilmaz.com\/index.php?rest_route=%2Fwp%2Fv2%2Fcategories&post=23017"},{"taxonomy":"post_tag","embeddable":true,"href":"http:\/\/www.korhanyilmaz.com\/index.php?rest_route=%2Fwp%2Fv2%2Ftags&post=23017"}],"curies":[{"name":"wp","href":"https:\/\/api.w.org\/{rel}","templated":true}]}}