{"id":23014,"date":"2010-05-24T20:09:19","date_gmt":"2010-05-24T17:09:19","guid":{"rendered":"http:\/\/www.korhanyilmaz.com\/?p=23014"},"modified":"2026-01-01T11:58:12","modified_gmt":"2026-01-01T08:58:12","slug":"ak-partiden-chp-kurultayi-sitemi","status":"publish","type":"post","link":"http:\/\/www.korhanyilmaz.com\/?p=23014","title":{"rendered":"AK Parti&#8217;den CHP kurultay\u0131 sitemi"},"content":{"rendered":"<p style=\"text-align: center;\">\n<p><a href=\"http:\/\/www.korhanyilmaz.com\/wp-content\/uploads\/2010\/05\/527cd039992df10dbc1abca9.jpg\"  class=\"lightview\"><img loading=\"lazy\" decoding=\"async\" class=\"aligncenter size-full wp-image-1814529\" src=\"http:\/\/www.korhanyilmaz.com\/wp-content\/uploads\/2010\/05\/527cd039992df10dbc1abca9.jpg\" alt=\"\" width=\"500\" height=\"304\" \/><\/a><\/p>\n<p style=\"text-align: justify;\">H\u00fck\u00fcmet S\u00f6zc\u00fcs\u00fc, Devlet Bakan\u0131 ve Ba\u015fbakan Yard\u0131mc\u0131s\u0131 Cemil \u00c7i\u00e7ek, AK Parti&#8217;nin, CHP&#8217;nin 33&#8217;\u00fcnc\u00fc Ola\u011fan Kurultay&#8217;\u0131na davet edilmedi\u011fini, bunu da yad\u0131rgad\u0131\u011f\u0131n\u0131 belirterek, &#8220;Ama hay\u0131rl\u0131 u\u011furlu olsun. \u0130n\u015fallah hem CHP&#8217;ye hem \u00fclkemize hay\u0131rlar getirir, bunu temenni ederiz&#8221; dedi. <!--more--><\/p>\n<p style=\"text-align: justify;\">\u00c7i\u00e7ek, Bakanlar Kurulu toplant\u0131s\u0131na ili\u015fkin a\u00e7\u0131klamalar\u0131n\u0131n ard\u0131ndan gazetecilerin sorular\u0131n\u0131 yan\u0131tlad\u0131.<\/p>\n<p style=\"text-align: justify;\">&#8220;Zonguldak&#8217;taki maden kazas\u0131yla ilgili ek \u00f6nlem ve tedbirlerden s\u00f6z edilmi\u015fti. Madenlerin g\u00fcvenli\u011finin art\u0131r\u0131lmas\u0131 i\u00e7in \u00e7al\u0131\u015fma var m\u0131?&#8217; sorusu \u00fczerine \u00c7i\u00e7ek, bu konu \u00fczerinde ilgili bakanl\u0131\u011f\u0131n \u00e7al\u0131\u015ft\u0131\u011f\u0131n\u0131 s\u00f6yledi.<\/p>\n<p style=\"text-align: justify;\">Maalesef arzu edilmeyen sonu\u00e7lar\u0131n oldu\u011funu belirten \u00c7i\u00e7ek, &#8220;Ama d\u00fcnyan\u0131n ba\u015fka b\u00f6lgelerinde de bu sekt\u00f6r belli risklere a\u00e7\u0131kt\u0131r. Ne tedbir al\u0131rsan\u0131z al\u0131n, bunlar olabildi\u011fince bu say\u0131y\u0131 asgariye d\u00fc\u015f\u00fcr\u00fcyor. Ama t\u00fcm d\u00fcnyada da benzer s\u0131k\u0131nt\u0131lar ya\u015fan\u0131yor. Bize d\u00fc\u015fen, ne imkan varsa teknik, teknolojik ve maddi olarak bunlar\u0131n gere\u011fini eksiksiz yerine getirmektir. Denetimleri belki biraz daha art\u0131rmak gerekecektir. Bu y\u00f6n\u00fcyle ilgili \u00e7al\u0131\u015fmay\u0131 hem \u00c7al\u0131\u015fma Bakanl\u0131\u011f\u0131 al\u0131yor&#8230; Yar\u0131n Mecliste etrafl\u0131 bir bilgilendirme yap\u0131lm\u0131\u015f olacakt\u0131r&#8221; dedi.<\/p>\n<p style=\"text-align: justify;\"><strong>CHP kurultay\u0131 <\/strong><\/p>\n<p style=\"text-align: justify;\">Bakan \u00c7i\u00e7ek, &#8220;CHP&#8217;deki genel kurultay g\u00fcndeme geldi mi? Burada kullan\u0131lan dili nas\u0131l de\u011ferlendirirsiniz? Say\u0131n Ba\u015fbakan&#8217;\u0131n ziyaret etmesi g\u00fcndemde mi?&#8221; sorular\u0131na ise \u015fu yan\u0131t\u0131 verdi: &#8220;Evvela bu kongrenin CHP&#8217;ye ve \u00fclkemize hay\u0131rl\u0131 olmas\u0131n\u0131 temenni ediyoruz. Partiler aras\u0131 ili\u015fkilerimiz zaman zaman gerginle\u015fir, zaman zaman sertle\u015fir ama iki tane \u00f6nemli gelene\u011fi uzunca bir zamandan beri partiler olarak yerine getiriyorduk. Bu konuda bir eksiklik olmuyordu. Bunlardan bir tanesi, bayramlarda b\u00fct\u00fcn partiler birbirlerini ziyaret ediyorlar. Hi\u00e7 olmazsa bu vesileyle daha olumlu, daha pozitif bir g\u00f6r\u00fcnt\u00fc kamuoyuna verilmi\u015f oluyordu. Bu \u00f6nemli. \u0130kincisi; parti kongrelerine de kongreye hangi parti yap\u0131yorsa di\u011fer partileri davet ediyorlar. Bildi\u011fim kadar\u0131yla AK Parti, bu kongreye davet edilmemi\u015ftir. Do\u011frusu bunu da yad\u0131rgad\u0131\u011f\u0131m\u0131 da burada ifade etmek istiyorum. Ama hay\u0131rl\u0131 u\u011furlu olsun. \u0130n\u015fallah hem CHP&#8217;ye hem \u00fclkemize hay\u0131rlar getirir, bunu temenni ederiz&#8221; dedi.<\/p>\n<p style=\"text-align: justify;\"><strong>&#8220;Verilemeyecek hesab\u0131m\u0131z yok&#8221; <\/strong><\/p>\n<p style=\"text-align: justify;\">&#8220;CHP Genel Ba\u015fkan\u0131 K\u0131l\u0131\u00e7daro\u011flu, GAP&#8217;ta kullan\u0131lmak \u00fczere i\u015fsizlik fonundan Ba\u015fbakan&#8217;\u0131n emrine tahsis edilen 2.8 milyar liran\u0131n nerede kullan\u0131ld\u0131\u011f\u0131n\u0131 sordu.<\/p>\n<p style=\"text-align: justify;\">Bununla ilgili bir \u015fey s\u00f6yleyecek misiniz?&#8221; sorusuna \u00c7i\u00e7ek, &#8220;Hay\u0131r. Bizim Meclis \u0130\u00e7 T\u00fcz\u00fc\u011f\u00fc&#8217;m\u00fczde, Anayasa&#8217;m\u0131zda h\u00fck\u00fcmetin hangi usullerle, nas\u0131l denetlenece\u011fi bellidir. E\u011fer bunu \u00f6\u011frenmek istiyorsa bu denetim yollar\u0131n\u0131n birisiyle bunu g\u00fcndeme getirir, biz de elimizdeki kay\u0131tlar\u0131, hepsini kamuoyuyla payla\u015f\u0131r\u0131z. Bizim bu konularda verilemeyecek bir hesab\u0131m\u0131z yok. Orada toplanan paralar bu projenin bir an evvel faaliyete ge\u00e7mesi noktas\u0131nda harcanm\u0131\u015ft\u0131r, harcanmaya da devam ediyor. Bu proje, maalesef ba\u015fta ter\u00f6r olmak \u00fczere, ge\u00e7mi\u015fte ya\u015fanan bir k\u0131s\u0131m krizler sebebiyle bug\u00fcne kadar bitirilememi\u015ftir. H\u00fck\u00fcmet olarak ge\u00e7en y\u0131l ald\u0131\u011f\u0131m\u0131z kararla bu projenin 2012 y\u0131l\u0131 i\u00e7inde bitirilebilmesi i\u00e7in \u00f6nemli imkanlar sa\u011flanm\u0131\u015ft\u0131r, \u00f6nemli kaynaklar sa\u011flanm\u0131\u015ft\u0131r. Dolay\u0131s\u0131yla art\u0131k bu konunun tart\u0131\u015f\u0131l\u0131r olmaktan \u00e7\u0131k\u0131p, insan\u0131m\u0131za, b\u00f6lge insan\u0131m\u0131za imkan sa\u011flayacak, f\u0131rsat sa\u011flayacak, T\u00fcrkiye&#8217;nin geli\u015fmesine katk\u0131 sa\u011flayacak bir \u015fekle gelebilmesi noktas\u0131nda bu projenin bir an evvel bitmesini istiyoruz. Kim bu konularla ilgili bir de\u011ferlendirme yapacaksa siyaseten, bunun yolu y\u00f6ntemi i\u00e7 t\u00fcz\u00fck ve Anayasa&#8217;da bellidir. Biz de o \u00e7er\u00e7evede bunlar\u0131 kamuoyuyla payla\u015f\u0131r\u0131z. Ya da ilgili bakan arkada\u015flar\u0131m\u0131za sorarsan\u0131z onlar da size etrafl\u0131ca bilgi verirler&#8221; dedi.<\/p>\n<p style=\"text-align: justify;\">\u00c7i\u00e7ek, &#8220;CHP kurultay\u0131nda K\u0131l\u0131\u00e7daro\u011flu&#8217;nun farkl\u0131 bir \u00fcslubu vard\u0131 Ba\u015fbakan ile ilgili olarak. Bu konuda h\u00fck\u00fcmet s\u00f6zc\u00fcs\u00fc olarak de\u011ferlendirmeniz nedir?&#8221; sorusu \u00fczerine, &#8220;Kongre yap\u0131ld\u0131\u011f\u0131nda burada de\u011fildim, kim, hangi \u00fcslupla nas\u0131l konu\u015fuldu onu bilemiyorum, sadece gazetelerden okudum. Ama en b\u00fcy\u00fck de\u011ferlendirmeyi kamuoyu yapar. B\u0131rakal\u0131m bunu kamuoyu de\u011ferlendirsin&#8221; dedi.<\/p>\n<p style=\"text-align: justify;\"><strong>&#8220;ABD&#8217;nin g\u00fcndeminde CHP yok&#8221; <\/strong><\/p>\n<p style=\"text-align: justify;\">Bir gazetecinin, ABD&#8217;deki temaslar\u0131nda CHP kongresi ve son siyasi geli\u015fmelerle ilgili, &#8220;bir tepki, bir payla\u015f\u0131m&#8221; olup olmad\u0131\u011f\u0131n\u0131 sormas\u0131 \u00fczerine \u00c7i\u00e7ek, &#8220;Hay\u0131r, ABD&#8217;nin g\u00fcndeminde Cumhuriyet Halk Partisi yok&#8221; dedi.<\/p>\n<p style=\"text-align: justify;\">Bu \u00fclkeye, &#8220;CHP&#8217;yi, konu\u015fmaya gitmedi\u011fini&#8221; ifade eden \u00c7i\u00e7ek, &#8220;Bizim ABD ile \u00e7ok y\u00f6nl\u00fc ili\u015fkilerimiz var. Bir\u00e7ok noktada birlikte sorumluluk ta\u015f\u0131d\u0131\u011f\u0131m\u0131z b\u00f6lgeler var. Bunlar\u0131n ba\u015f\u0131nda Afganistan geliyor. Dolay\u0131s\u0131yla bu \u00e7ok y\u00f6nl\u00fc ili\u015fkiler \u00e7er\u00e7evesinde biz kendi g\u00f6rev alan\u0131m\u0131zla ilgili g\u00f6r\u00fc\u015fmelerde bulunduk. i\u00e7 politikay\u0131 d\u0131\u015farda konu\u015fmuyoruz ve konu\u015fmay\u0131z da&#8230; Bu do\u011fru da olmaz. Bir \u00fclkenin i\u00e7inde olup bitenleri, bir ba\u015fka \u00fclkenin yetkilileriyle de\u011ferlendirmek bence ne do\u011frudur, ne nezakete uygundur&#8221; diye konu\u015ftu.<\/p>\n<p style=\"text-align: justify;\">Cemil \u00c7i\u00e7ek, &#8220;Ba\u015fbakan&#8217;\u0131n, K\u0131l\u0131\u00e7daro\u011flu&#8217;na &#8216;hay\u0131rl\u0131 olsun&#8217; tebri\u011fi olmad\u0131\u011f\u0131 bas\u0131na yans\u0131d\u0131&#8221; s\u00f6zleri \u00fczerine \u00c7i\u00e7ek, &#8220;Ben size dedim ki &#8216;AK Parti o kongreye davet edilmemi\u015f ki&#8221; dedi. Ayn\u0131 gazetecinin, &#8220;Bunu ona m\u0131 ba\u011flamak laz\u0131m&#8221; sorusuna ise \u00c7i\u00e7ek, &#8220;Nereye ba\u011flarsan\u0131z ba\u011flay\u0131n. Ben, &#8216;bir yere ba\u011flay\u0131n&#8217; diye s\u00f6ylemiyorum bunu da&#8230; Yani hi\u00e7 olmazsa bayramlarda siyasi partilerimiz g\u00f6r\u00fc\u015f\u00fcyor ve kongrelerine davet ediliyordu. Bildi\u011fim kadar\u0131yla AK Parti bu kongreye davet edilmemi\u015ftir. E\u011fer bir yerde gecikme oldu veya ba\u015fka t\u00fcrl\u00fc bir \u015fey varsa biz de oturur bakar\u0131z. Hay\u0131rl\u0131 olsun dile\u011finde bulundum i\u015fte biraz evvel&#8230;&#8221; dedi.<\/p>\n<p style=\"text-align: justify;\"><strong>Zonguldak&#8217;taki grizu patlamas\u0131 <\/strong><\/p>\n<p style=\"text-align: justify;\">Toplant\u0131da, \u00f6nceki hafta Zonguldak&#8217;ta meydana gelen grizu patlamas\u0131yla ilgili konular\u0131n g\u00f6r\u00fc\u015f\u00fcld\u00fc\u011f\u00fcn\u00fc belirten \u00c7i\u00e7ek, Enerji ve Tabii Kaynaklar Bakan\u0131 Taner Y\u0131ld\u0131z ile \u00c7al\u0131\u015fma ve Sosyal G\u00fcvenlik Bakan\u0131 \u00d6mer Din\u00e7er&#8217;in bilgi verdi\u011fini ve bu konuda de\u011ferlendirme yapt\u0131klar\u0131n\u0131 s\u00f6yledi.<\/p>\n<p style=\"text-align: justify;\">Grizu patlamas\u0131nda hayat\u0131n\u0131 kaybeden maden i\u015f\u00e7ilerine Allah&#8217;tan rahmet, yak\u0131nlar\u0131na ve T\u00fcrk milletine de ba\u015fsa\u011fl\u0131\u011f\u0131 dileklerinin ileten \u00c7i\u00e7ek, konunun \u00fczerinde h\u00fck\u00fcmet olarak hassasiyetle durduklar\u0131n\u0131 ifade etti.<\/p>\n<p style=\"text-align: justify;\">\u00d6mer Din\u00e7er&#8217;in yeniden Zonguldak&#8217;a gidece\u011fini kaydeden \u00c7i\u00e7ek, &#8220;TBMM&#8217;de yar\u0131n konuyla ilgili bir bilgilendirme yap\u0131lacak&#8221; dedi.<\/p>\n<p style=\"text-align: justify;\"><span style=\"color: #888888;\">CNN T\u00dcRK<\/span><\/p>\n","protected":false},"excerpt":{"rendered":"<p style=\"text-align: center;\">\n<p style=\"text-align: justify;\">H\u00fck\u00fcmet S\u00f6zc\u00fcs\u00fc, Devlet Bakan\u0131 ve Ba\u015fbakan Yard\u0131mc\u0131s\u0131 Cemil \u00c7i\u00e7ek, AK Parti&#8217;nin, CHP&#8217;nin 33&#8217;\u00fcnc\u00fc Ola\u011fan Kurultay&#8217;\u0131na davet edilmedi\u011fini, bunu da yad\u0131rgad\u0131\u011f\u0131n\u0131 belirterek, &#8220;Ama hay\u0131rl\u0131 u\u011furlu olsun. \u0130n\u015fallah hem CHP&#8217;ye hem \u00fclkemize hay\u0131rlar getirir, bunu temenni ederiz&#8221; dedi. <\/p>\n","protected":false},"author":1,"featured_media":0,"comment_status":"open","ping_status":"closed","sticky":false,"template":"","format":"standard","meta":{"footnotes":""},"categories":[105],"tags":[],"class_list":["post-23014","post","type-post","status-publish","format-standard","hentry","category-gundem","odd"],"_links":{"self":[{"href":"http:\/\/www.korhanyilmaz.com\/index.php?rest_route=\/wp\/v2\/posts\/23014","targetHints":{"allow":["GET"]}}],"collection":[{"href":"http:\/\/www.korhanyilmaz.com\/index.php?rest_route=\/wp\/v2\/posts"}],"about":[{"href":"http:\/\/www.korhanyilmaz.com\/index.php?rest_route=\/wp\/v2\/types\/post"}],"author":[{"embeddable":true,"href":"http:\/\/www.korhanyilmaz.com\/index.php?rest_route=\/wp\/v2\/users\/1"}],"replies":[{"embeddable":true,"href":"http:\/\/www.korhanyilmaz.com\/index.php?rest_route=%2Fwp%2Fv2%2Fcomments&post=23014"}],"version-history":[{"count":0,"href":"http:\/\/www.korhanyilmaz.com\/index.php?rest_route=\/wp\/v2\/posts\/23014\/revisions"}],"wp:attachment":[{"href":"http:\/\/www.korhanyilmaz.com\/index.php?rest_route=%2Fwp%2Fv2%2Fmedia&parent=23014"}],"wp:term":[{"taxonomy":"category","embeddable":true,"href":"http:\/\/www.korhanyilmaz.com\/index.php?rest_route=%2Fwp%2Fv2%2Fcategories&post=23014"},{"taxonomy":"post_tag","embeddable":true,"href":"http:\/\/www.korhanyilmaz.com\/index.php?rest_route=%2Fwp%2Fv2%2Ftags&post=23014"}],"curies":[{"name":"wp","href":"https:\/\/api.w.org\/{rel}","templated":true}]}}