{"id":23010,"date":"2010-05-24T12:37:14","date_gmt":"2010-05-24T09:37:14","guid":{"rendered":"http:\/\/www.korhanyilmaz.com\/?p=23010"},"modified":"2010-05-24T12:37:14","modified_gmt":"2010-05-24T09:37:14","slug":"gul-en-onemli-sorun-kurt-meselesi","status":"publish","type":"post","link":"http:\/\/www.korhanyilmaz.com\/?p=23010","title":{"rendered":"G\u00fcl: &#8216;En \u00f6nemli sorun K\u00fcrt meselesi&#8217;"},"content":{"rendered":"<p style=\"text-align: center;\"><a href=\"http:\/\/www.korhanyilmaz.com\/wp-content\/uploads\/2010\/05\/gul1.jpg\"  class=\"lightview\"><img loading=\"lazy\" decoding=\"async\" class=\"aligncenter size-full wp-image-23011\" src=\"http:\/\/www.korhanyilmaz.com\/wp-content\/uploads\/2010\/05\/gul1.jpg\" alt=\"\" width=\"346\" height=\"266\" \/><\/a><\/p>\n<p style=\"text-align: justify;\">Cumhurba\u015fkan\u0131 Abdullah G\u00fcl, K\u00fcrt a\u00e7\u0131l\u0131m\u0131n\u0131n ba\u015flamas\u0131ndan hemen \u00f6nce Prag d\u00f6n\u00fc\u015f\u00fc s\u00f6yledi\u011fi &#8220;tarihi f\u0131rsat ka\u00e7mamal\u0131&#8221; s\u00f6zlerinden bir y\u0131l sonra yine u\u00e7akta K\u00fcrt sorunu vurgusu yapt\u0131. Cumhurba\u015fkan\u0131 G\u00fcl Kazakistan yolunda, T\u00fcrkiye&#8217;nin en \u00f6nemli sorununun &#8220;K\u00fcrt meselesi&#8221; oldu\u011funu s\u00f6yledi. <!--more--><\/p>\n<p style=\"text-align: justify;\">G\u00fcl, sorunun &#8220;olgun \u015fekilde \u00e7\u00f6z\u00fclmesi ve ter\u00f6r\u00fcn bitmesi gerekti\u011fini&#8221; kaydetti.<\/p>\n<p style=\"text-align: justify;\">Abdullah G\u00fcl, &#8220;Demokratik standartlara ula\u015f\u0131lmas\u0131 \u00f6nemli. K\u0131br\u0131s, Ermeni meseleleri de \u00f6nemli. Ama evin d\u00fczenli olmas\u0131 \u00e7ok \u00f6nemli&#8221; diye konu\u015ftu.<\/p>\n<p style=\"text-align: justify;\">Ermenistan ile normalle\u015fme konusunda ise mevcut durumun herkesin aleyhine oldu\u011funu kaydeden G\u00fcl, &#8220;Bir s\u00fcre sessiz ve kararl\u0131 diplomasiye ihtiya\u00e7 var&#8221; dedi.<\/p>\n<p style=\"text-align: justify;\">G\u00fcl \u0130ran&#8217;la uranyum takas anla\u015fmas\u0131yla ilgili &#8220;Kom\u015fumuzda bir ate\u015f varsa, yakmasa bile sizi \u0131s\u0131t\u0131yor. T\u00fcrkiye kendini g\u00f6stermek mi istiyor diyenler var. Bu do\u011fru de\u011fil. T\u00fcrkiye milli \u00e7\u0131karlar\u0131n\u0131 g\u00f6zetiyor&#8221; diye konu\u015ftu.<\/p>\n<p style=\"text-align: justify;\">AB konusunda da &#8220;Sorun kendimizle ilgilidir. Bir komplo varsa onu bozmak bizim elimizde&#8221; diyen G\u00fcl&#8217;e g\u00f6re AB reformlar\u0131n\u0131, partiler\u00fcst\u00fc bir anlay\u0131\u015fla elbirli\u011fi ile ger\u00e7ekle\u015ftirmeliyiz&#8221; ifadesini kulland\u0131.<\/p>\n<p style=\"text-align: justify;\"><span style=\"color: #888888;\">CNN T\u00dcRK<\/span><\/p>\n","protected":false},"excerpt":{"rendered":"<p style=\"text-align: center;\">\n<p style=\"text-align: justify;\">Cumhurba\u015fkan\u0131 Abdullah G\u00fcl, K\u00fcrt a\u00e7\u0131l\u0131m\u0131n\u0131n ba\u015flamas\u0131ndan hemen \u00f6nce Prag d\u00f6n\u00fc\u015f\u00fc s\u00f6yledi\u011fi &#8220;tarihi f\u0131rsat ka\u00e7mamal\u0131&#8221; s\u00f6zlerinden bir y\u0131l sonra yine u\u00e7akta K\u00fcrt sorunu vurgusu yapt\u0131. Cumhurba\u015fkan\u0131 G\u00fcl Kazakistan yolunda, T\u00fcrkiye&#8217;nin en \u00f6nemli sorununun &#8220;K\u00fcrt meselesi&#8221; oldu\u011funu s\u00f6yledi. <\/p>\n","protected":false},"author":1,"featured_media":0,"comment_status":"open","ping_status":"closed","sticky":false,"template":"","format":"standard","meta":{"footnotes":""},"categories":[105],"tags":[],"class_list":["post-23010","post","type-post","status-publish","format-standard","hentry","category-gundem","odd"],"_links":{"self":[{"href":"http:\/\/www.korhanyilmaz.com\/index.php?rest_route=\/wp\/v2\/posts\/23010","targetHints":{"allow":["GET"]}}],"collection":[{"href":"http:\/\/www.korhanyilmaz.com\/index.php?rest_route=\/wp\/v2\/posts"}],"about":[{"href":"http:\/\/www.korhanyilmaz.com\/index.php?rest_route=\/wp\/v2\/types\/post"}],"author":[{"embeddable":true,"href":"http:\/\/www.korhanyilmaz.com\/index.php?rest_route=\/wp\/v2\/users\/1"}],"replies":[{"embeddable":true,"href":"http:\/\/www.korhanyilmaz.com\/index.php?rest_route=%2Fwp%2Fv2%2Fcomments&post=23010"}],"version-history":[{"count":0,"href":"http:\/\/www.korhanyilmaz.com\/index.php?rest_route=\/wp\/v2\/posts\/23010\/revisions"}],"wp:attachment":[{"href":"http:\/\/www.korhanyilmaz.com\/index.php?rest_route=%2Fwp%2Fv2%2Fmedia&parent=23010"}],"wp:term":[{"taxonomy":"category","embeddable":true,"href":"http:\/\/www.korhanyilmaz.com\/index.php?rest_route=%2Fwp%2Fv2%2Fcategories&post=23010"},{"taxonomy":"post_tag","embeddable":true,"href":"http:\/\/www.korhanyilmaz.com\/index.php?rest_route=%2Fwp%2Fv2%2Ftags&post=23010"}],"curies":[{"name":"wp","href":"https:\/\/api.w.org\/{rel}","templated":true}]}}