{"id":22997,"date":"2010-05-24T15:50:15","date_gmt":"2010-05-24T12:50:15","guid":{"rendered":"http:\/\/www.korhanyilmaz.com\/?p=22997"},"modified":"2010-05-24T15:50:15","modified_gmt":"2010-05-24T12:50:15","slug":"kilicdaroglundan-recep-bey-fikrasi","status":"publish","type":"post","link":"http:\/\/www.korhanyilmaz.com\/?p=22997","title":{"rendered":"K\u0131l\u0131\u00e7daro\u011flu&#8217;ndan Recep Bey f\u0131kras\u0131"},"content":{"rendered":"<p><a class=\"lightview\" title=\"K\u0131l\u0131\u00e7daro\u011flundan Recep Tayyip Erdo\u011fan F\u0131kras\u0131:::: width: 480, height: 360\" rel=\"set[FIKRA][flash]\" href=\"http:\/\/www.dailymotion.com\/swf\/video\/xdeqim_kylycdaroylu-ndan-tayyip-erdoyan-fy_fun\"><img loading=\"lazy\" decoding=\"async\" class=\"aligncenter size-full wp-image-22998\" src=\"http:\/\/www.korhanyilmaz.com\/wp-content\/uploads\/2010\/05\/2010-05-24_202248.jpg\" alt=\"\" width=\"410\" height=\"218\" \/><img loading=\"lazy\" decoding=\"async\" class=\"aligncenter\" title=\"Habere \u0130li\u015fkin Videoyu \u0130zleyin... \" src=\"wp-data\/images\/video_izle_tikla.png\" alt=\"\" width=\"30\" height=\"30\" \/><\/a><\/p>\n<p style=\"text-align: justify;\">Hafta sonundaki CHP Kurultay\u0131&#8217;nda &#8220;Recep Bey&#8221; s\u00f6ylemiyle dikkat yeni Genel Ba\u015fkan K\u0131l\u0131\u00e7daro\u011flu&#8217;ndan Erdo\u011fan f\u0131kras\u0131&#8230;<\/p>\n<p style=\"text-align: justify;\">CHP Genel Ba\u015fkan\u0131 Kemal K\u0131l\u0131\u00e7daro\u011flu&#8217;nun, kat\u0131ld\u0131\u011f\u0131 bir sohbet toplant\u0131s\u0131nda anlatt\u0131\u011f\u0131 f\u0131kran\u0131n g\u00f6r\u00fcnt\u00fcleri ortaya \u00e7\u0131kt\u0131.<!--more--><\/p>\n<p style=\"text-align: justify;\">Sosyal payla\u015f\u0131m sitesi Facebook&#8217;ta kullan\u0131c\u0131lar\u0131n payla\u015ft\u0131\u011f\u0131 videoda K\u0131l\u0131\u00e7daro\u011flu, Ba\u015fbakan Erdo\u011fan&#8217;\u0131 tiye alan \u00f6yle bir f\u0131kra anlat\u0131yor ki, dinleyiciler kahkahalara bo\u011fuluyor.<\/p>\n<p style=\"text-align: justify;\"><em>F\u0131kra \u015f\u00f6yle: <\/em><\/p>\n<p style=\"text-align: justify;\">Adam\u0131n biri \u00f6l\u00fcyor ve \u00f6b\u00fcr d\u00fcnyaya gidiyor. Orada bir s\u00fcr\u00fc saatler var. Adam g\u00f6revliye soruyor &#8220;Bu saatler ne i\u00e7in?&#8221; G\u00f6revli &#8220;Herkesin bir saati vard\u0131r. Yalan s\u00f6yledik\u00e7e d\u00f6ner&#8221; diye cevap veriyor.<\/p>\n<p style=\"text-align: justify;\">Adam\u0131n bir saat dikkatini \u00e7ekiyor. Saat tam 12&#8217;yi g\u00f6steriyor. &#8220;Kimin?&#8221; diye soruyor adam. G\u00f6revli &#8220;Mustafa Kemal&#8217;in&#8221; diye cevap veriyor. &#8220;Hi\u00e7 yalan s\u00f6ylemedi. O y\u00fczden saat hep 12&#8217;de durur&#8221; diyor.<\/p>\n<p style=\"text-align: justify;\">Adam kendi saatini bulup bak\u0131yor ve birden akl\u0131na geliyor. &#8220;Bir de bizim \u00fclkemizde Recep Tayyip Erdo\u011fan diye bir lider vard\u0131. Onun saati nerede?&#8221; diye soruyor. G\u00f6revli, &#8220;Onun saatini Azrail al\u0131p cehenneme g\u00f6t\u00fcrd\u00fc, vantilat\u00f6r olarak kullan\u0131yorlar&#8221;<\/p>\n<p style=\"text-align: justify;\"><a href=\"http:\/\/www.gazeteport.com.tr\/SIYASET\/NEWS\/GP_693384\" target=\"_blank\"><span style=\"color: #888888;\">Gazeteport<\/span><\/a><\/p>\n","protected":false},"excerpt":{"rendered":"<\/p>\n<p style=\"text-align: justify;\">Hafta sonundaki CHP Kurultay\u0131&#8217;nda &#8220;Recep Bey&#8221; s\u00f6ylemiyle dikkat yeni Genel Ba\u015fkan K\u0131l\u0131\u00e7daro\u011flu&#8217;ndan Erdo\u011fan f\u0131kras\u0131&#8230;<\/p>\n<p style=\"text-align: justify;\">CHP Genel Ba\u015fkan\u0131 Kemal K\u0131l\u0131\u00e7daro\u011flu&#8217;nun, kat\u0131ld\u0131\u011f\u0131 bir sohbet toplant\u0131s\u0131nda anlatt\u0131\u011f\u0131 f\u0131kran\u0131n g\u00f6r\u00fcnt\u00fcleri ortaya \u00e7\u0131kt\u0131.<\/p>\n","protected":false},"author":1,"featured_media":0,"comment_status":"open","ping_status":"closed","sticky":false,"template":"","format":"standard","meta":{"footnotes":""},"categories":[105],"tags":[],"class_list":["post-22997","post","type-post","status-publish","format-standard","hentry","category-gundem","odd"],"_links":{"self":[{"href":"http:\/\/www.korhanyilmaz.com\/index.php?rest_route=\/wp\/v2\/posts\/22997","targetHints":{"allow":["GET"]}}],"collection":[{"href":"http:\/\/www.korhanyilmaz.com\/index.php?rest_route=\/wp\/v2\/posts"}],"about":[{"href":"http:\/\/www.korhanyilmaz.com\/index.php?rest_route=\/wp\/v2\/types\/post"}],"author":[{"embeddable":true,"href":"http:\/\/www.korhanyilmaz.com\/index.php?rest_route=\/wp\/v2\/users\/1"}],"replies":[{"embeddable":true,"href":"http:\/\/www.korhanyilmaz.com\/index.php?rest_route=%2Fwp%2Fv2%2Fcomments&post=22997"}],"version-history":[{"count":0,"href":"http:\/\/www.korhanyilmaz.com\/index.php?rest_route=\/wp\/v2\/posts\/22997\/revisions"}],"wp:attachment":[{"href":"http:\/\/www.korhanyilmaz.com\/index.php?rest_route=%2Fwp%2Fv2%2Fmedia&parent=22997"}],"wp:term":[{"taxonomy":"category","embeddable":true,"href":"http:\/\/www.korhanyilmaz.com\/index.php?rest_route=%2Fwp%2Fv2%2Fcategories&post=22997"},{"taxonomy":"post_tag","embeddable":true,"href":"http:\/\/www.korhanyilmaz.com\/index.php?rest_route=%2Fwp%2Fv2%2Ftags&post=22997"}],"curies":[{"name":"wp","href":"https:\/\/api.w.org\/{rel}","templated":true}]}}