{"id":22979,"date":"2010-05-23T16:34:18","date_gmt":"2010-05-23T13:34:18","guid":{"rendered":"http:\/\/www.korhanyilmaz.com\/?p=22979"},"modified":"2010-05-23T16:34:18","modified_gmt":"2010-05-23T13:34:18","slug":"baykaldan-kilicdarogluna-sicak-mesaj","status":"publish","type":"post","link":"http:\/\/www.korhanyilmaz.com\/?p=22979","title":{"rendered":"Baykal&#8217;dan K\u0131l\u0131\u00e7daro\u011flu&#8217;na s\u0131cak mesaj"},"content":{"rendered":"<p style=\"text-align: justify;\"><a href=\"http:\/\/www.korhanyilmaz.com\/wp-content\/uploads\/2010\/05\/BAYKAL1.jpg\"  class=\"lightview\"><img loading=\"lazy\" decoding=\"async\" class=\"aligncenter size-full wp-image-22980\" src=\"http:\/\/www.korhanyilmaz.com\/wp-content\/uploads\/2010\/05\/BAYKAL1.jpg\" alt=\"\" width=\"292\" height=\"199\" \/><\/a><\/p>\n<p style=\"text-align: justify;\">Antalya B\u00fcy\u00fck\u015fehir Belediye Ba\u015fkan\u0131 Mustafa Akayd\u0131n, Antalya \u0130l Te\u015fkilat\u0131 Ba\u015fkan\u0131 \u00d6zer \u00dclken, baz\u0131 il\u00e7e belediye ba\u015fkanlar\u0131 ile partililer, CHP&#8217;nin eski genel ba\u015fkan\u0131 Deniz Baykal&#8217;\u0131 ziyaret etti. Akayd\u0131n, Baykal&#8217;\u0131n K\u0131l\u0131\u00e7daro\u011flu konusunda umutlu oldu\u011funu s\u00f6yledi.<!--more--><\/p>\n<p style=\"text-align: justify;\">Beysukent&#8217;teki Angora evlerindeki konutunda ger\u00e7ekle\u015fen ziyarette Deniz Baykal ve e\u015fi Olcay Baykal, partilileri kap\u0131da kar\u015f\u0131lad\u0131.<\/p>\n<p style=\"text-align: justify;\">Akayd\u0131n, yakla\u015f\u0131k 1 saat s\u00fcren ziyaretin ard\u0131ndan AA muhabirine yapt\u0131\u011f\u0131 a\u00e7\u0131klamada, Kurultay sonras\u0131nda Antalya ekibi olarak Deniz Baykal&#8217;\u0131 ziyaret ettiklerini bildirdi.<\/p>\n<p style=\"text-align: justify;\">Ziyarette &#8220;a\u011fabey-karde\u015f gibi&#8221; sohbet ettiklerini anlatan Akayd\u0131n, &#8220;Kendisini ne\u015feli ve moralli g\u00f6rd\u00fck. Bize bundan sonra partimizin \u00f6n\u00fcm\u00fczdeki se\u00e7imlerden ba\u015far\u0131yla \u00e7\u0131kmas\u0131 i\u00e7in \u00e7al\u0131\u015fmam\u0131z nasihatinde bulundu. T\u00fcrkiye&#8217;nin gelece\u011fine partinin gelece\u011fine y\u00f6nelik bize moral a\u015f\u0131lad\u0131, g\u00f6rev y\u00fckledi. Partiyi desteklememiz ve oy oran\u0131n\u0131 y\u00fckseltmemizin elzem oldu\u011funu s\u00f6yledi&#8221; diye konu\u015ftu.<\/p>\n<p style=\"text-align: justify;\">CHP Antalya \u0130l Ba\u015fkan\u0131 \u00dclken de ziyaretten sonra gazetecilere yapt\u0131\u011f\u0131 a\u00e7\u0131klamada, Baykal&#8217;\u0131 gayet makul, ma\u011frur g\u00f6rd\u00fcklerini ve kendisinin moralinin yerinde oldu\u011funu bildirdi.<\/p>\n<p style=\"text-align: justify;\">\u00dclken, Baykal&#8217;\u0131n ortaya \u00e7\u0131kan son tablo ile ilgili olarak &#8216;CHP&#8217;nin derlenip, toparlan\u0131p b\u00fct\u00fcnl\u00fck \u015feklinde bir komplodan, ivmesinin \u00e7ok y\u00fckselerek \u00e7\u0131kaca\u011f\u0131ndan&#8217; bahsetti\u011fini aktard\u0131.<\/p>\n<p style=\"text-align: justify;\">CHP&#8217;nin yeni Genel Ba\u015fkan\u0131 Kemal K\u0131l\u0131\u00e7daro\u011flu&#8217;nun Kurultaydaki konu\u015fmas\u0131yla ilgili Baykal&#8217;\u0131n bir de\u011ferlendirme yap\u0131p yapmad\u0131\u011f\u0131n\u0131n sorulmas\u0131 \u00fczerine \u00dclken, &#8220;K\u0131l\u0131\u00e7daro\u011flu&#8217;nun konu\u015fmas\u0131yla ilgili \u00f6zel bir de\u011ferlendirme olmad\u0131 ama zaten partimizin y\u00fckselen trendinin K\u0131l\u0131\u00e7daro\u011flu ile \u00e7ok daha y\u00fckselece\u011fi konusunda umutlu kendisi ve ona inan\u0131yor, g\u00fcveniyor&#8221; yan\u0131t\u0131n\u0131 verdi.<\/p>\n<p style=\"text-align: justify;\"><span style=\"color: #888888;\">CNN T\u00dcRK<\/span><\/p>\n","protected":false},"excerpt":{"rendered":"<p style=\"text-align: justify;\">\n<p style=\"text-align: justify;\">Antalya B\u00fcy\u00fck\u015fehir Belediye Ba\u015fkan\u0131 Mustafa Akayd\u0131n, Antalya \u0130l Te\u015fkilat\u0131 Ba\u015fkan\u0131 \u00d6zer \u00dclken, baz\u0131 il\u00e7e belediye ba\u015fkanlar\u0131 ile partililer, CHP&#8217;nin eski genel ba\u015fkan\u0131 Deniz Baykal&#8217;\u0131 ziyaret etti. Akayd\u0131n, Baykal&#8217;\u0131n K\u0131l\u0131\u00e7daro\u011flu konusunda umutlu oldu\u011funu s\u00f6yledi.<\/p>\n","protected":false},"author":1,"featured_media":0,"comment_status":"open","ping_status":"closed","sticky":false,"template":"","format":"standard","meta":{"footnotes":""},"categories":[105],"tags":[],"class_list":["post-22979","post","type-post","status-publish","format-standard","hentry","category-gundem","odd"],"_links":{"self":[{"href":"http:\/\/www.korhanyilmaz.com\/index.php?rest_route=\/wp\/v2\/posts\/22979","targetHints":{"allow":["GET"]}}],"collection":[{"href":"http:\/\/www.korhanyilmaz.com\/index.php?rest_route=\/wp\/v2\/posts"}],"about":[{"href":"http:\/\/www.korhanyilmaz.com\/index.php?rest_route=\/wp\/v2\/types\/post"}],"author":[{"embeddable":true,"href":"http:\/\/www.korhanyilmaz.com\/index.php?rest_route=\/wp\/v2\/users\/1"}],"replies":[{"embeddable":true,"href":"http:\/\/www.korhanyilmaz.com\/index.php?rest_route=%2Fwp%2Fv2%2Fcomments&post=22979"}],"version-history":[{"count":0,"href":"http:\/\/www.korhanyilmaz.com\/index.php?rest_route=\/wp\/v2\/posts\/22979\/revisions"}],"wp:attachment":[{"href":"http:\/\/www.korhanyilmaz.com\/index.php?rest_route=%2Fwp%2Fv2%2Fmedia&parent=22979"}],"wp:term":[{"taxonomy":"category","embeddable":true,"href":"http:\/\/www.korhanyilmaz.com\/index.php?rest_route=%2Fwp%2Fv2%2Fcategories&post=22979"},{"taxonomy":"post_tag","embeddable":true,"href":"http:\/\/www.korhanyilmaz.com\/index.php?rest_route=%2Fwp%2Fv2%2Ftags&post=22979"}],"curies":[{"name":"wp","href":"https:\/\/api.w.org\/{rel}","templated":true}]}}