{"id":22974,"date":"2010-05-23T17:52:01","date_gmt":"2010-05-23T14:52:01","guid":{"rendered":"http:\/\/www.korhanyilmaz.com\/?p=22974"},"modified":"2010-05-23T17:52:01","modified_gmt":"2010-05-23T14:52:01","slug":"turk-yargi-bagimsizligi-zedelenir","status":"publish","type":"post","link":"http:\/\/www.korhanyilmaz.com\/?p=22974","title":{"rendered":"T\u00fcrk: &#8220;Yarg\u0131 ba\u011f\u0131ms\u0131zl\u0131\u011f\u0131 zedelenir&#8221;"},"content":{"rendered":"<p style=\"text-align: center;\"><a href=\"http:\/\/www.korhanyilmaz.com\/wp-content\/uploads\/2010\/05\/2010-05-23_190114.jpg\"  class=\"lightview\"><img loading=\"lazy\" decoding=\"async\" class=\"aligncenter size-full wp-image-22976\" src=\"http:\/\/www.korhanyilmaz.com\/wp-content\/uploads\/2010\/05\/2010-05-23_190114.jpg\" alt=\"\" width=\"345\" height=\"266\" \/><\/a><\/p>\n<p style=\"text-align: justify;\">Eski Adalet Bakan\u0131 Hikmet Sami T\u00fcrk, yarg\u0131yla hi\u00e7 ilgisi olmayan ki\u015filerin Hakimler ve Savc\u0131lar Y\u00fcksek Kurulu (HSYK) gibi bir kurula se\u00e7ilmesinin do\u011fru olmad\u0131\u011f\u0131n\u0131 savunarak, &#8220;Bu, yarg\u0131 ba\u011f\u0131ms\u0131zl\u0131\u011f\u0131n\u0131 zedeler&#8221; dedi. <!--more--><\/p>\n<p style=\"text-align: justify;\">Karadeniz&#8217;in \u00d6zelliklerini Koruma Kul\u00fcb\u00fc (K\u00d6K) Derne\u011fi&#8217;nce d\u00fczenlenen 3. Karadeniz Kalk\u0131nma Kurultay\u0131&#8217;na kat\u0131lan T\u00fcrk, Anayasa de\u011fi\u015fikli\u011fi i\u00e7in yap\u0131lacak referanduma i\u015faret ederek, bu konuda son s\u00f6z\u00fc halk\u0131n s\u00f6yleyece\u011fini ifade etti.<\/p>\n<p style=\"text-align: justify;\">Anayasada getirilen de\u011fi\u015fikliklerin baz\u0131lar\u0131n\u0131n herkesin kabul etti\u011fi konular oldu\u011funu belirten T\u00fcrk, \u015funlar\u0131 kaydetti:<\/p>\n<p style=\"text-align: justify;\">&#8220;\u015eimdi bu kanunda tart\u0131\u015fma konusu olmaya devam eden maddeler, yarg\u0131yla ilgili olan maddelerdir. Anayasa Mahkemesi&#8217;nin \u00fcye say\u0131s\u0131 art\u0131r\u0131lmaktad\u0131r ve \u00fcyelerin bir k\u0131sm\u0131n\u0131n TBMM taraf\u0131ndan se\u00e7ilmesi \u00f6ng\u00f6r\u00fclmektedir. Bunun yarg\u0131da siyasalla\u015famaya yol a\u00e7aca\u011f\u0131 kayg\u0131s\u0131 vard\u0131r.<\/p>\n<p style=\"text-align: justify;\">Ba\u015fka \u00fclkelere bakt\u0131\u011f\u0131m\u0131z zaman Anayasa Mahkemesi \u00fcyelerinin k\u0131smen veya tamamen parlamentolar taraf\u0131ndan se\u00e7ildi\u011fini g\u00f6r\u00fcyoruz. Bizde de 1961 Anayasas\u0131&#8217;nda benzeri bir sistem \u00f6ng\u00f6r\u00fclm\u00fc\u015ft\u00fc ama bu daha sonra terk edildi.<\/p>\n<p style=\"text-align: justify;\">\u0130kinci tart\u0131\u015fmal\u0131 de\u011fi\u015fiklik ise HSYK&#8217;n\u0131n yap\u0131s\u0131nda yap\u0131lan de\u011fi\u015fikliktir. Bu kurulun \u00fcye say\u0131s\u0131 22&#8217;ye \u00e7\u0131kar\u0131lmakta. Kurulun d\u00f6rt \u00fcyesi, yarg\u0131yla hi\u00e7 ilgisi olmayan ki\u015filerden se\u00e7ilecektir. \u015eimdi yarg\u0131yla hi\u00e7 ilgisi olmayan ki\u015filerin HSYK gibi bir kurula se\u00e7ilmesi do\u011fru de\u011fildir. Bu, yarg\u0131 ba\u011f\u0131ms\u0131zl\u0131\u011f\u0131n\u0131 zedeler.&#8221;<\/p>\n<p style=\"text-align: justify;\">HSYK ile ilgili getirilen de\u011fi\u015fiklikte di\u011fer \u00f6nemli \u00e7ekincenin de Adalet Bakan\u0131&#8217;n\u0131n konumunun g\u00fc\u00e7lendirilmesi oldu\u011funu ifade eden T\u00fcrk, bu konunun da yarg\u0131 ba\u011f\u0131ms\u0131zl\u0131\u011f\u0131n\u0131 tart\u0131\u015fmaya a\u00e7aca\u011f\u0131n\u0131 ileri s\u00fcrd\u00fc.<\/p>\n<p style=\"text-align: justify;\">De\u011fi\u015fiklikle HSYK&#8217;ya ba\u011fl\u0131 &#8220;Genel Sekreterlik&#8221; olu\u015fturulmas\u0131n\u0131n da \u00f6ng\u00f6r\u00fcld\u00fc\u011f\u00fcn\u00fc hat\u0131rlatan T\u00fcrk, \u015f\u00f6yle devam etti:<\/p>\n<p style=\"text-align: justify;\">&#8220;Bu, bir anlamda kurulun i\u015flemlerini Adalet Bakanl\u0131\u011f\u0131&#8217;ndan almak, bir \u00f6l\u00e7\u00fcde ba\u011f\u0131ms\u0131zla\u015ft\u0131rmak amac\u0131n\u0131 izler g\u00f6r\u00fcnmektedir, ancak bu genel sekreterin atanmas\u0131 da yine bakan\u0131n elindedir. B\u00f6yle olunca burada iddia edilenin aksine \u00fcye say\u0131s\u0131 art\u0131r\u0131lan kurul, \u00f6nemli konularda bakan\u0131n verece\u011fi karara g\u00f6re hareket edebilir bir kurul olacakt\u0131r.<\/p>\n<p style=\"text-align: justify;\">Burada y\u00fcr\u00fctmenin yarg\u0131 \u00fczerinde bask\u0131s\u0131 ortaya \u00e7\u0131kabilecektir. Bu nedenle HSYK ile ilgili d\u00fczenlemenin \u00f6nemli b\u00f6l\u00fcm\u00fcn\u00fcn yarg\u0131 ba\u011f\u0131ms\u0131zl\u0131\u011f\u0131 ilkesine ayk\u0131r\u0131 oldu\u011fu d\u00fc\u015f\u00fcncesindeyim. Yarg\u0131 ba\u011f\u0131ms\u0131zl\u0131\u011f\u0131 devletin temelidir. Yarg\u0131, adaleti ger\u00e7ekle\u015ftirecek olan kurumdur. Adalet ise devletin temelidir. Dolays\u0131yla yarg\u0131 ba\u011f\u0131ms\u0131zl\u0131\u011f\u0131 ilkesine ayk\u0131r\u0131 olan bu d\u00fczenleme, &#8216;hukuk devleti&#8217; ilkesine ayk\u0131r\u0131d\u0131r.&#8221;<\/p>\n<p style=\"text-align: justify;\"><span style=\"color: #888888;\">CNN T\u00dcRK<\/span><\/p>\n","protected":false},"excerpt":{"rendered":"<p style=\"text-align: center;\">\n<p style=\"text-align: justify;\">Eski Adalet Bakan\u0131 Hikmet Sami T\u00fcrk, yarg\u0131yla hi\u00e7 ilgisi olmayan ki\u015filerin Hakimler ve Savc\u0131lar Y\u00fcksek Kurulu (HSYK) gibi bir kurula se\u00e7ilmesinin do\u011fru olmad\u0131\u011f\u0131n\u0131 savunarak, &#8220;Bu, yarg\u0131 ba\u011f\u0131ms\u0131zl\u0131\u011f\u0131n\u0131 zedeler&#8221; dedi. <\/p>\n","protected":false},"author":1,"featured_media":0,"comment_status":"open","ping_status":"closed","sticky":false,"template":"","format":"standard","meta":{"footnotes":""},"categories":[105],"tags":[],"class_list":["post-22974","post","type-post","status-publish","format-standard","hentry","category-gundem","odd"],"_links":{"self":[{"href":"http:\/\/www.korhanyilmaz.com\/index.php?rest_route=\/wp\/v2\/posts\/22974","targetHints":{"allow":["GET"]}}],"collection":[{"href":"http:\/\/www.korhanyilmaz.com\/index.php?rest_route=\/wp\/v2\/posts"}],"about":[{"href":"http:\/\/www.korhanyilmaz.com\/index.php?rest_route=\/wp\/v2\/types\/post"}],"author":[{"embeddable":true,"href":"http:\/\/www.korhanyilmaz.com\/index.php?rest_route=\/wp\/v2\/users\/1"}],"replies":[{"embeddable":true,"href":"http:\/\/www.korhanyilmaz.com\/index.php?rest_route=%2Fwp%2Fv2%2Fcomments&post=22974"}],"version-history":[{"count":0,"href":"http:\/\/www.korhanyilmaz.com\/index.php?rest_route=\/wp\/v2\/posts\/22974\/revisions"}],"wp:attachment":[{"href":"http:\/\/www.korhanyilmaz.com\/index.php?rest_route=%2Fwp%2Fv2%2Fmedia&parent=22974"}],"wp:term":[{"taxonomy":"category","embeddable":true,"href":"http:\/\/www.korhanyilmaz.com\/index.php?rest_route=%2Fwp%2Fv2%2Fcategories&post=22974"},{"taxonomy":"post_tag","embeddable":true,"href":"http:\/\/www.korhanyilmaz.com\/index.php?rest_route=%2Fwp%2Fv2%2Ftags&post=22974"}],"curies":[{"name":"wp","href":"https:\/\/api.w.org\/{rel}","templated":true}]}}