{"id":22967,"date":"2010-05-23T15:48:06","date_gmt":"2010-05-23T12:48:06","guid":{"rendered":"http:\/\/www.korhanyilmaz.com\/?p=22967"},"modified":"2010-05-23T15:48:06","modified_gmt":"2010-05-23T12:48:06","slug":"recep-bey-kilicdaroglunu-kutlamamis","status":"publish","type":"post","link":"http:\/\/www.korhanyilmaz.com\/?p=22967","title":{"rendered":"&#8220;Recep Bey&#8221; K\u0131l\u0131\u00e7daro\u011flu&#8217;nu kutlamam\u0131\u015f"},"content":{"rendered":"<p style=\"text-align: center;\"><a href=\"http:\/\/www.korhanyilmaz.com\/wp-content\/uploads\/2010\/05\/recepbey.jpg\"  class=\"lightview\"><img loading=\"lazy\" decoding=\"async\" class=\"aligncenter size-full wp-image-22968\" src=\"http:\/\/www.korhanyilmaz.com\/wp-content\/uploads\/2010\/05\/recepbey.jpg\" alt=\"\" width=\"307\" height=\"236\" \/><\/a><\/p>\n<p style=\"text-align: justify;\">Oy vermek \u00fczere Kurultay salonuna gitmek \u00fczere evden \u00e7\u0131karken konu\u015fan CHP Genel Ba\u015fkan\u0131 Kemal K\u0131l\u0131\u00e7daro\u011flu, Necmettin Erbakan, Devlet Bah\u00e7eli ve S\u00fcleyman Demirel&#8217;in kendisini arayarak tebrik etti\u011fini, Ba\u015fbakan Erdo\u011fan&#8217;\u0131n ise aramad\u0131\u011f\u0131n\u0131 s\u00f6yledi.<!--more--><\/p>\n<p style=\"text-align: justify;\">K\u0131l\u0131\u00e7daro\u011flu, evinden CHP 33. Ola\u011fan Kurultay&#8217;\u0131n yap\u0131ld\u0131\u011f\u0131 Atat\u00fcrk Spor Salonu&#8217;na giderken, gazetecilerin sorular\u0131n\u0131 yan\u0131tlad\u0131.<\/p>\n<p style=\"text-align: justify;\">Partinin yetkili organlar\u0131yla ilgili listeyi de\u011ferlendiren K\u0131l\u0131\u00e7daro\u011flu, CHP&#8217;nin &#8220;b\u00fcy\u00fck bir aile&#8221; oldu\u011funu belirterek, &#8220;Bu ailenin i\u00e7inde \u00e7ok zengin d\u00fc\u015f\u00fcn\u00fcrlerimiz, akademisyenlerimiz var, yazar\u0131m\u0131z, \u00e7izerimiz, sade yurtta\u015f\u0131m\u0131z var. dolay\u0131s\u0131yla listeyi haz\u0131rlarken belli bir dengeyi g\u00f6zettim. Ayr\u0131m yapmamaya \u00f6zen g\u00f6sterdik&#8221; dedi.<\/p>\n<p style=\"text-align: justify;\"><span style=\"text-decoration: underline;\">K\u0131l\u0131\u00e7daro\u011flu, \u015f\u00f6yle konu\u015ftu: <\/span><\/p>\n<p style=\"text-align: justify;\">&#8220;Oy verenler, vermeyenler diye bir ayr\u0131m da yapmad\u0131k. Listeye bakt\u0131\u011f\u0131n\u0131zda daha \u00f6nce genel ba\u015fkanl\u0131\u011fa soyunmu\u015f 3 arkada\u015f\u0131m\u0131z\u0131 da orada g\u00f6r\u00fcyorsunuz. Dolay\u0131s\u0131yla biz CHP&#8217;yi iktidara ta\u015f\u0131man\u0131n yollar\u0131n\u0131 ar\u0131yoruz. Listeye girmeyenler herhangi bir \u015fekilde \u00fcz\u00fcnt\u00fc duymas\u0131nlar. \u00c7\u00fcnk\u00fc biz halk\u0131n partisi olma yolunda her t\u00fcrl\u00fc \u00f6zveriye katlanarak, iktidar ko\u015fusunu ba\u015flatmay\u0131 d\u00fc\u015f\u00fcn\u00fcyoruz. Bu nedenle Parti Meclisi d\u0131\u015f\u0131nda kalan arkada\u015flar \u015fu veya bu \u015fekilde &#8216;d\u0131\u015f\u0131nda kald\u0131k&#8217; diye kayg\u0131 ta\u015f\u0131mas\u0131nlar. Biz herkes ile beraber tek y\u00fcrek \u00e7al\u0131\u015faca\u011f\u0131z, \u00e7al\u0131\u015fmalar\u0131m\u0131z\u0131 s\u00fcrd\u00fcr\u00fclece\u011fiz.&#8221;<\/p>\n<p style=\"text-align: justify;\">&#8220;\u0130lk defa genel ba\u015fkan olarak evden \u00e7\u0131kt\u0131n\u0131z, neler hissediyorsunuz?&#8221; sorusunu yan\u0131tlayan K\u0131l\u0131\u00e7daro\u011flu, &#8220;A\u011f\u0131r bir sorumluluk ta\u015f\u0131d\u0131\u011f\u0131m\u0131 biliyorum. Bu sorumlulu\u011fun gere\u011fi i\u00e7in elimden gelen \u00e7abay\u0131 g\u00f6sterece\u011fim. Zor bir alan, ama zorluklar\u0131 ba\u015farmak da benim g\u00f6revim&#8221; dedi.<\/p>\n<p style=\"text-align: justify;\">K\u0131l\u0131\u00e7daro\u011flu, Parti Meclisi listesinde yer almayan isimler nedeniyle ileride parti i\u00e7inde bir ayr\u0131l\u0131k ya\u015fan\u0131p ya\u015fanmayaca\u011f\u0131na y\u00f6nelik soruya \u015fu yan\u0131t\u0131 verdi:<\/p>\n<p style=\"text-align: justify;\">&#8220;Her parti kurultay\u0131ndan sonra PM listeleri \u00fczerinde tart\u0131\u015fmalar olabilir. B\u00fct\u00fcn bu tart\u0131\u015fmalar\u0131 sayg\u0131 ile kar\u015f\u0131lamak gerekiyor. Listenin &#8216;lehinde&#8217;, &#8216;aleyhinde&#8217; de\u011fi\u015fik \u00e7evreler yorum yapabilirler. B\u00fct\u00fcn o yorumlara da sayg\u0131l\u0131y\u0131m. Ama g\u00f6receksiniz CHP, tek y\u00fcrek, tek v\u00fccut iktidara haz\u0131rlanacakt\u0131r.&#8221;<\/p>\n<p style=\"text-align: justify;\">Mal beyan\u0131nda \u0130zmir Seferihisar&#8217;da kooperatif hissesi bulundu\u011fu, kooperatifin ka\u00e7ak oldu\u011funa ili\u015fkin iddialar\u0131n hat\u0131rlat\u0131ld\u0131\u011f\u0131 K\u0131l\u0131\u00e7daro\u011flu, &#8220;Seferihisar&#8217;da kooperatifim mi varm\u0131\u015f? Bilmiyorum&#8221; dedi.<\/p>\n<p style=\"text-align: justify;\">Bir ba\u015fka soruyu yan\u0131tlarken de Deniz Baykal ile mazbatas\u0131n\u0131 ald\u0131ktan sonra g\u00f6r\u00fc\u015fece\u011fini belirten K\u0131l\u0131\u00e7daro\u011flu, Baykal&#8217;\u0131n kendisini telefonla arayarak tebrik etti\u011fini s\u00f6yledi.<\/p>\n<p style=\"text-align: justify;\">K\u0131l\u0131\u00e7daro\u011flu, Baykal&#8217;\u0131n &#8220;ses tonunun iyi&#8221; oldu\u011funu ve kendisini y\u00fcrekten kutlad\u0131\u011f\u0131n\u0131 ifade ederek, kendisinin de &#8220;genel ba\u015fkan\u0131na te\u015fekk\u00fcr etti\u011fini&#8221; dile getirdi. K\u0131l\u0131\u00e7daro\u011flu, &#8220;Kendisinin deste\u011fine ihtiya\u00e7 duyaca\u011f\u0131m\u0131 ifade ettim&#8221; diye konu\u015ftu.<\/p>\n<p style=\"text-align: justify;\">Eski Ba\u015fbakanlardan Necmettin Erbakan, 9. Cumhurba\u015fkan\u0131 S\u00fcleyman Demirel, MHP Genel Ba\u015fkan\u0131 Devlet Bah\u00e7eli&#8217;nin kendisini tebrik i\u00e7in arad\u0131\u011f\u0131n\u0131 dile getiren K\u0131l\u0131\u00e7daro\u011flu, &#8220;Ba\u015fbakan Erdo\u011fan arad\u0131 m\u0131?&#8221; sorusuna &#8220;O cepheden herhangi bir arayan olmad\u0131. Arayana da aramayana da te\u015fekk\u00fcr ediyorum&#8221; dedi.<\/p>\n<p style=\"text-align: justify;\">Bu arada, gazetecilerin bekleyi\u015fleri s\u0131ras\u0131nda K\u0131l\u0131\u00e7daro\u011flu&#8217;nun o\u011flu Kerem K\u0131l\u0131\u00e7daro\u011flu, pasta ve \u00e7ay ikram\u0131nda bulundu.<\/p>\n<p style=\"text-align: justify;\">Kemal K\u0131l\u0131\u00e7daro\u011flu daha sonra kurultay\u0131n yap\u0131ld\u0131\u011f\u0131 Atat\u00fcrk Spor Salonu&#8217;na ge\u00e7erek PM ve YDK \u00fcyelikleri i\u00e7in oyunu kulland\u0131.<\/p>\n<p style=\"text-align: justify;\"><strong>&#8220;\u0130lk s\u00f6z\u00fcm halkt\u0131r, son s\u00f6z\u00fcm\u00fcz de hak olacakt\u0131r&#8221; <\/strong><\/p>\n<p style=\"text-align: justify;\">K\u0131l\u0131\u00e7daro\u011flu, kurultay salonunda gazetecilerin sorular\u0131n\u0131 yan\u0131tlad\u0131.<\/p>\n<p style=\"text-align: justify;\">Hen\u00fcz genel ba\u015fkanl\u0131k mazbatas\u0131n\u0131 almad\u0131\u011f\u0131n\u0131 belirten K\u0131l\u0131\u00e7daro\u011flu, partisinin \u0130stanbul delegeleri aras\u0131na oturdu. Parti y\u00f6netiminde CHP&#8217;nin genel vitrinine uygun, halk\u0131 kucaklayan bir yap\u0131 ortaya \u00e7\u0131karacaklar\u0131n\u0131 kaydeden K\u0131l\u0131\u00e7daro\u011flu, heyecan\u0131 b\u00fct\u00fcn Anadolu&#8217;ya yayacaklar\u0131n\u0131 s\u00f6yledi.<\/p>\n<p style=\"text-align: justify;\">T\u00fcrkiye&#8217;nin b\u00fcy\u00fck bir yol ayr\u0131m\u0131na geldi\u011fini, temiz siyasetin ve hesap verilebilirli\u011fin hep beraber sa\u011flanmas\u0131 gerekti\u011fini vurgulayan K\u0131l\u0131\u00e7daro\u011flu, CHP&#8217;nin toplumun t\u00fcm kesimlerinin sorunlar\u0131na kar\u015f\u0131 \u00e7\u00f6z\u00fcm \u00fcretece\u011fini bildirdi.<\/p>\n<p style=\"text-align: justify;\">K\u0131l\u0131\u00e7daro\u011flu, \u015f\u00f6yle konu\u015ftu: &#8220;S\u00f6z veriyorum; herkesin bir \u015fekliyle sorunu var. O sorunlar\u0131n t\u00fcm\u00fcne e\u011filece\u011fiz. \u00c7\u00fcnk\u00fc biz o sorunlar\u0131 \u00e7\u00f6zmeye talibiz, \u00e7\u00f6zmek istiyoruz. Siyaseti bunun \u00fczerinden yapaca\u011f\u0131z. Temel hedefimiz bu olacak. Kesinlikle hi\u00e7bir ayr\u0131m yapamayaca\u011f\u0131z. &#8216;Bize oy verdi, vermedi, Oy vermeyenleri cezaland\u0131ral\u0131m&#8217; inanc\u0131&#8230;Etnik kimli\u011fi ne olursa olsun herkesin etnik kimli\u011fi, inanc\u0131 bizim ba\u015f\u0131m\u0131z\u0131n \u00fcst\u00fcnde. Biz herkesi kucaklayaca\u011f\u0131z, halk\u0131n de\u011ferlerine sahip \u00e7\u0131kaca\u011f\u0131z. Halk\u0131n de\u011ferleriyle beraber yolumuza devam edece\u011fiz. \u00c7\u00fcnk\u00fc bazen derler ki &#8216;T\u00fcrkiye muhafazakard\u0131r&#8217; Hay\u0131r, bizim halk\u0131m\u0131z de\u011fi\u015fiklikten, de\u011fi\u015fimden, yeniliklerden yanad\u0131r. Biz bu de\u011fi\u015fimi yakalamaya \u00e7al\u0131\u015f\u0131yoruz.&#8221;<\/p>\n<p style=\"text-align: justify;\">Kurultay\u0131n il g\u00fcn\u00fcnde yapt\u0131\u011f\u0131 konu\u015fmaya ili\u015fkin ele\u015ftirilerin hat\u0131rlat\u0131lmas\u0131 \u00fczerine de K\u0131l\u0131\u00e7daro\u011flu, ele\u015ftirileri \u00f6nemsedi\u011fini, ancak konu\u015fmas\u0131nda halk\u0131n sorunlar\u0131na yer verdi\u011fini vurgulad\u0131. K\u0131l\u0131\u00e7daro\u011flu, &#8220;\u0130lk s\u00f6z\u00fcm\u00fcz halkt\u0131r, son s\u00f6z\u00fcm\u00fcz halkt\u0131r&#8221; dedi.<\/p>\n<p style=\"text-align: justify;\"><span style=\"color: #888888;\">CNN T\u00dcRK<\/span><\/p>\n","protected":false},"excerpt":{"rendered":"<p style=\"text-align: center;\">\n<p style=\"text-align: justify;\">Oy vermek \u00fczere Kurultay salonuna gitmek \u00fczere evden \u00e7\u0131karken konu\u015fan CHP Genel Ba\u015fkan\u0131 Kemal K\u0131l\u0131\u00e7daro\u011flu, Necmettin Erbakan, Devlet Bah\u00e7eli ve S\u00fcleyman Demirel&#8217;in kendisini arayarak tebrik etti\u011fini, Ba\u015fbakan Erdo\u011fan&#8217;\u0131n ise aramad\u0131\u011f\u0131n\u0131 s\u00f6yledi.<\/p>\n","protected":false},"author":1,"featured_media":0,"comment_status":"open","ping_status":"closed","sticky":false,"template":"","format":"standard","meta":{"footnotes":""},"categories":[105],"tags":[],"class_list":["post-22967","post","type-post","status-publish","format-standard","hentry","category-gundem","odd"],"_links":{"self":[{"href":"http:\/\/www.korhanyilmaz.com\/index.php?rest_route=\/wp\/v2\/posts\/22967","targetHints":{"allow":["GET"]}}],"collection":[{"href":"http:\/\/www.korhanyilmaz.com\/index.php?rest_route=\/wp\/v2\/posts"}],"about":[{"href":"http:\/\/www.korhanyilmaz.com\/index.php?rest_route=\/wp\/v2\/types\/post"}],"author":[{"embeddable":true,"href":"http:\/\/www.korhanyilmaz.com\/index.php?rest_route=\/wp\/v2\/users\/1"}],"replies":[{"embeddable":true,"href":"http:\/\/www.korhanyilmaz.com\/index.php?rest_route=%2Fwp%2Fv2%2Fcomments&post=22967"}],"version-history":[{"count":0,"href":"http:\/\/www.korhanyilmaz.com\/index.php?rest_route=\/wp\/v2\/posts\/22967\/revisions"}],"wp:attachment":[{"href":"http:\/\/www.korhanyilmaz.com\/index.php?rest_route=%2Fwp%2Fv2%2Fmedia&parent=22967"}],"wp:term":[{"taxonomy":"category","embeddable":true,"href":"http:\/\/www.korhanyilmaz.com\/index.php?rest_route=%2Fwp%2Fv2%2Fcategories&post=22967"},{"taxonomy":"post_tag","embeddable":true,"href":"http:\/\/www.korhanyilmaz.com\/index.php?rest_route=%2Fwp%2Fv2%2Ftags&post=22967"}],"curies":[{"name":"wp","href":"https:\/\/api.w.org\/{rel}","templated":true}]}}