{"id":22964,"date":"2010-05-23T19:44:19","date_gmt":"2010-05-23T16:44:19","guid":{"rendered":"http:\/\/www.korhanyilmaz.com\/?p=22964"},"modified":"2010-05-23T19:44:19","modified_gmt":"2010-05-23T16:44:19","slug":"kilicdarogluna-recep-bey-tepkisi","status":"publish","type":"post","link":"http:\/\/www.korhanyilmaz.com\/?p=22964","title":{"rendered":"K\u0131l\u0131\u00e7daro\u011flu&#8217;na &#8216;Recep Bey&#8217; tepkisi"},"content":{"rendered":"<p><a href=\"http:\/\/www.korhanyilmaz.com\/wp-content\/uploads\/2010\/05\/ar\u0131nc.jpg\"  class=\"lightview\"><img loading=\"lazy\" decoding=\"async\" class=\"aligncenter size-full wp-image-22965\" src=\"http:\/\/www.korhanyilmaz.com\/wp-content\/uploads\/2010\/05\/ar\u0131nc.jpg\" alt=\"\" width=\"307\" height=\"236\" \/><\/a><\/p>\n<p style=\"text-align: justify;\">Devlet Bakan\u0131 ve Ba\u015fbakan Yard\u0131mc\u0131s\u0131 B\u00fclent Ar\u0131n\u00e7, CHP Genel Ba\u015fkanl\u0131\u011f\u0131na se\u00e7ilen Kemal K\u0131l\u0131\u00e7daro\u011flu&#8217;nu kutlayarak, &#8220;\u0130nan\u0131yoruz ki CHP, Say\u0131n Baykal&#8217;\u0131n CHP&#8217;si olmaktan s\u00fcratle \u00e7\u0131kar&#8221; dedi. Ar\u0131n\u00e7, K\u0131l\u0131\u00e7daro\u011flu&#8217;nun kurultaydaki konu\u015fmas\u0131nnda &#8220;Recep Bey&#8221; ifadesine ise tepki g\u00f6sterdi. AK Parti Genel Ba\u015fkan Yard\u0131mc\u0131s\u0131 H\u00fcseyin \u00c7elik de K\u0131l\u0131\u00e7daro\u011flu&#8217;nun \u00fcslubunu ele\u015ftirererek, &#8220;Anamuhalefet partisinin ba\u015f\u0131na ge\u00e7ecek olan bir insan ilk ad\u0131m\u0131nda bu \u015fekilde sokak jargonuyla konu\u015fmaz&#8221; dedi.<!--more--><\/p>\n<p style=\"text-align: justify;\">KKTC&#8217;de bulunan Ar\u0131n\u00e7, gazetecilerin CHP kurultay\u0131na ili\u015fkin sorusu \u00fczerine, K\u0131l\u0131\u00e7daro\u011flu&#8217;nu \u00f6nemli bir siyasi partinin genel ba\u015fkanl\u0131\u011f\u0131n\u0131 kazanm\u0131\u015f olmas\u0131ndan dolay\u0131 kutlayarak, ba\u015far\u0131lar diledi.<\/p>\n<p style=\"text-align: justify;\">Ar\u0131n\u00e7, &#8220;\u0130nan\u0131yoruz ki CHP, Say\u0131n Baykal&#8217;\u0131n CHP&#8217;si olmaktan s\u00fcratle olmaktan \u00e7\u0131kar ve \u00f6zg\u00fcrl\u00fck\u00e7\u00fc bir parti, ger\u00e7ekten sosyal bir demokrat bir parti olarak yoluna devam eder&#8221; dedi.<\/p>\n<p style=\"text-align: justify;\">T\u00fcm siyasiler i\u00e7in temennilerinin ba\u015far\u0131l\u0131 olmas\u0131 oldu\u011funu kaydeden Ar\u0131n\u00e7, &#8220;Say\u0131n K\u0131l\u0131\u00e7daro\u011flu&#8217;nu da \u00f6nemli bir siyasi partinin Genel Ba\u015fkanl\u0131\u011f\u0131n\u0131 kazanm\u0131\u015f olmas\u0131ndan dolay\u0131, kendilerini kutluyorum ve ba\u015far\u0131lar diliyorum&#8221; dedi.<\/p>\n<p style=\"text-align: justify;\">&#8220;Bizim ge\u00e7mi\u015fte de s\u00f6ylemlerimiz bunun \u015fahididir; CHP&#8217;nin bask\u0131c\u0131, dayatmac\u0131, totaliter bir d\u00fc\u015f\u00fcnceden yana oldu\u011fu, T\u00fcrkiye&#8217;nin AB hedefinden ve T\u00fcrkiye&#8217;nin demokratikle\u015fmesi ve \u00f6zg\u00fcrle\u015fmesi noktas\u0131nda h\u0131zla uzakla\u015ft\u0131\u011f\u0131n\u0131 tespit ediyorduk. CHP&#8217;de bir de\u011fi\u015fim ve d\u00f6n\u00fc\u015f\u00fcm ihtiyac\u0131n\u0131n oldu\u011funu g\u00f6r\u00fcyorduk&#8221; diyen Ar\u0131n\u00e7, \u015f\u00f6yle devam etti:<\/p>\n<p style=\"text-align: justify;\">&#8220;Umar\u0131m ki, Say\u0131n K\u0131l\u0131\u00e7daro\u011flu ve ekibi CHP&#8217;yi 1930&#8217;lar\u0131n 40&#8217;lar\u0131n partisi olmaktan, o zaman\u0131n\u0131n d\u00fc\u015f\u00fcncelerinin, skolastik d\u00fc\u015f\u00fcncelerinin esiri olmaktan kurtar\u0131r, daha \u00e7ok halktan yana, birey odakl\u0131, demokrasiyi \u00f6z\u00fcmsemi\u015f, \u00f6zg\u00fcrl\u00fckleri daha da geni\u015fletme ihtiyac\u0131nda olan, AB&#8217;nin hukuk ve demokrasi standard\u0131na daha \u00e7ok kucak a\u00e7an bir CHP getirme konusunda muvaffak olurlarlar. Bizim temenimiz budur. Anamuhalefet partisi g\u00fc\u00e7l\u00fc olsun ki iktidar da \u00e7ok daha g\u00fc\u00e7l\u00fc olabilsin ve hizmetlerini \u00e7ok daha m\u00fckemmel yapabilsin.&#8221;<\/p>\n<p style=\"text-align: justify;\">Sadece iktidar partilerinin bulundu\u011fu rejimlere demokrasinin denemeyece\u011fini, demokrasinin olmas\u0131 i\u00e7in muhalefete mutlaka ihtiya\u00e7 oldu\u011funu kaydeden Ar\u0131n\u00e7, &#8220;Biz muhalefet partilerinin varl\u0131\u011f\u0131ndan endi\u015fe duymay\u0131z, bunlardan memnun oluruz&#8230; Ciddi bir muhalefet partisinin, T\u00fcrkiye&#8217;nin demokrasi a\u00e7\u0131\u011f\u0131n\u0131 kapatma noktas\u0131nda b\u00fct\u00fcn partilerden daha ileri noktada olabilecek bir partinin mevcudiyeti bizi ancak memnun eder&#8221; dedi.<\/p>\n<p style=\"text-align: justify;\"><strong>&#8220;Recep Bey ifadesi&#8221; <\/strong><\/p>\n<p style=\"text-align: justify;\">B\u00fclent Ar\u0131n\u00e7, K\u0131l\u0131\u00e7daro\u011flu&#8217;nun Kurultaydaki konu\u015fmas\u0131n\u0131n ele\u015ftirilecek \u00e7ok y\u00f6nleri oldu\u011funu, ama buna gerek duymad\u0131klar\u0131n\u0131 dile getirerek, konu\u015fmas\u0131nda ge\u00e7en &#8220;Recep Bey&#8221; ifadesinin &#8220;Biraz k\u00fc\u00e7\u00fclt\u00fcc\u00fc bir ifade oldu\u011funu&#8221; s\u00f6yledi.<\/p>\n<p style=\"text-align: justify;\">Ar\u0131n\u00e7, &#8220;(Recep Bey) konu\u015fmas\u0131, kendi ifadesi ile &#8216;ismini s\u00f6yledim&#8217; diyor ama genelde anla\u015f\u0131ld\u0131\u011f\u0131 kadar\u0131yla biraz k\u00fc\u00e7\u00fclt\u00fcc\u00fc bir ifade \u015feklinde konu\u015fulmu\u015f. E\u011fer b\u00f6yle bir ama\u00e7 ta\u015f\u0131yorsa bu \u00e7ok yanl\u0131\u015ft\u0131r. Kimse hakk\u0131nda k\u00fc\u00e7\u00fclt\u00fcc\u00fc olmak do\u011fru de\u011fil. Biz siyaset\u00e7iler birbirimize hitap ederken ya say\u0131n genel ba\u015fkan ya say\u0131n soyad\u0131n\u0131 s\u00f6yleyerek hitap ediyoruz. Meclis konu\u015fmalar\u0131nda da \u0130\u00e7t\u00fcz\u00fc\u011f\u00fcm\u00fcz bunu emrediyor. Say\u0131n diye ba\u015flayarak temiz bir dille konu\u015fmak mecburiyetindeyiz. Ama bir Kurultay heyecan\u0131 i\u00e7erisinde belki delegeleri etkilemek ad\u0131na, ele\u015ftirilerini yapmak i\u00e7in b\u00f6yle bir \u00fcslubu se\u00e7mi\u015f olabilir&#8221; diye konu\u015ftu.<\/p>\n<p style=\"text-align: justify;\">Genel ba\u015fkanlar\u0131n s\u00f6yledikleri veya konu\u015ftuklar\u0131 de\u011fil partinin hangi zihniyete ve hangi istikamete d\u00f6nece\u011finin \u00e7ok daha \u00f6nemli oldu\u011funu vurgulayan Ar\u0131n\u00e7, &#8220;\u0130nan\u0131yoruz ki CHP, Say\u0131n Baykal&#8217;\u0131n CHP&#8217;si olmaktan s\u00fcratle \u00e7\u0131kar ve \u00f6zg\u00fcrl\u00fck\u00e7\u00fc bir parti, ger\u00e7ekten sosyal bir demokrat bir parti olarak yoluna devam eder. Bizim takip edece\u011fimiz budur. \u015eah\u0131slardan ziyade bu t\u00fczel ki\u015fili\u011fin bunda sonra nas\u0131l bir demokrasi sava\u015f\u0131 verece\u011fi konusu bizi \u00e7ok daha yak\u0131ndan ilgilendiriyor&#8221; dedi.<\/p>\n<p style=\"text-align: justify;\"><strong>H\u00fcseyin \u00c7elik: &#8220;Sokak jargonuyla konu\u015fmaz&#8221; <\/strong><\/p>\n<p style=\"text-align: justify;\">AK Parti Genel Ba\u015fkan Yard\u0131mc\u0131s\u0131 H\u00fcseyin \u00c7elik de, CHP Genel Ba\u015fkan\u0131 Kemal K\u0131l\u0131\u00e7daro\u011flu&#8217;nun kurultayda kulland\u0131\u011f\u0131 s\u00f6ylemle ilgili olarak, &#8220;bu \u00fcslup ger\u00e7ekten \u00e7ok yak\u0131\u015f\u0131ks\u0131z bir \u00fcsluptur, \u00e7ok yad\u0131rgay\u0131c\u0131 bir \u00fcsluptur. Anamuhalefet partisinin ba\u015f\u0131na ge\u00e7ecek olan bir insan ilk ad\u0131m\u0131nda bu \u015fekilde sokak jargonuyla konu\u015fmaz&#8221; dedi.<\/p>\n<p style=\"text-align: justify;\">H\u00fcseyin \u00c7elik, CHP 33. Ola\u011fan Kurultay\u0131&#8217;na ili\u015fkin sorular\u0131n\u0131 yan\u0131tlad\u0131.<\/p>\n<p style=\"text-align: justify;\">Genel Ba\u015fkanl\u0131\u011f\u0131 se\u00e7ilen Kemal K\u0131l\u0131\u00e7daro\u011flu&#8217;nu kutlayan ve &#8220;hay\u0131rl\u0131 olsun&#8221; temennisinde bulunan \u00c7elik, ancak kamuoyunun bilmesi gereken bir konu oldu\u011funu s\u00f6yleyerek \u015funlar\u0131 kaydetti: &#8220;Bu kurultay i\u00e7in AK Parti&#8217;ye davetiye gelmedi. B\u00fct\u00fcn partiler kongrelerini yapt\u0131klar\u0131 zaman di\u011fer partileri davet ederler. Siyasi nezaket gere\u011fi olarak da bu davete icabet edilir. AK Parti&#8217;den orada kimseyi g\u00f6rmeyenler, belki ni\u00e7in gidilmedi diye yad\u0131rgam\u0131\u015f olabilirler ama biliyorsunuz ki insan davet edilmedi\u011fi yere gidemez. CHP&#8217;nin ba\u015f\u0131na kimin gelece\u011fi, kimin genel ba\u015fkan olaca\u011f\u0131 tabii ki CHP&#8217;lilerin taktiridir. Biz meselenin o boyutuyla ilgilenmiyoruz. Say\u0131n K\u0131l\u0131\u00e7daro\u011flu se\u00e7ildi. Kendilerine siyasi hayatlar\u0131nda ba\u015far\u0131lar diliyoruz. Parti Meclisi de se\u00e7ilecek. Bu da kendi i\u00e7 meseleleri. Fakat \u015fu hususa dikkat \u00e7ekmek istiyorum; AK Parti&#8217;ye CHP Kurultay\u0131 i\u00e7in bir davetiye g\u00f6nderilmemi\u015ftir ve davetiye g\u00f6nderilmedi\u011fi i\u00e7in de kurultaya gidilmesi s\u00f6z konusu olmam\u0131\u015ft\u0131r.&#8221;<\/p>\n<p style=\"text-align: justify;\">\u00c7elik, Kemal K\u0131l\u0131\u00e7daro\u011flu&#8217;nun Kurultaydaki (Recep Bey) s\u00f6ylemi konusuna ili\u015fkin soruya, &#8220;Do\u011frusunu isterseniz bu \u00fcslup ger\u00e7ekten \u00e7ok yak\u0131\u015f\u0131ks\u0131z bir \u00fcsluptur, \u00e7ok yad\u0131rgay\u0131c\u0131 bir \u00fcsluptur. Anamuhalefet partisinin ba\u015f\u0131na ge\u00e7ecek olan bir insan ilk ad\u0131m\u0131nda bu \u015fekilde sokak jargonuyla konu\u015fmaz. Sonu\u00e7ta insanlar\u0131n anlad\u0131\u011f\u0131 dilden konu\u015fmak, onlara hitap etmek bir siyaset\u00e7i i\u00e7in ek bir avantaj olabilir ama \u00fclkenin ba\u015fbakan\u0131na &#8216;say\u0131n ba\u015fbakan&#8217; demeyi bile fazla g\u00f6ren bu zihniyet \u00f6zellikle so\u011fuk sava\u015f d\u00f6nemlerindeki siyaset anlay\u0131\u015f\u0131n\u0131 \u00e7a\u011fr\u0131\u015ft\u0131r\u0131yor&#8221; kar\u015f\u0131l\u0131\u011f\u0131n\u0131 verdi.<\/p>\n<p style=\"text-align: justify;\">S\u00fcleyman Demirel&#8217;in, B\u00fclent Ecevit&#8217;e &#8216;h\u00fck\u00fcmetin ba\u015f\u0131&#8217; diyerek hitap etti\u011fini an\u0131msatan \u00c7elik, TBMM&#8217;de baz\u0131 milletvekillerinin Cumhurba\u015fkan\u0131 Abdullah G\u00fcl i\u00e7in &#8220;Abdullah G\u00fcl&#8221;, Ba\u015fbakan Recep Tayyip Erdo\u011fan i\u00e7in &#8220;Tayyip Erdo\u011fan&#8221; dediklerini belirtti.<\/p>\n<p style=\"text-align: justify;\">\u00c7elik, \u015f\u00f6yle devam etti: &#8220;\u015eimdi Say\u0131n K\u0131l\u0131\u00e7daro\u011flu bunu biraz daha ileri g\u00f6t\u00fcrerek &#8216;Recep Bey, Recep Bey&#8217; diyor. Yani sokaktaki herhangi bir vatanda\u015ftan s\u00f6z eder gibi ya da herhangi bir devlet memurundan, Ahmet&#8217;ten, Mehmet&#8217;ten s\u00f6z eder gibi bir \u00fcslup tercih etti. Say\u0131n K\u0131l\u0131\u00e7daro\u011flu&#8217;nun bu \u015fekilde hitap etmesi Say\u0131n Ba\u015fbakan&#8217;a bir \u015fey kaybettirmez. Say\u0131n Ba\u015fbakan, &#8216;d\u00fcnyan\u0131n en etkili 17. ki\u015fisi&#8217; se\u00e7ilmi\u015ftir. B\u00fct\u00fcn d\u00fcnyada, do\u011fuda, bat\u0131da, kuzeyde, g\u00fcneyde etkinli\u011fi olan, tan\u0131n\u0131rl\u0131\u011f\u0131 olan, T\u00fcrkiye ad\u0131na sayg\u0131nl\u0131k uyand\u0131ran bir insana kendi \u00fclkesindeki bir siyasi parti liderinin &#8216;Say\u0131n Ba\u015fbakan&#8217; demeyi bile kendince \u00e7ok g\u00f6rmesi ve adeta &#8216;Recep Bey&#8217; diyerek kendince O&#8217;nu s\u0131radanla\u015ft\u0131rmaya \u00e7al\u0131\u015fmas\u0131 \u00e7ok yad\u0131rgay\u0131c\u0131 bir \u015feydir. Biz bug\u00fcne kadar Deniz Baykal&#8217;a &#8216;Say\u0131n Baykal&#8217; dedik. Bu tarz, herkes taraf\u0131ndan kabul edilmi\u015f ve benimsenmi\u015f bir tarzd\u0131r. Bunu sanki hi\u00e7 bilmiyormu\u015f gibi bunun tamamen d\u0131\u015f\u0131nda bir s\u00f6ylem kullanmas\u0131 sokak jargonuna \u00f6nem verece\u011fi anlam\u0131na geliyor. Bu da son derece yak\u0131\u015f\u0131ks\u0131z.&#8221;<\/p>\n<p style=\"text-align: justify;\"><strong>&#8220;Herkes boyunun \u00f6l\u00e7\u00fcs\u00fcn\u00fc alacak&#8221; <\/strong><\/p>\n<p style=\"text-align: justify;\">&#8220;CHP e\u011fer ger\u00e7ekten zihniyetini de\u011fi\u015ftirirse, o her \u015feyi inkar eden, her \u015feyi elinin tersiyle reddeden, &#8216;hay\u0131r olmaz&#8217; diyen, &#8216;yapt\u0131rmay\u0131z&#8217; diyen, stat\u00fckonun bek\u00e7ili\u011fini yapan tavr\u0131n\u0131 s\u00fcrd\u00fcr\u00fcrse hi\u00e7 kusura bakmas\u0131nlar CHP&#8217;nin ba\u015f\u0131na kim gelirse gelsin bir anlam ifade etmez&#8221; diyen \u00c7elik, &#8220;1978 model, her taraf\u0131 d\u00f6k\u00fclen bir araba d\u00fc\u015f\u00fcn\u00fcn, siz onun ba\u015f\u0131na, kaptanl\u0131\u011f\u0131na F1 pilotu Schumacher&#8217;i getiriyorsunuz&#8230; Bir \u015fey ifade eder mi? CHP bir zihniyet devrimi yaparsa, CHP ger\u00e7ek anlamda halk\u0131n, milletin partisi olursa bir anlam ifade eder. Aksi taktirde bir anlam ifade etmez&#8221; de\u011ferlendirmesinde bulundu.<\/p>\n<p style=\"text-align: justify;\">\u00c7elik, &#8220;Say\u0131n K\u0131l\u0131\u00e7daro\u011flu &#8216;Say\u0131n Ba\u015fbakan benden \u00fcrkmesin, korksun, iktidara y\u00fcr\u00fcm\u00fcyoruz, ko\u015fuyoruz&#8217; diyor. Siz \u015fans tan\u0131yor musunuz Say\u0131n K\u0131l\u0131\u00e7daro\u011flu&#8217;na?&#8221; \u015feklindeki soruya &#8220;Say\u0131n Ba\u015fbakan benden \u00fcrkmesin, korksun&#8217; diyor. Bu bile kesinlikle \u015f\u0131k olmayan, kesinlikle sokak a\u011fz\u0131yla, sokak jargonuyla bir konu\u015fmad\u0131r&#8221; yan\u0131t\u0131n\u0131 verdi.<\/p>\n<p style=\"text-align: justify;\">H\u00fcseyin \u00c7elik, &#8220;Demokrasilerde kimse kimseden korkmaz. Halk\u0131n iradesi kar\u015f\u0131s\u0131nda herkesin boynu k\u0131ldan incedir. Sonu\u00e7ta se\u00e7imlerde herkes boyunun \u00f6l\u00e7\u00fcs\u00fcn\u00fc alacak. Say\u0131n Ba\u015fbakan neden korksun ki Say\u0131n K\u0131l\u0131\u00e7daro\u011flu&#8217;ndan? Say\u0131n Ba\u015fbakan\u0131m\u0131z, O&#8217;nun a\u011fas\u0131ndan da korkmad\u0131. Yani Say\u0131n Baykal&#8217;dan da korkmad\u0131. Biz onlardan \u00f6ncekilerden de korkmad\u0131k. Say\u0131n K\u0131l\u0131\u00e7daro\u011flu&#8217;ndan da hi\u00e7 korkmuyoruz&#8221; diye konu\u015ftu.<\/p>\n<p style=\"text-align: justify;\"><strong>Akda\u011f: &#8220;Balon fenomeni&#8221; <\/strong><\/p>\n<p style=\"text-align: justify;\">Sa\u011fl\u0131k Bakan\u0131 Recep Akda\u011f, &#8220;CHP&#8217;nin misyonu, ceberrut bir devlet anlay\u0131\u015f\u0131d\u0131r. Milletin iradesinin \u00fcst\u00fcnde militarist, b\u00fcrokratik ya da hakim vesayeti g\u00f6ren bir devlet anlay\u0131\u015f\u0131d\u0131r. CHP&#8217;ye g\u00f6re bu kurulu\u015flar ve kurumlar halk\u0131n \u00fczerindedir. Onun i\u00e7in de\u011fi\u015femezler. De\u011fi\u015fme \u015fanslar\u0131 yok&#8221; dedi.<\/p>\n<p style=\"text-align: justify;\">Akda\u011f, AK Parti Afyonkarahisar \u0130l Ba\u015fkanl\u0131\u011f\u0131nca Erkmen beldesinde d\u00fczenlenen &#8220;T\u00fcrkiye Bulu\u015fmalar\u0131&#8221; toplant\u0131s\u0131na kat\u0131larak bir konu\u015fma yapt\u0131.<\/p>\n<p style=\"text-align: justify;\">Bakan Akda\u011f, CHP Genel Ba\u015fkan\u0131 Kemal K\u0131l\u0131\u00e7daro\u011flu&#8217;nun, &#8220;ba\u015f\u00f6rt\u00fcs\u00fc yasas\u0131&#8221; olarak bilinen Anayasa de\u011fi\u015fikli\u011fi ile ilgili g\u00f6r\u00fc\u015fmelere ili\u015fkin &#8220;411 el kaosa kalkt\u0131&#8221; dedi\u011fini ifade ederek s\u00f6zlerini \u015f\u00f6yle s\u00fcrd\u00fcrd\u00fc: &#8220;MHP ve AK Parti milletvekillerinden olu\u015fan 411 ki\u015finin bu \u00fclkede kad\u0131n\u0131m\u0131za kar\u015f\u0131 yap\u0131lan zul\u00fcmlerden dolay\u0131 yap\u0131lan bir anayasa de\u011fi\u015fikli\u011fi ile ilgili &#8216;411 el kaosa kalkt\u0131&#8217; diyen, bug\u00fcn kendisini balon gibi \u015fi\u015firen o bas\u0131na &#8216;ben milletin ve halk\u0131n iradesine o g\u00fcnk\u00fc parti y\u00f6netiminin b\u00fcy\u00fck haks\u0131zl\u0131k yapt\u0131\u011f\u0131na inan\u0131yor ve halk\u0131mdan \u00f6z\u00fcr diliyorum&#8217; desin ki biz onun bug\u00fcnk\u00fc vitrin duru\u015funa belki inanmaya ba\u015flar\u0131z.&#8221;<\/p>\n<p style=\"text-align: justify;\">CHP&#8217;nin misyonunun, &#8220;Millet iradesinin \u00fczerinde vesayet g\u00f6ren bir devlet anlay\u0131\u015f\u0131&#8221; oldu\u011funu iddia eden Bakan Akda\u011f, \u015f\u00f6yle dedi: &#8220;CHP&#8217;nin misyonu ceberrut bir devlet anlay\u0131\u015f\u0131d\u0131r. Milletin iradesinin \u00fcst\u00fcnde militarist, b\u00fcrokratik ya da hakim vesayeti g\u00f6ren bir devlet anlay\u0131\u015f\u0131d\u0131r. CHP&#8217;ye g\u00f6re bu kurulu\u015flar ve kurumlar, halk\u0131n \u00fczerindedir. Onun i\u00e7in de\u011fi\u015femezler. De\u011fi\u015fme \u015fanslar\u0131 yok. Zihniyet de\u011fi\u015fmeden de ki\u015filerin de\u011fi\u015fmesi hi\u00e7 \u00f6nemli de\u011fildir.&#8221;<\/p>\n<p style=\"text-align: justify;\">CHP Genel Ba\u015fkan\u0131 Kemal K\u0131l\u0131\u00e7daro\u011flu&#8217;na, medyan\u0131n verdi\u011fi deste\u011fe i\u015faret ederek &#8220;Ortada bir balon fenomeni var&#8221; diyen Recep Akda\u011f, bas\u0131n\u0131n bir ki\u015fiyi &#8220;\u015fi\u015firdi\u011fini&#8217; ileri s\u00fcrd\u00fc.<\/p>\n<p style=\"text-align: justify;\">Akda\u011f, &#8220;Onun da ayaklar\u0131 kesildi hemen. Bir balonun bir i\u011fnelik, bir dikenlik can\u0131 vard\u0131r. K\u0131l\u0131\u00e7daro\u011flu dikkat etsin, hi\u00e7bir g\u00fcl bah\u00e7esinin yan\u0131ndan ge\u00e7mesin. \u00c7\u00fcnk\u00fc o g\u00fcl bah\u00e7elerinin dikenleri var&#8221; diye konu\u015ftu.<\/p>\n<p style=\"text-align: justify;\"><span style=\"color: #888888;\">CNN T\u00dcRK<\/span><\/p>\n","protected":false},"excerpt":{"rendered":"<\/p>\n<p style=\"text-align: justify;\">Devlet Bakan\u0131 ve Ba\u015fbakan Yard\u0131mc\u0131s\u0131 B\u00fclent Ar\u0131n\u00e7, CHP Genel Ba\u015fkanl\u0131\u011f\u0131na se\u00e7ilen Kemal K\u0131l\u0131\u00e7daro\u011flu&#8217;nu kutlayarak, &#8220;\u0130nan\u0131yoruz ki CHP, Say\u0131n Baykal&#8217;\u0131n CHP&#8217;si olmaktan s\u00fcratle \u00e7\u0131kar&#8221; dedi. Ar\u0131n\u00e7, K\u0131l\u0131\u00e7daro\u011flu&#8217;nun kurultaydaki konu\u015fmas\u0131nnda &#8220;Recep Bey&#8221; ifadesine ise tepki g\u00f6sterdi. AK Parti Genel Ba\u015fkan Yard\u0131mc\u0131s\u0131 H\u00fcseyin \u00c7elik de K\u0131l\u0131\u00e7daro\u011flu&#8217;nun \u00fcslubunu ele\u015ftirererek, &#8220;Anamuhalefet partisinin ba\u015f\u0131na ge\u00e7ecek olan bir insan <\/p>\n","protected":false},"author":1,"featured_media":0,"comment_status":"open","ping_status":"closed","sticky":false,"template":"","format":"standard","meta":{"footnotes":""},"categories":[105],"tags":[],"class_list":["post-22964","post","type-post","status-publish","format-standard","hentry","category-gundem","odd"],"_links":{"self":[{"href":"http:\/\/www.korhanyilmaz.com\/index.php?rest_route=\/wp\/v2\/posts\/22964","targetHints":{"allow":["GET"]}}],"collection":[{"href":"http:\/\/www.korhanyilmaz.com\/index.php?rest_route=\/wp\/v2\/posts"}],"about":[{"href":"http:\/\/www.korhanyilmaz.com\/index.php?rest_route=\/wp\/v2\/types\/post"}],"author":[{"embeddable":true,"href":"http:\/\/www.korhanyilmaz.com\/index.php?rest_route=\/wp\/v2\/users\/1"}],"replies":[{"embeddable":true,"href":"http:\/\/www.korhanyilmaz.com\/index.php?rest_route=%2Fwp%2Fv2%2Fcomments&post=22964"}],"version-history":[{"count":0,"href":"http:\/\/www.korhanyilmaz.com\/index.php?rest_route=\/wp\/v2\/posts\/22964\/revisions"}],"wp:attachment":[{"href":"http:\/\/www.korhanyilmaz.com\/index.php?rest_route=%2Fwp%2Fv2%2Fmedia&parent=22964"}],"wp:term":[{"taxonomy":"category","embeddable":true,"href":"http:\/\/www.korhanyilmaz.com\/index.php?rest_route=%2Fwp%2Fv2%2Fcategories&post=22964"},{"taxonomy":"post_tag","embeddable":true,"href":"http:\/\/www.korhanyilmaz.com\/index.php?rest_route=%2Fwp%2Fv2%2Ftags&post=22964"}],"curies":[{"name":"wp","href":"https:\/\/api.w.org\/{rel}","templated":true}]}}