{"id":22957,"date":"2010-05-23T10:45:33","date_gmt":"2010-05-23T07:45:33","guid":{"rendered":"http:\/\/www.korhanyilmaz.com\/?p=22957"},"modified":"2026-01-27T21:56:53","modified_gmt":"2026-01-27T18:56:53","slug":"meclisi-yogun-bir-gundem-bekliyor","status":"publish","type":"post","link":"http:\/\/www.korhanyilmaz.com\/?p=22957","title":{"rendered":"Meclis&#8217;i yo\u011fun bir g\u00fcndem bekliyor"},"content":{"rendered":"<p><img loading=\"lazy\" decoding=\"async\" class=\"aligncenter wp-image-2093211\" src=\"http:\/\/www.korhanyilmaz.com\/wp-content\/uploads\/2010\/05\/tbmm-meclis-aa-1724495.jpg\" alt=\"\" width=\"400\" height=\"225\" \/><\/p>\n<p style=\"text-align: justify;\">Meclis, Anayasa maratonundan sonra ara verdi\u011fi \u00e7al\u0131\u015fmalar\u0131na bu hafta yo\u011fun bir g\u00fcndemle devam edecek.<\/p>\n<p style=\"text-align: justify;\">TBMM Genel Kurulu, Anayasa de\u011fi\u015fikli\u011finden sonra yakla\u015f\u0131k 18 g\u00fcnl\u00fck tatilin ard\u0131ndan denetimle \u00e7al\u0131\u015fmaya ba\u015flayacak. <!--more--><\/p>\n<p style=\"text-align: justify;\">Genel kurulda, 25 May\u0131s Sal\u0131 g\u00fcn\u00fc, Milli E\u011fitim Bakan\u0131 Nimet \u00c7ubuk\u00e7u 1 saat s\u00fcreyle milletvekillerinin s\u00f6zl\u00fc sorular\u0131n\u0131 yan\u0131tlayacak.<\/p>\n<p style=\"text-align: justify;\">Daha sonra genel kurulda, AK Parti Grup Ba\u015fkanvekili ve Kayseri Milletvekili Mustafa Elita\u015f&#8217;\u0131n, Kooperatifler Kanunu&#8217;nda de\u011fi\u015fiklik yap\u0131lmas\u0131n\u0131 i\u00e7eren yasa teklifi g\u00f6r\u00fc\u015fmelerine ba\u015flanacak.<\/p>\n<p style=\"text-align: justify;\">Teklif, ortak say\u0131s\u0131 binden fazla olan kooperatiflerde genel kurul toplant\u0131lar\u0131n\u0131n &#8220;gizli oy, a\u00e7\u0131k tasnif&#8221; esas\u0131na g\u00f6re yap\u0131lmas\u0131n\u0131 i\u00e7eriyor.<\/p>\n<p style=\"text-align: justify;\">Bu teklifin yasala\u015fmas\u0131n\u0131n ard\u0131ndan &#8220;Veteriner Hizmetleri, Bitki Sa\u011fl\u0131\u011f\u0131, G\u0131da ve Yem Kanunu Tasar\u0131s\u0131&#8221; ele al\u0131nacak. AB ile y\u00fcr\u00fct\u00fclen m\u00fczakereler \u00e7er\u00e7evesinde yasala\u015ft\u0131r\u0131lmas\u0131 \u00f6ng\u00f6r\u00fclen tasar\u0131, temel kanun olarak \u00fc\u00e7 b\u00f6l\u00fcmde g\u00f6r\u00fc\u015f\u00fclecek.<\/p>\n<p style=\"text-align: justify;\">Tasar\u0131yla, dam\u0131zl\u0131k, yar\u0131\u015f ve g\u00f6steri ama\u00e7l\u0131 hayvanlar\u0131n belgelendirilmesi zorunlu tutulacak. Veteriner sa\u011fl\u0131k \u00fcr\u00fcnlerinin ambalaj\u0131nda, sat\u0131\u015f fiyat\u0131n\u0131n belirtilmesi zorunlu olacak.<\/p>\n<p style=\"text-align: justify;\">Bakanl\u0131k, sat\u0131\u015f fiyatlar\u0131na belirli ko\u015fullarda m\u00fcdahale edebilecek. Bakanl\u0131k\u00e7a belirlenen bitki, bitkisel \u00fcr\u00fcn ve di\u011fer maddelerin dola\u015f\u0131m\u0131nda, bitki pasaportu bulundurulacak. Hayvanlar\u0131n kesimi veya itlaf\u0131, hayvanlarda heyecan, ac\u0131 ve \u0131st\u0131rap olu\u015fturmadan, uygun ara\u00e7larla yap\u0131lacak, belirli ko\u015fullar d\u0131\u015f\u0131nda hayvanlara \u00f6tanazi yap\u0131lmayacak.<\/p>\n<p style=\"text-align: justify;\">G\u0131da veya yem \u00fcreten i\u015fletmeler, konuyla ilgili lisans e\u011fitimi alm\u0131\u015f en az bir personel \u00e7al\u0131\u015ft\u0131racak. Bakanl\u0131k, canl\u0131 hayvan, hayvansal \u00fcr\u00fcnleriyle bitki, bitkisel \u00fcr\u00fcn ve ah\u015fap ambalaj malzemelerinin \u00fclkeye giri\u015f yapaca\u011f\u0131 s\u0131n\u0131r kontrol noktalar\u0131 kuracak.<\/p>\n<p style=\"text-align: justify;\">Milletleraras\u0131 Para Fonu ile Milletleraras\u0131 \u0130mar ve Kalk\u0131nma Bankas\u0131&#8217;na Kat\u0131lmak \u0130\u00e7in H\u00fck\u00fcmete Yetki Verilmesine Dair Kanuna Ek Milletleraras\u0131 Para Fonu Ana S\u00f6zle\u015fmesinde De\u011fi\u015fiklik Yap\u0131lmas\u0131na \u0130li\u015fkin Belgelerin Onaylanmas\u0131n\u0131n Uygun Bulundu\u011funa Dair Kanun Tasar\u0131s\u0131n\u0131n da bu hafta yasala\u015fmas\u0131 bekleniyor.<\/p>\n<p style=\"text-align: justify;\">TBMM Genel Kurulu; 25 May\u0131s Sal\u0131 g\u00fcn\u00fc 15.00-20.00, 26 May\u0131s \u00c7ar\u015famba ve 27 May\u0131s Per\u015fembe g\u00fcnleri ise 13.00-20.00 saatleri aras\u0131nda \u00e7al\u0131\u015facak.<\/p>\n<p style=\"text-align: justify;\"><strong>Komisyonlar <\/strong><\/p>\n<p style=\"text-align: justify;\">TBMM&#8217;deki ihtisas ve ara\u015ft\u0131rma komisyonlar\u0131 da g\u00fcndemlerindeki konular\u0131 ele alacak.<\/p>\n<p style=\"text-align: justify;\">Sanayi, Ticaret, Enerji, Tabii Kaynaklar, Bilgi ve Teknoloji Komisyonu, Maden Kanunda de\u011fi\u015fiklik yap\u0131lmas\u0131n\u0131 i\u00e7eren yasa tasar\u0131s\u0131n\u0131 yar\u0131n g\u00f6r\u00fc\u015fecek.<\/p>\n<p style=\"text-align: justify;\">Plan ve B\u00fct\u00e7e Komisyonu, 25 May\u0131s Sal\u0131 g\u00fcn\u00fc, Say\u0131\u015ftay Kanunu teklifinin g\u00f6r\u00fc\u015f\u00fclmeyen maddeleri ile Diyanet \u0130\u015fleri Ba\u015fkanl\u0131\u011f\u0131 Kurulu\u015f ve G\u00f6revleri Hakk\u0131nda Kanun Tasar\u0131s\u0131n\u0131 ele alacak.<\/p>\n<p style=\"text-align: justify;\">Komisyon, 26 Nisan \u00c7ar\u015famba g\u00fcn\u00fc yapaca\u011f\u0131 toplant\u0131da ise 3 ayr\u0131 tasar\u0131y\u0131 g\u00f6r\u00fc\u015fecek. Y\u00fcksek\u00f6\u011fretim Kurumlar\u0131 Te\u015fkilat\u0131 Kanunu ile Baz\u0131 Kanun ve Kanun H\u00fckm\u00fcnde Kararnamelerde De\u011fi\u015fiklik Yap\u0131lmas\u0131na Dair Kanun Tasar\u0131s\u0131; Ankara&#8217;da &#8220;Y\u0131ld\u0131r\u0131m Beyaz\u0131t&#8221;, Bursa&#8217;da &#8220;Bursa Teknik&#8221;, \u0130stanbul&#8217;da &#8220;\u0130stanbul Medeniyet&#8221;, \u0130zmir&#8217;de &#8220;\u0130zmir Turgut Reis&#8221;, Konya&#8217;da &#8220;Konya&#8221;, Kayseri&#8217;de &#8220;Kayseri&#8221;, Erzurum&#8217;da &#8220;Erzurum&#8221; adlar\u0131yla yeni \u00fcniversiteler kurulmas\u0131n\u0131 i\u00e7eriyor.<\/p>\n<p style=\"text-align: justify;\">Genel Kadro ve Usul\u00fc Hakk\u0131nda Kanun H\u00fckm\u00fcnde Kararnamede De\u011fi\u015fiklik Yap\u0131lmas\u0131na Dair Kanun Tasar\u0131s\u0131, Milli E\u011fitim Bakanl\u0131\u011f\u0131na ba\u011fl\u0131 olarak 30 bin \u00f6\u011fretmen kadrosunun ihdas edilmesini, Emniyet Te\u015fkilat\u0131 Kanunu ile Genel Kadro ve Usul\u00fc Hakk\u0131nda Kanun H\u00fckm\u00fcnde Kararnamede De\u011fi\u015fiklik Yap\u0131lmas\u0131na Dair Kanun Tasar\u0131s\u0131 ise polis meslek e\u011fitimine al\u0131nacak erkek ve kad\u0131nlar i\u00e7in 27 olan ya\u015f s\u0131n\u0131r\u0131n\u0131n 28, askerli\u011fini yapm\u0131\u015f erkekler i\u00e7in 29 olan ya\u015f s\u0131n\u0131r\u0131n\u0131n 30 olarak yeniden belirlenmesini, ayr\u0131ca 20 bin polis memuru kadrosu ihdas edilmesini \u00f6ng\u00f6r\u00fcyor.<\/p>\n<p style=\"text-align: justify;\">K\u0130T Komisyonu, denetimlerini s\u00fcrd\u00fcrecek. Komisyon; TMO ile Et ve Bal\u0131k Kurumu&#8217;nun 2008 y\u0131l\u0131 hesaplar\u0131n\u0131 26 May\u0131s \u00c7ar\u015famba, T\u0130GEM ve \u00c7AY-KUR&#8217;un hesaplar\u0131n\u0131 ise 27 May\u0131s Per\u015fembe g\u00fcn\u00fc inceleyecek.<\/p>\n<p style=\"text-align: justify;\">BBP Genel Ba\u015fkan\u0131 ve Sivas Milletvekili Muhsin Yaz\u0131c\u0131o\u011flu ile 5 ki\u015finin hayat\u0131n\u0131 kaybetti\u011fi helikopter kazas\u0131yla ilgili olarak yeniden kurulan Meclis Ara\u015ft\u0131rma Komisyonu, 25 May\u0131s Sal\u0131 g\u00fcn\u00fc yapaca\u011f\u0131 toplant\u0131da, Sivil Havac\u0131l\u0131k Genel M\u00fcd\u00fcrl\u00fc\u011f\u00fc ve Denizcilik M\u00fcste\u015farl\u0131\u011f\u0131 yetkililerini inleyecek.<\/p>\n<p style=\"text-align: justify;\"><span style=\"color: #888888;\">CNN T\u00dcRK<\/span><\/p>\n","protected":false},"excerpt":{"rendered":"<\/p>\n<p style=\"text-align: justify;\">Meclis, Anayasa maratonundan sonra ara verdi\u011fi \u00e7al\u0131\u015fmalar\u0131na bu hafta yo\u011fun bir g\u00fcndemle devam edecek.<\/p>\n<p style=\"text-align: justify;\">TBMM Genel Kurulu, Anayasa de\u011fi\u015fikli\u011finden sonra yakla\u015f\u0131k 18 g\u00fcnl\u00fck tatilin ard\u0131ndan denetimle \u00e7al\u0131\u015fmaya ba\u015flayacak. <\/p>\n","protected":false},"author":1,"featured_media":0,"comment_status":"open","ping_status":"closed","sticky":false,"template":"","format":"standard","meta":{"footnotes":""},"categories":[105],"tags":[],"class_list":["post-22957","post","type-post","status-publish","format-standard","hentry","category-gundem","odd"],"_links":{"self":[{"href":"http:\/\/www.korhanyilmaz.com\/index.php?rest_route=\/wp\/v2\/posts\/22957","targetHints":{"allow":["GET"]}}],"collection":[{"href":"http:\/\/www.korhanyilmaz.com\/index.php?rest_route=\/wp\/v2\/posts"}],"about":[{"href":"http:\/\/www.korhanyilmaz.com\/index.php?rest_route=\/wp\/v2\/types\/post"}],"author":[{"embeddable":true,"href":"http:\/\/www.korhanyilmaz.com\/index.php?rest_route=\/wp\/v2\/users\/1"}],"replies":[{"embeddable":true,"href":"http:\/\/www.korhanyilmaz.com\/index.php?rest_route=%2Fwp%2Fv2%2Fcomments&post=22957"}],"version-history":[{"count":0,"href":"http:\/\/www.korhanyilmaz.com\/index.php?rest_route=\/wp\/v2\/posts\/22957\/revisions"}],"wp:attachment":[{"href":"http:\/\/www.korhanyilmaz.com\/index.php?rest_route=%2Fwp%2Fv2%2Fmedia&parent=22957"}],"wp:term":[{"taxonomy":"category","embeddable":true,"href":"http:\/\/www.korhanyilmaz.com\/index.php?rest_route=%2Fwp%2Fv2%2Fcategories&post=22957"},{"taxonomy":"post_tag","embeddable":true,"href":"http:\/\/www.korhanyilmaz.com\/index.php?rest_route=%2Fwp%2Fv2%2Ftags&post=22957"}],"curies":[{"name":"wp","href":"https:\/\/api.w.org\/{rel}","templated":true}]}}