{"id":22950,"date":"2010-05-22T17:07:51","date_gmt":"2010-05-22T14:07:51","guid":{"rendered":"http:\/\/www.korhanyilmaz.com\/?p=22950"},"modified":"2010-05-22T17:07:51","modified_gmt":"2010-05-22T14:07:51","slug":"kalpazandan-basbakan-olmayacak","status":"publish","type":"post","link":"http:\/\/www.korhanyilmaz.com\/?p=22950","title":{"rendered":"&#8216;Kalpazandan Ba\u015fbakan olmayacak&#8217;"},"content":{"rendered":"<p><a href=\"http:\/\/www.korhanyilmaz.com\/wp-content\/uploads\/2010\/05\/KALPAZAN.jpg\"  class=\"lightview\"><img loading=\"lazy\" decoding=\"async\" class=\"aligncenter size-full wp-image-22951\" src=\"http:\/\/www.korhanyilmaz.com\/wp-content\/uploads\/2010\/05\/KALPAZAN.jpg\" alt=\"\" width=\"320\" height=\"100\" \/><\/a><\/p>\n<p style=\"text-align: justify;\">K\u0131l\u0131\u00e7daro\u011flu, delegelere yapt\u0131\u011f\u0131 te\u015fekk\u00fcr konu\u015fmas\u0131nda Ba\u015fbakan Erdo\u011fan y\u00fcklendi.<\/p>\n<p style=\"text-align: justify;\">Kemal K\u0131l\u0131\u00e7daro\u011flu, 1246 delegenin imzas\u0131yla genel ba\u015fkan aday\u0131 g\u00f6sterildi. K\u0131l\u0131\u00e7daro\u011flu, delegelere yapt\u0131\u011f\u0131 te\u015fekk\u00fcr konu\u015fmas\u0131nda Ba\u015fbakan Erdo\u011fan y\u00fcklendi. <!--more--><\/p>\n<p style=\"text-align: justify;\"><strong>KASIMPA\u015eALI DED\u0130KODU YAPMAZ <\/strong><\/p>\n<p style=\"text-align: justify;\">K\u0131l\u0131\u00e7daro\u011flu, &#8221;Kas\u0131mpa\u015fal\u0131 deikodu ile u\u011fra\u015fmaz&#8221; dedi ve ele\u015ftirilerini \u015f\u00f6yle s\u00fcrd\u00fcrd\u00fc:<\/p>\n<p style=\"text-align: justify;\">Ge\u00e7en Ba\u015fbakan \u00fclkeyi y\u00f6netmekte zorland\u0131 herhalde CHP&#8217;nin i\u00e7 i\u015fleriyle u\u011fra\u015fmaya ba\u015flad\u0131. Benim bildi\u011fim hi\u00e7bir Kas\u0131mpa\u015fal\u0131 dedikoduyla u\u011fra\u015fmaz, Kas\u0131mpa\u015fal\u0131 belden a\u015fa\u011f\u0131 vurmaz.<\/p>\n<p style=\"text-align: justify;\">Kas\u0131mpa\u015fal\u0131 \u00fcnvan\u0131n\u0131 almak da Kas\u0131mpa\u015fal\u0131\u2019n\u0131n g\u00f6revidir. G\u00fcd\u00fcml\u00fc siyaset yap\u0131yorlar. Birileri emir veriyor, bunlar da yerine getiriyor.Biz y\u00f6netece\u011fiz, halkla y\u00f6netece\u011fiz.<\/p>\n<p style=\"text-align: justify;\"><strong>ERDO\u011eAN&#8217;A A\u011eIR G\u00d6NDERME: KALPAZANDAN BA\u015eBAKAN OLMASIN <\/strong><\/p>\n<p style=\"text-align: justify;\">K\u0131l\u0131\u00e7daro\u011flu konu\u015fmas\u0131nda, \u00e7ok a\u011f\u0131r g\u00f6ndermeler yapt\u0131. \u00d6zellikle Ba\u015fbakan Erdo\u011fan ve Ak Parti iktidar\u0131n\u0131n politikalar\u0131n\u0131 ele\u015ftirirken \u00e7ok a\u011f\u0131r bir ifade kulland\u0131. &#8220;Ba\u015fbakan&#8221; ve &#8220;kalpazan&#8221; kelimelerini ayn\u0131 c\u00fcmle i\u00e7inde kulland\u0131.<\/p>\n<p style=\"text-align: justify;\">K\u0131l\u0131\u00e7daro\u011flu, &#8220;Siyasi ahlak yasas\u0131n\u0131 \u00e7\u0131karaca\u011f\u0131z. Parlyamentoda vurguncunun, talanc\u0131n\u0131n, kalpazan\u0131n yeri yoktur. CHP iktidar\u0131nda art\u0131k bu \u00fclkede naylon faturac\u0131dan maliye bakan\u0131, ali dibocudan adalet bakan\u0131, kalpazandan da ba\u015fbakan olmayacak.&#8221;<\/p>\n<p style=\"text-align: justify;\"><span style=\"color: #888888;\">Vatan<\/span><\/p>\n","protected":false},"excerpt":{"rendered":"<\/p>\n<p style=\"text-align: justify;\">K\u0131l\u0131\u00e7daro\u011flu, delegelere yapt\u0131\u011f\u0131 te\u015fekk\u00fcr konu\u015fmas\u0131nda Ba\u015fbakan Erdo\u011fan y\u00fcklendi.<\/p>\n<p style=\"text-align: justify;\">Kemal K\u0131l\u0131\u00e7daro\u011flu, 1246 delegenin imzas\u0131yla genel ba\u015fkan aday\u0131 g\u00f6sterildi. K\u0131l\u0131\u00e7daro\u011flu, delegelere yapt\u0131\u011f\u0131 te\u015fekk\u00fcr konu\u015fmas\u0131nda Ba\u015fbakan Erdo\u011fan y\u00fcklendi. <\/p>\n","protected":false},"author":1,"featured_media":0,"comment_status":"open","ping_status":"closed","sticky":false,"template":"","format":"standard","meta":{"footnotes":""},"categories":[105],"tags":[],"class_list":["post-22950","post","type-post","status-publish","format-standard","hentry","category-gundem","odd"],"_links":{"self":[{"href":"http:\/\/www.korhanyilmaz.com\/index.php?rest_route=\/wp\/v2\/posts\/22950","targetHints":{"allow":["GET"]}}],"collection":[{"href":"http:\/\/www.korhanyilmaz.com\/index.php?rest_route=\/wp\/v2\/posts"}],"about":[{"href":"http:\/\/www.korhanyilmaz.com\/index.php?rest_route=\/wp\/v2\/types\/post"}],"author":[{"embeddable":true,"href":"http:\/\/www.korhanyilmaz.com\/index.php?rest_route=\/wp\/v2\/users\/1"}],"replies":[{"embeddable":true,"href":"http:\/\/www.korhanyilmaz.com\/index.php?rest_route=%2Fwp%2Fv2%2Fcomments&post=22950"}],"version-history":[{"count":0,"href":"http:\/\/www.korhanyilmaz.com\/index.php?rest_route=\/wp\/v2\/posts\/22950\/revisions"}],"wp:attachment":[{"href":"http:\/\/www.korhanyilmaz.com\/index.php?rest_route=%2Fwp%2Fv2%2Fmedia&parent=22950"}],"wp:term":[{"taxonomy":"category","embeddable":true,"href":"http:\/\/www.korhanyilmaz.com\/index.php?rest_route=%2Fwp%2Fv2%2Fcategories&post=22950"},{"taxonomy":"post_tag","embeddable":true,"href":"http:\/\/www.korhanyilmaz.com\/index.php?rest_route=%2Fwp%2Fv2%2Ftags&post=22950"}],"curies":[{"name":"wp","href":"https:\/\/api.w.org\/{rel}","templated":true}]}}